{"id":302715,"date":"2025-08-07T12:09:21","date_gmt":"2025-08-07T12:09:21","guid":{"rendered":"https:\/\/www.europesays.com\/fr\/302715\/"},"modified":"2025-08-07T12:09:21","modified_gmt":"2025-08-07T12:09:21","slug":"fcg-fc-grenoble-rugby-27","status":"publish","type":"post","link":"https:\/\/www.europesays.com\/fr\/302715\/","title":{"rendered":"FCG &#8211; FC Grenoble Rugby"},"content":{"rendered":"<p>Vous l&rsquo;attendiez, bonne nouvelle, il est arriv\u00e9 ! Raffaele Costa-Storti, <a href=\"https:\/\/fcgrugby.com\/fr\/articles\/2025\/06\/26\/raffaele-costa-storti-meilleur-marqueur-d-essai-de-la-saison-23-24-est-grenoblois\" rel=\"nofollow noopener\" target=\"_blank\">qui rejoint le FCG\u00a0pour deux saisons<\/a>, est bien arriv\u00e9 \u00e0 Grenoble aujourd&rsquo;hui, apr\u00e8s avoir pass\u00e9 plusieurs semaines au CERS ! D\u00e9couvrez ses premiers pas en rouge &amp; bleu ce matin \u00e0 Lesdigui\u00e8res, pour pr\u00e9parer la saison 25-26 !\u00a0<\/p>\n<p>\u00a0<\/p>\n<p><img decoding=\"async\" alt=\"\" src=\"https:\/\/www.europesays.com\/fr\/wp-content\/uploads\/2025\/08\/thumb_31880_gallery_image_big.jpeg\" style=\"width:100%\"\/><\/p>\n<p><img decoding=\"async\" alt=\"\" src=\"https:\/\/www.europesays.com\/fr\/wp-content\/uploads\/2025\/08\/thumb_31882_gallery_image_big.jpeg\" style=\"width:100%\"\/>Pour recevoir toutes les infos pratiques li\u00e9es au FCG et aux matchs, abonnez-vous \u00e0 notre <a href=\"http:\/\/eepurl.com\/gsT8Rz\" rel=\"nofollow noopener\" target=\"_blank\">newsletter<\/a>, suivez-nous sur <a href=\"http:\/\/facebook.com\/fcgrugby\" rel=\"nofollow noopener\" target=\"_blank\">facebook<\/a>, <a href=\"https:\/\/x.com\/FCGrugby\" rel=\"nofollow\">X<\/a>, <a href=\"http:\/\/http\/\/instagram.com\/fcgrugby\" rel=\"nofollow\">Instagram<\/a>, <a href=\"https:\/\/www.tiktok.com\/@fcgrugby\" rel=\"nofollow noopener\" target=\"_blank\">TikTok<\/a>, <a href=\"https:\/\/www.youtube.com\/c\/FCGRugbyTV\/videos\" rel=\"nofollow noopener\" target=\"_blank\">Youtube<\/a>, <a href=\"https:\/\/bere.al\/fcgrugby\" rel=\"nofollow noopener\" target=\"_blank\">BeReal<\/a>, et <a href=\"https:\/\/www.linkedin.com\/company\/fc-grenoble-rugby\" rel=\"nofollow noopener\" target=\"_blank\">Linked In<\/a> !\u00a0<\/p>\n<p>\t\t\t\t<script async src=\"\/\/www.instagram.com\/embed.js\"><\/script><script async src=\"\/\/www.tiktok.com\/embed.js\"><\/script><\/p>\n","protected":false},"excerpt":{"rendered":"Vous l&rsquo;attendiez, bonne nouvelle, il est arriv\u00e9 ! Raffaele Costa-Storti, qui rejoint le FCG\u00a0pour deux saisons, est bien&hellip;\n","protected":false},"author":2,"featured_media":302716,"comment_status":"","ping_status":"","sticky":false,"template":"","format":"standard","meta":{"footnotes":""},"categories":[9566],"tags":[1111,11,2430,1777,674,1011,27,2731,12,25],"class_list":{"0":"post-302715","1":"post","2":"type-post","3":"status-publish","4":"format-standard","5":"has-post-thumbnail","7":"category-grenoble","8":"tag-actu","9":"tag-actualites","10":"tag-auvergne-rhone-alpes","11":"tag-eu","12":"tag-europe","13":"tag-fr","14":"tag-france","15":"tag-grenoble","16":"tag-news","17":"tag-republique-francaise"},"share_on_mastodon":{"url":"https:\/\/pubeurope.com\/@fr\/114987411958186603","error":""},"_links":{"self":[{"href":"https:\/\/www.europesays.com\/fr\/wp-json\/wp\/v2\/posts\/302715","targetHints":{"allow":["GET"]}}],"collection":[{"href":"https:\/\/www.europesays.com\/fr\/wp-json\/wp\/v2\/posts"}],"about":[{"href":"https:\/\/www.europesays.com\/fr\/wp-json\/wp\/v2\/types\/post"}],"author":[{"embeddable":true,"href":"https:\/\/www.europesays.com\/fr\/wp-json\/wp\/v2\/users\/2"}],"replies":[{"embeddable":true,"href":"https:\/\/www.europesays.com\/fr\/wp-json\/wp\/v2\/comments?post=302715"}],"version-history":[{"count":0,"href":"https:\/\/www.europesays.com\/fr\/wp-json\/wp\/v2\/posts\/302715\/revisions"}],"wp:featuredmedia":[{"embeddable":true,"href":"https:\/\/www.europesays.com\/fr\/wp-json\/wp\/v2\/media\/302716"}],"wp:attachment":[{"href":"https:\/\/www.europesays.com\/fr\/wp-json\/wp\/v2\/media?parent=302715"}],"wp:term":[{"taxonomy":"category","embeddable":true,"href":"https:\/\/www.europesays.com\/fr\/wp-json\/wp\/v2\/categories?post=302715"},{"taxonomy":"post_tag","embeddable":true,"href":"https:\/\/www.europesays.com\/fr\/wp-json\/wp\/v2\/tags?post=302715"}],"curies":[{"name":"wp","href":"https:\/\/api.w.org\/{rel}","templated":true}]}}