{"id":302717,"date":"2025-08-07T12:10:11","date_gmt":"2025-08-07T12:10:11","guid":{"rendered":"https:\/\/www.europesays.com\/fr\/302717\/"},"modified":"2025-08-07T12:10:11","modified_gmt":"2025-08-07T12:10:11","slug":"feu-de-poubelle-rue-louis-postel-la-facade-des-batiments-municipaux-touchee-2","status":"publish","type":"post","link":"https:\/\/www.europesays.com\/fr\/302717\/","title":{"rendered":"feu de poubelle rue Louis Postel : la fa\u00e7ade des b\u00e2timents municipaux touch\u00e9e"},"content":{"rendered":"<p style=\"text-align: justify;\">Un feu de poubelle s\u2019est d\u00e9clar\u00e9 dans la nuit du 6 au 7 ao\u00fbt, rue Louis Postel. L\u2019incendie, survenu en soir\u00e9e, a atteint la fa\u00e7ade des b\u00e2timents municipaux situ\u00e9s \u00e0 proximit\u00e9. Les sapeurs-pompiers sont intervenus rapidement pour ma\u00eetriser les flammes et s\u00e9curiser la zone. Aucun bless\u00e9 n\u2019est \u00e0 signaler. Une plainte sera d\u00e9pos\u00e9e. L\u2019origine du sinistre reste \u00e0 d\u00e9terminer.<\/p>\n","protected":false},"excerpt":{"rendered":"Un feu de poubelle s\u2019est d\u00e9clar\u00e9 dans la nuit du 6 au 7 ao\u00fbt, rue Louis Postel. L\u2019incendie,&hellip;\n","protected":false},"author":2,"featured_media":302585,"comment_status":"","ping_status":"","sticky":false,"template":"","format":"standard","meta":{"footnotes":""},"categories":[2821],"tags":[1111,11,829,1777,674,1011,27,12,584,25],"class_list":{"0":"post-302717","1":"post","2":"type-post","3":"status-publish","4":"format-standard","5":"has-post-thumbnail","7":"category-rennes","8":"tag-actu","9":"tag-actualites","10":"tag-bretagne","11":"tag-eu","12":"tag-europe","13":"tag-fr","14":"tag-france","15":"tag-news","16":"tag-rennes","17":"tag-republique-francaise"},"share_on_mastodon":{"url":"https:\/\/pubeurope.com\/@fr\/114987415999989051","error":""},"_links":{"self":[{"href":"https:\/\/www.europesays.com\/fr\/wp-json\/wp\/v2\/posts\/302717","targetHints":{"allow":["GET"]}}],"collection":[{"href":"https:\/\/www.europesays.com\/fr\/wp-json\/wp\/v2\/posts"}],"about":[{"href":"https:\/\/www.europesays.com\/fr\/wp-json\/wp\/v2\/types\/post"}],"author":[{"embeddable":true,"href":"https:\/\/www.europesays.com\/fr\/wp-json\/wp\/v2\/users\/2"}],"replies":[{"embeddable":true,"href":"https:\/\/www.europesays.com\/fr\/wp-json\/wp\/v2\/comments?post=302717"}],"version-history":[{"count":0,"href":"https:\/\/www.europesays.com\/fr\/wp-json\/wp\/v2\/posts\/302717\/revisions"}],"wp:featuredmedia":[{"embeddable":true,"href":"https:\/\/www.europesays.com\/fr\/wp-json\/wp\/v2\/media\/302585"}],"wp:attachment":[{"href":"https:\/\/www.europesays.com\/fr\/wp-json\/wp\/v2\/media?parent=302717"}],"wp:term":[{"taxonomy":"category","embeddable":true,"href":"https:\/\/www.europesays.com\/fr\/wp-json\/wp\/v2\/categories?post=302717"},{"taxonomy":"post_tag","embeddable":true,"href":"https:\/\/www.europesays.com\/fr\/wp-json\/wp\/v2\/tags?post=302717"}],"curies":[{"name":"wp","href":"https:\/\/api.w.org\/{rel}","templated":true}]}}