{"id":302718,"date":"2025-08-07T12:11:10","date_gmt":"2025-08-07T12:11:10","guid":{"rendered":"https:\/\/www.europesays.com\/fr\/302718\/"},"modified":"2025-08-07T12:11:10","modified_gmt":"2025-08-07T12:11:10","slug":"ce-que-la-police-retrouve-dans-ses-poches-lenvoie-au-poste","status":"publish","type":"post","link":"https:\/\/www.europesays.com\/fr\/302718\/","title":{"rendered":"ce que la police retrouve dans ses poches l&rsquo;envoie au poste"},"content":{"rendered":"<p>            Par<br \/>\n        <strong><br \/>\n            <a href=\"https:\/\/actu.fr\/auteur\/laurene-fertin\" title=\"Consulter tous les articles de Laur\u00e8ne Fertin\" rel=\"nofollow noopener\" target=\"_blank\">Laur\u00e8ne Fertin<\/a><br \/>\n        <\/strong><\/p>\n<p>        Publi\u00e9 le<\/p>\n<p>            7 ao\u00fbt 2025 \u00e0 14h05        <\/p>\n<p>Un jeune homme de <strong>25\u00a0ans<\/strong> s\u2019est enfui <strong>d\u2019une boulangerie<\/strong> situ\u00e9e dans la rue Saint-H\u00e9lier, \u00e0 Rennes. Les faits se sont d\u00e9roul\u00e9s<strong> dans la nuit<\/strong> du samedi\u00a02 au dimanche 3\u00a0ao\u00fbt 2025, \u00e0 2h30.<\/p>\n<p>Une passante appelle la police<\/p>\n<p class=\" wall-content\">Selon la police, contact\u00e9e par <a href=\"https:\/\/actu.fr\/rennes\/\" rel=\"nofollow noopener\" target=\"_blank\">actu Rennes<\/a>, confirmant une information de <a href=\"https:\/\/www.rennes-infos-autrement.fr\/103906-2\/?fbclid=IwY2xjawMAT1pleHRuA2FlbQIxMABicmlkETFJRmhRclNXRldnd2dxaTdEAR4tsatUWf0y4vt8HYLCfbK20X2W65NyUoViTms5e3JHiFNMV2mU5IV9-6jtYg_aem_3O4UqD4cgdwoHp70hWYXOA\" rel=\"nofollow noopener\" target=\"_blank\">Rennes Info Autrement<\/a>, un cambriolage a eu lieu dans la <strong>boulangerie Coupel.<\/strong><\/p>\n<p class=\" wall-content\">C\u2019est <strong>une passante<\/strong> qui a alert\u00e9 les forces de l\u2019ordre alors qu\u2019une personne, <strong>capuche et jogging gris et noir<\/strong>,<strong> sortait en courant<\/strong> de l\u2019enseigne.<\/p>\n<p>Une caisse vid\u00e9e de son argent<\/p>\n<p class=\" wall-content\">La police, intervenue sur les lieux, a pu constater l\u2019effraction. Le commerce, dont la <strong>porte<\/strong> \u00e9tait <strong>\u00ab\u2009entrouverte<\/strong> et <strong>fractur\u00e9e\u2009\u00bb,<\/strong> a en effet \u00e9t\u00e9 vid\u00e9 de sa caisse qui \u00e9tait alors rest\u00e9e ouverte. Des <strong>pi\u00e8ces de monnaie<\/strong> ont notamment \u00e9t\u00e9 <strong>retrouv\u00e9es sur le sol<\/strong> de la boulangerie.<\/p>\n<p class=\" wall-content\"><strong>La brigade cynophile,<\/strong> pr\u00e9sente dans le quartier, a pu <strong>mettre la main<\/strong> sur le jeune homme qui, lors de son interpellation, poss\u00e9dait <strong>dans ses poches<\/strong> une quantit\u00e9 importante de pi\u00e8ces.<\/p>\n<p>Un sans domicile fixe<\/p>\n<p class=\" wall-content\">L\u2019interpell\u00e9, un jeune homme de 25\u00a0ans donc, n\u2019avait <strong>pas de pi\u00e8ce d\u2019identit\u00e9<\/strong> sur lui. Il s\u2019agit d\u2019un sans domicile fixe, pr\u00e9cise la police.<\/p>\n<p class=\" wall-content\">Le lendemain de l\u2019effraction, <strong>la boulangerie Coupel<\/strong> a d\u00e9pos\u00e9 <strong>plainte<\/strong> aupr\u00e8s des services de police.<\/p>\n<p class=\" wall-content\">Suivez toute l\u2019actualit\u00e9 de vos villes et m\u00e9dias favoris en vous inscrivant \u00e0 <a href=\"https:\/\/moncompte.actu.fr\" title=\"D\u00e9couvez Mon Actu\" rel=\"nofollow noopener\" data-trk=\"{&quot;cta&quot;:{&quot;action&quot;:&quot;https:\\\/\\\/moncompte.actu.fr&quot;,&quot;category&quot;:&quot;mon compte&quot;,&quot;from&quot;:&quot;article footer&quot;,&quot;name&quot;:&quot;Mon actu&quot;,&quot;type&quot;:&quot;cta&quot;}}\" target=\"_blank\">Mon Actu<\/a>.<\/p>\n","protected":false},"excerpt":{"rendered":"Par Laur\u00e8ne Fertin Publi\u00e9 le 7 ao\u00fbt 2025 \u00e0 14h05 Un jeune homme de 25\u00a0ans s\u2019est enfui d\u2019une&hellip;\n","protected":false},"author":2,"featured_media":302719,"comment_status":"","ping_status":"","sticky":false,"template":"","format":"standard","meta":{"footnotes":""},"categories":[2821],"tags":[1111,11,829,1174,1777,674,118,1011,27,12,1072,584,25],"class_list":{"0":"post-302718","1":"post","2":"type-post","3":"status-publish","4":"format-standard","5":"has-post-thumbnail","7":"category-rennes","8":"tag-actu","9":"tag-actualites","10":"tag-bretagne","11":"tag-cambriolage","12":"tag-eu","13":"tag-europe","14":"tag-faits-divers","15":"tag-fr","16":"tag-france","17":"tag-news","18":"tag-police","19":"tag-rennes","20":"tag-republique-francaise"},"share_on_mastodon":{"url":"https:\/\/pubeurope.com\/@fr\/114987419720691944","error":""},"_links":{"self":[{"href":"https:\/\/www.europesays.com\/fr\/wp-json\/wp\/v2\/posts\/302718","targetHints":{"allow":["GET"]}}],"collection":[{"href":"https:\/\/www.europesays.com\/fr\/wp-json\/wp\/v2\/posts"}],"about":[{"href":"https:\/\/www.europesays.com\/fr\/wp-json\/wp\/v2\/types\/post"}],"author":[{"embeddable":true,"href":"https:\/\/www.europesays.com\/fr\/wp-json\/wp\/v2\/users\/2"}],"replies":[{"embeddable":true,"href":"https:\/\/www.europesays.com\/fr\/wp-json\/wp\/v2\/comments?post=302718"}],"version-history":[{"count":0,"href":"https:\/\/www.europesays.com\/fr\/wp-json\/wp\/v2\/posts\/302718\/revisions"}],"wp:featuredmedia":[{"embeddable":true,"href":"https:\/\/www.europesays.com\/fr\/wp-json\/wp\/v2\/media\/302719"}],"wp:attachment":[{"href":"https:\/\/www.europesays.com\/fr\/wp-json\/wp\/v2\/media?parent=302718"}],"wp:term":[{"taxonomy":"category","embeddable":true,"href":"https:\/\/www.europesays.com\/fr\/wp-json\/wp\/v2\/categories?post=302718"},{"taxonomy":"post_tag","embeddable":true,"href":"https:\/\/www.europesays.com\/fr\/wp-json\/wp\/v2\/tags?post=302718"}],"curies":[{"name":"wp","href":"https:\/\/api.w.org\/{rel}","templated":true}]}}