{"id":302720,"date":"2025-08-07T12:13:14","date_gmt":"2025-08-07T12:13:14","guid":{"rendered":"https:\/\/www.europesays.com\/fr\/302720\/"},"modified":"2025-08-07T12:13:14","modified_gmt":"2025-08-07T12:13:14","slug":"apres-un-parcours-complique-le-chien-ulysse-un-an-reve-de-trouver-son-foyer","status":"publish","type":"post","link":"https:\/\/www.europesays.com\/fr\/302720\/","title":{"rendered":"apr\u00e8s un parcours compliqu\u00e9, le chien Ulysse, un an, r\u00eave de trouver son foyer"},"content":{"rendered":"<p>N\u00e9 le 3\u00a0mars\u00a02024, Ulysse est un chien de race commune. Il est arriv\u00e9 au refuge le 28\u00a0mai\u00a02025.<\/p>\n<p>Ulysse est un jeune chien <a href=\"https:\/\/www.dna.fr\/edition-de-haguenau\/2018\/09\/26\/la-nouvelle-vie-des-chiens-errants-de-roumanie\" target=\"_blank\" rel=\"noopener\">originaire de Roumanie<\/a> , arriv\u00e9 en France en ao\u00fbt\u00a02024 alors qu\u2019il n\u2019\u00e9tait encore qu\u2019un chiot. Il a d\u00e9j\u00e0 connu deux familles, mais a malheureusement \u00e9t\u00e9 ramen\u00e9 suite \u00e0 un <a href=\"https:\/\/www.dna.fr\/magazine-lifestyle\/2023\/06\/01\/comment-eviter-les-risques-de-morsure-chez-un-chien\" target=\"_blank\" rel=\"noopener\">incident de morsure<\/a>.<\/p>\n<p>Ce contenu est bloqu\u00e9 car vous n&rsquo;avez pas accept\u00e9 les cookies et autres traceurs.<\/p>\n<p>En cliquant sur \u00ab J\u2019accepte \u00bb, les cookies et autres traceurs seront d\u00e9pos\u00e9s et vous pourrez visualiser les contenus  (<a href=\"\" class=\"consentModule_policy\" target=\"_blank\" title=\"Consulter la politique de protection des donn\u00e9es du fournisseur\">plus d&rsquo;informations<\/a>).<\/p>\n<p>En cliquant sur \u00ab J\u2019accepte tous les cookies \u00bb, vous autorisez des d\u00e9p\u00f4ts de cookies et autres traceurs pour le stockage de vos donn\u00e9es sur nos sites et applications \u00e0 des fins de personnalisation et de ciblage publicitaire.<\/p>\n<p class=\"consentModule_secondaryText\">Vous gardez la possibilit\u00e9 de retirer votre consentement \u00e0 tout moment en consultant notre <a href=\"https:\/\/www.dna.fr\/protection-des-donnees\" target=\"_blank\" title=\"Consulter notre politique de protection des donn\u00e9es\" rel=\"noopener\">politique de protection des donn\u00e9es<\/a>. <br \/>&#13;<br \/>\n            <a href=\"https:\/\/www.dna.fr\/culture-loisirs\/2025\/08\/07\/javascript:Didomi.notice.show()\" class=\"consentModule_cmp\" target=\"_blank\" rel=\"noopener\">G\u00e9rer mes choix<\/a>&#13;\n        <\/p>\n<p>&#13;<br \/>\n                        J&rsquo;accepte&#13;<br \/>\n            J&rsquo;accepte tous les cookies&#13;\n        <\/p>\n<p>  Joyeux et curieux<\/p>\n<p>Ulysse est un chien plein de vie, joyeux et curieux. Il aime d\u00e9couvrir, partager, jouer. Mais derri\u00e8re cette \u00e9nergie positive se cache aussi une part d\u2019ins\u00e9curit\u00e9. Il peut faire de la protection de ressource autour de la nourriture, un comportement qu\u2019il faudra accompagner avec bienveillance et encadrement. C\u2019est un jeune chien en construction, qui a besoin de rep\u00e8res clairs. Ses ententes avec les autres animaux restent \u00e0 tester.<\/p>\n<p>Ulysse aura besoin de personnes exp\u00e9riment\u00e9es, conscientes des enjeux d\u2019un chien au parcours instable. Une famille patiente et investie dans son \u00e9ducation. Un environnement structur\u00e9, sans jeunes enfants sera pr\u00e9f\u00e9rable.<\/p>\n<p class=\"note\">SPA de Strasbourg, 7 rue de l\u2019Entenloch \u00e0 Strasbourg Cronenbourg\u00a0; 03\u00a088\u00a034\u00a067\u00a067 www.spa-strasbourg.org, accueil@spa-strasbourg.org, chenil@spa-strasbourg.org.<\/p>\n","protected":false},"excerpt":{"rendered":"N\u00e9 le 3\u00a0mars\u00a02024, Ulysse est un chien de race commune. Il est arriv\u00e9 au refuge le 28\u00a0mai\u00a02025. Ulysse&hellip;\n","protected":false},"author":2,"featured_media":302721,"comment_status":"","ping_status":"","sticky":false,"template":"","format":"standard","meta":{"footnotes":""},"categories":[2820],"tags":[1111,11,2389,2649,1687,2880,1777,674,107,1011,27,775,12,25,640,2879],"class_list":{"0":"post-302720","1":"post","2":"type-post","3":"status-publish","4":"format-standard","5":"has-post-thumbnail","7":"category-strasbourg","8":"tag-actu","9":"tag-actualites","10":"tag-alsace","11":"tag-bas-rhin","12":"tag-culture-loisirs","13":"tag-edition-strasbourg","14":"tag-eu","15":"tag-europe","16":"tag-fil-info","17":"tag-fr","18":"tag-france","19":"tag-grand-est","20":"tag-news","21":"tag-republique-francaise","22":"tag-strasbourg","23":"tag-strasbourg-ville"},"share_on_mastodon":{"url":"https:\/\/pubeurope.com\/@fr\/114987428062311597","error":""},"_links":{"self":[{"href":"https:\/\/www.europesays.com\/fr\/wp-json\/wp\/v2\/posts\/302720","targetHints":{"allow":["GET"]}}],"collection":[{"href":"https:\/\/www.europesays.com\/fr\/wp-json\/wp\/v2\/posts"}],"about":[{"href":"https:\/\/www.europesays.com\/fr\/wp-json\/wp\/v2\/types\/post"}],"author":[{"embeddable":true,"href":"https:\/\/www.europesays.com\/fr\/wp-json\/wp\/v2\/users\/2"}],"replies":[{"embeddable":true,"href":"https:\/\/www.europesays.com\/fr\/wp-json\/wp\/v2\/comments?post=302720"}],"version-history":[{"count":0,"href":"https:\/\/www.europesays.com\/fr\/wp-json\/wp\/v2\/posts\/302720\/revisions"}],"wp:featuredmedia":[{"embeddable":true,"href":"https:\/\/www.europesays.com\/fr\/wp-json\/wp\/v2\/media\/302721"}],"wp:attachment":[{"href":"https:\/\/www.europesays.com\/fr\/wp-json\/wp\/v2\/media?parent=302720"}],"wp:term":[{"taxonomy":"category","embeddable":true,"href":"https:\/\/www.europesays.com\/fr\/wp-json\/wp\/v2\/categories?post=302720"},{"taxonomy":"post_tag","embeddable":true,"href":"https:\/\/www.europesays.com\/fr\/wp-json\/wp\/v2\/tags?post=302720"}],"curies":[{"name":"wp","href":"https:\/\/api.w.org\/{rel}","templated":true}]}}