{"id":302726,"date":"2025-08-07T12:16:10","date_gmt":"2025-08-07T12:16:10","guid":{"rendered":"https:\/\/www.europesays.com\/fr\/302726\/"},"modified":"2025-08-07T12:16:10","modified_gmt":"2025-08-07T12:16:10","slug":"soleil-chaleur-vent-quelles-sont-les-previsions-de-meteo-france-pour-ce-week-end-a-nantes","status":"publish","type":"post","link":"https:\/\/www.europesays.com\/fr\/302726\/","title":{"rendered":"Soleil, chaleur, vent&#8230; Quelles sont les pr\u00e9visions de M\u00e9t\u00e9o France pour ce week-end \u00e0 Nantes\u00a0?"},"content":{"rendered":"<p>            Par<br \/>\n        <strong><br \/>\n            <a href=\"https:\/\/actu.fr\/auteur\/laure-gentil\" title=\"Consulter tous les articles de Laure Gentil\" rel=\"nofollow noopener\" target=\"_blank\">Laure Gentil<\/a><br \/>\n        <\/strong><\/p>\n<p>        Publi\u00e9 le<\/p>\n<p>            7 ao\u00fbt 2025 \u00e0 14h02        <\/p>\n<p>Les lunettes de soleil n\u2019ont pas \u00e9t\u00e9 de trop. La semaine a \u00e9t\u00e9 radieuse \u00e0 <strong>Nantes<\/strong> et cet \u00e9tat de fait devrait continuer ces <strong>vendredi\u00a08, samedi\u00a09 et dimanche 10\u00a0ao\u00fbt.<\/strong><\/p>\n<p class=\" wall-content\">Le<strong> d\u00e9but de semaine prochaine<\/strong> s\u2019annonce aussi tr\u00e8s chaud selon les pr\u00e9visions de <a href=\"https:\/\/meteofrance.com\/previsions-meteo-france\/nantes\/44000\" rel=\"nofollow noopener\" target=\"_blank\">M\u00e9t\u00e9o France<\/a>. La r\u00e9daction fait le point sur le temps pr\u00e9vu ce week-end dans la cit\u00e9 des ducs.<\/p>\n<p>Jusqu\u2019\u00e0 39\u00a0\u00b0C lundi\u2009?<\/p>\n<p class=\" wall-content\">Selon M\u00e9t\u00e9o France, la<strong> journ\u00e9e de vendredi<\/strong> sera un peu nuageuse, mais le soleil ne devrait pas avoir de mal \u00e0 se montrer gr\u00e2ce \u00e0 des \u00e9claircies. Les temp\u00e9ratures resteront \u00e9lev\u00e9es avec une <strong>maximale de 31\u00a0\u00b0C<\/strong> dans l\u2019apr\u00e8s-midi.<\/p>\n<p class=\" wall-content\">C\u2019est une journ\u00e9e magnifique qui nous attend samedi avec un grand soleil. Le mercure grimpera jusqu\u2019\u00e0 30\u00a0\u00b0C, mais des<strong> rafales de vent de 40\u00a0km\/h<\/strong> dans la soir\u00e9e am\u00e8neront de l\u2019air. Le thermom\u00e8tre continuera \u00e0 augmenter dimanche avec une temp\u00e9rature maximale de 33\u00a0\u00b0C. Aucune rafale de vent ne viendra rafra\u00eechir Nantes contrairement \u00e0 samedi. La nuit sera aussi assez chaude avec 21\u00a0\u00b0C.<\/p>\n<p class=\" wall-content\">\n<p class=\" wall-content\">Ces temp\u00e9ratures nocturnes \u00e9lev\u00e9es expliquent sans doute les pr\u00e9visions pour la journ\u00e9e de lundi qui s\u2019annonce extr\u00eamement chaude. M\u00e9t\u00e9o France pr\u00e9voit une <strong>temp\u00e9rature maximale de 39\u00a0\u00b0C \u00e0 Nantes.<\/strong> L\u2019indice de confiance est de<strong> 3 sur 5,<\/strong> des \u00e9volutions sont donc encore possibles. De nouveau, le mercure ne descendra pas beaucoup dans la nuit de lundi \u00e0 mardi avec 20\u00a0\u00b0C annonc\u00e9s.<\/p>\n<p class=\" wall-content\">Pour rappel, en Loire-Atlantique, <strong>l\u2019alerte canicule<\/strong> est donn\u00e9e lorsqu\u2019il fait<strong> plus de 34\u00a0\u00b0C le jour et 20\u00a0\u00b0C la nuit.<\/strong><\/p>\n<p class=\" wall-content\">Suivez toute l\u2019actualit\u00e9 de vos villes et m\u00e9dias favoris en vous inscrivant \u00e0 <a href=\"https:\/\/moncompte.actu.fr\" title=\"D\u00e9couvez Mon Actu\" rel=\"nofollow noopener\" data-trk=\"{&quot;cta&quot;:{&quot;action&quot;:&quot;https:\\\/\\\/moncompte.actu.fr&quot;,&quot;category&quot;:&quot;mon compte&quot;,&quot;from&quot;:&quot;article footer&quot;,&quot;name&quot;:&quot;Mon actu&quot;,&quot;type&quot;:&quot;cta&quot;}}\" target=\"_blank\">Mon Actu<\/a>.<\/p>\n<ul class=\"ac-article-tag wall-content\">\n<li><a href=\"https:\/\/actu.fr\/tag\/meteo-france\" data-trk=\"{&quot;cta&quot;:{&quot;action&quot;:&quot;M\\u00e9t\\u00e9o France&quot;,&quot;category&quot;:&quot;tag&quot;,&quot;from&quot;:&quot;article footer&quot;,&quot;name&quot;:&quot;M\\u00e9t\\u00e9o France&quot;,&quot;type&quot;:&quot;cta&quot;}}\" rel=\"nofollow noopener\" target=\"_blank\">#M\u00e9t\u00e9o France<\/a><\/li>\n<li><a href=\"https:\/\/actu.fr\/tag\/vague-de-chaleur\" data-trk=\"{&quot;cta&quot;:{&quot;action&quot;:&quot;Vague de chaleur&quot;,&quot;category&quot;:&quot;tag&quot;,&quot;from&quot;:&quot;article footer&quot;,&quot;name&quot;:&quot;Vague de chaleur&quot;,&quot;type&quot;:&quot;cta&quot;}}\" rel=\"nofollow noopener\" target=\"_blank\">#Vague de chaleur<\/a><\/li>\n<\/ul>\n","protected":false},"excerpt":{"rendered":"Par Laure Gentil Publi\u00e9 le 7 ao\u00fbt 2025 \u00e0 14h02 Les lunettes de soleil n\u2019ont pas \u00e9t\u00e9 de&hellip;\n","protected":false},"author":2,"featured_media":302727,"comment_status":"","ping_status":"","sticky":false,"template":"","format":"standard","meta":{"footnotes":""},"categories":[2818],"tags":[1111,11,1777,674,1011,27,2487,2357,766,12,2636,25,15637],"class_list":{"0":"post-302726","1":"post","2":"type-post","3":"status-publish","4":"format-standard","5":"has-post-thumbnail","7":"category-nantes","8":"tag-actu","9":"tag-actualites","10":"tag-eu","11":"tag-europe","12":"tag-fr","13":"tag-france","14":"tag-meteo","15":"tag-meteo-france","16":"tag-nantes","17":"tag-news","18":"tag-pays-de-la-loire","19":"tag-republique-francaise","20":"tag-vague-de-chaleur"},"share_on_mastodon":{"url":"https:\/\/pubeurope.com\/@fr\/114987439516242044","error":""},"_links":{"self":[{"href":"https:\/\/www.europesays.com\/fr\/wp-json\/wp\/v2\/posts\/302726","targetHints":{"allow":["GET"]}}],"collection":[{"href":"https:\/\/www.europesays.com\/fr\/wp-json\/wp\/v2\/posts"}],"about":[{"href":"https:\/\/www.europesays.com\/fr\/wp-json\/wp\/v2\/types\/post"}],"author":[{"embeddable":true,"href":"https:\/\/www.europesays.com\/fr\/wp-json\/wp\/v2\/users\/2"}],"replies":[{"embeddable":true,"href":"https:\/\/www.europesays.com\/fr\/wp-json\/wp\/v2\/comments?post=302726"}],"version-history":[{"count":0,"href":"https:\/\/www.europesays.com\/fr\/wp-json\/wp\/v2\/posts\/302726\/revisions"}],"wp:featuredmedia":[{"embeddable":true,"href":"https:\/\/www.europesays.com\/fr\/wp-json\/wp\/v2\/media\/302727"}],"wp:attachment":[{"href":"https:\/\/www.europesays.com\/fr\/wp-json\/wp\/v2\/media?parent=302726"}],"wp:term":[{"taxonomy":"category","embeddable":true,"href":"https:\/\/www.europesays.com\/fr\/wp-json\/wp\/v2\/categories?post=302726"},{"taxonomy":"post_tag","embeddable":true,"href":"https:\/\/www.europesays.com\/fr\/wp-json\/wp\/v2\/tags?post=302726"}],"curies":[{"name":"wp","href":"https:\/\/api.w.org\/{rel}","templated":true}]}}