{"id":302730,"date":"2025-08-07T12:18:09","date_gmt":"2025-08-07T12:18:09","guid":{"rendered":"https:\/\/www.europesays.com\/fr\/302730\/"},"modified":"2025-08-07T12:18:09","modified_gmt":"2025-08-07T12:18:09","slug":"quand-partir-pour-eviter-les-bouchons-autour-de-bordeaux","status":"publish","type":"post","link":"https:\/\/www.europesays.com\/fr\/302730\/","title":{"rendered":"quand partir pour \u00e9viter les bouchons autour de Bordeaux\u00a0?"},"content":{"rendered":"<p>            Par<br \/>\n        <strong><br \/>\n            <a href=\"https:\/\/actu.fr\/auteur\/juliette-cardinale\" title=\"Consulter tous les articles de Juliette Cardinale\" target=\"_blank\" rel=\"noopener\">Juliette Cardinale<\/a><br \/>\n        <\/strong><\/p>\n<p>        Publi\u00e9 le<\/p>\n<p>            7 ao\u00fbt 2025 \u00e0 13h32        <\/p>\n<p>Apr\u00e8s un <a href=\"https:\/\/actu.fr\/societe\/journee-noire-sur-la-route-des-vacances-deja-plus-de-1000-km-de-bouchons-quelles-sont-les-routes-bloquees_62991903.html\" target=\"_blank\" rel=\"noopener\">chass\u00e9-crois\u00e9 infernal<\/a> entre juillettistes et ao\u00fbtiens, la situation ne semble pouvoir que s\u2019am\u00e9liorer sur les routes. Pourtant ce week-end du vendredi 8 au lundi 11 ao\u00fbt 2025, <a href=\"https:\/\/actu.fr\/tag\/bison-fute\" target=\"_blank\" rel=\"noopener\">Bison fut\u00e9<\/a> pr\u00e9voit \u00e0 nouveau <strong>une circulation difficile<\/strong> sur tout le territoire fran\u00e7ais. Au pic de la fr\u00e9quentation, le samedi est class\u00e9 orange dans le sens des allers et des retours. On fait le point sur les horaires et routes \u00e0 \u00e9viter <a href=\"https:\/\/actu.fr\/bordeaux\/\" target=\"_blank\" rel=\"noopener\">autour de Bordeaux<\/a> pour s\u2019\u00e9pargner des heures dans les bouchons.<\/p>\n<p class=\" wall-content\">Vendredi, dans le sens des d\u00e9parts, \u00ab\u00a0les premiers ralentissements sur les autoroutes de transit Nord-Sud pourraient appara\u00eetre en milieu de matin\u00e9e, principalement sur les <strong>autoroutes A10 et A6\u2033,<\/strong> d\u00e9taille Bison fut\u00e9. Mais c\u2019est au nord de Tours que l\u2019A10 devrait surtout s\u2019encombrer, la circulation au niveau de Bordeaux devrait \u00eatre similaire \u00e0 tout vendredi.\u00a0<\/p>\n<p>Un samedi rouge en Gironde<\/p>\n<p class=\" wall-content\">Samedi, l\u2019affaire sera toute autre : le d\u00e9partement de la Gironde est <strong>class\u00e9 orange ou rouge,<\/strong> suivant le sens de circulation.<\/p>\n<p class=\" wall-content\">Dans le <strong>sens des d\u00e9parts,<\/strong> des difficult\u00e9s sont en effet notamment pr\u00e9vues \u00ab\u00a0sur les axes menant \u00e0 l\u2019Espagne (A10 et A63)\u00a0\u00bb.\u00a0Bison fut\u00e9 conseille d\u2019\u00e9viter l\u2019A10 entre Poitiers et Bordeaux de 11h \u00e0 19h. De Bordeaux \u00e0 Bayonne, il faudra \u00e9viter l\u2019autoroute A63 entre 10h et 19h.<\/p>\n<p class=\" wall-content\">\n<p class=\" wall-content\">\u00ab\u00a0Dans le <strong>sens des retours,<\/strong> le trafic sera tr\u00e8s dense sur les axes rejoignant l\u2019\u00cele-de-France depuis l\u2019Espagne via Bordeaux (A10)\u00a0\u00bb, d\u00e9taille l\u2019organisme. Il est donc d\u00e9conseill\u00e9 d\u2019emprunter l\u2019A10 entre Bordeaux et Poitiers de 10h \u00e0 13h.\u00a0<\/p>\n<p>Quelques difficult\u00e9s le dimanche<\/p>\n<p class=\" wall-content\">Dimanche, \u00ab\u00a0dans le <strong>sens des d\u00e9parts,<\/strong> les difficult\u00e9s se concentreront sur les axes du Sud-Ouest, notamment depuis l\u2019\u00cele-de-France en direction de l\u2019Espagne en passant par Bordeaux (A10), et depuis Bordeaux vers Toulouse (A62)\u00a0\u00bb.\u00a0Il vaut mieux <strong>\u00e9viter l\u2019A10<\/strong> entre Poitiers et Bordeaux 8h et 19h et l\u2019A62 entre Bordeaux et Toulouse entre 13h et 21h.\u00a0<\/p>\n<p class=\" wall-content\">Dans le <strong>sens des retours,<\/strong> pr\u00e9vient Bison fut\u00e9, la circulation sera difficile depuis l\u2019Espagne vers l\u2019\u00cele-de-France via Bordeaux (A10). Il faudra surtout \u00e9viter la Gironde en matin\u00e9e, les bouchons se concentreront \u00e0 Saint-Arnoult-en-Yvelines entre 13h et 21h.\u00a0<\/p>\n<p class=\" wall-content\">Suivez toute l\u2019actualit\u00e9 de vos villes et m\u00e9dias favoris en vous inscrivant \u00e0 <a href=\"https:\/\/moncompte.actu.fr\" title=\"D\u00e9couvez Mon Actu\" rel=\"nofollow noopener\" data-trk=\"{&quot;cta&quot;:{&quot;action&quot;:&quot;https:\\\/\\\/moncompte.actu.fr&quot;,&quot;category&quot;:&quot;mon compte&quot;,&quot;from&quot;:&quot;article footer&quot;,&quot;name&quot;:&quot;Mon actu&quot;,&quot;type&quot;:&quot;cta&quot;}}\" target=\"_blank\">Mon Actu<\/a>.<\/p>\n","protected":false},"excerpt":{"rendered":"Par Juliette Cardinale Publi\u00e9 le 7 ao\u00fbt 2025 \u00e0 13h32 Apr\u00e8s un chass\u00e9-crois\u00e9 infernal entre juillettistes et ao\u00fbtiens,&hellip;\n","protected":false},"author":2,"featured_media":44360,"comment_status":"","ping_status":"","sticky":false,"template":"","format":"standard","meta":{"footnotes":""},"categories":[2817],"tags":[1111,11,4697,6427,1997,3542,1777,674,1011,27,12,2219,25,104],"class_list":{"0":"post-302730","1":"post","2":"type-post","3":"status-publish","4":"format-standard","5":"has-post-thumbnail","7":"category-bordeaux","8":"tag-actu","9":"tag-actualites","10":"tag-autoroute-10-a10","11":"tag-bison-fute","12":"tag-bordeaux","13":"tag-circulation","14":"tag-eu","15":"tag-europe","16":"tag-fr","17":"tag-france","18":"tag-news","19":"tag-nouvelle-aquitaine","20":"tag-republique-francaise","21":"tag-societe"},"share_on_mastodon":{"url":"https:\/\/pubeurope.com\/@fr\/114987447441526305","error":""},"_links":{"self":[{"href":"https:\/\/www.europesays.com\/fr\/wp-json\/wp\/v2\/posts\/302730","targetHints":{"allow":["GET"]}}],"collection":[{"href":"https:\/\/www.europesays.com\/fr\/wp-json\/wp\/v2\/posts"}],"about":[{"href":"https:\/\/www.europesays.com\/fr\/wp-json\/wp\/v2\/types\/post"}],"author":[{"embeddable":true,"href":"https:\/\/www.europesays.com\/fr\/wp-json\/wp\/v2\/users\/2"}],"replies":[{"embeddable":true,"href":"https:\/\/www.europesays.com\/fr\/wp-json\/wp\/v2\/comments?post=302730"}],"version-history":[{"count":0,"href":"https:\/\/www.europesays.com\/fr\/wp-json\/wp\/v2\/posts\/302730\/revisions"}],"wp:featuredmedia":[{"embeddable":true,"href":"https:\/\/www.europesays.com\/fr\/wp-json\/wp\/v2\/media\/44360"}],"wp:attachment":[{"href":"https:\/\/www.europesays.com\/fr\/wp-json\/wp\/v2\/media?parent=302730"}],"wp:term":[{"taxonomy":"category","embeddable":true,"href":"https:\/\/www.europesays.com\/fr\/wp-json\/wp\/v2\/categories?post=302730"},{"taxonomy":"post_tag","embeddable":true,"href":"https:\/\/www.europesays.com\/fr\/wp-json\/wp\/v2\/tags?post=302730"}],"curies":[{"name":"wp","href":"https:\/\/api.w.org\/{rel}","templated":true}]}}