{"id":302734,"date":"2025-08-07T12:21:12","date_gmt":"2025-08-07T12:21:12","guid":{"rendered":"https:\/\/www.europesays.com\/fr\/302734\/"},"modified":"2025-08-07T12:21:12","modified_gmt":"2025-08-07T12:21:12","slug":"david-est-desabuse-apres-lincendie-criminel-de-son-garage-automobile-pres-de-toulouse","status":"publish","type":"post","link":"https:\/\/www.europesays.com\/fr\/302734\/","title":{"rendered":"David est d\u00e9sabus\u00e9 apr\u00e8s l&rsquo;incendie (criminel ?) de son garage automobile pr\u00e8s de Toulouse"},"content":{"rendered":"<p>            Par<br \/>\n        <strong><br \/>\n            <a href=\"https:\/\/actu.fr\/auteur\/marie-lamarque\" title=\"Consulter tous les articles de Marie Lamarque\" rel=\"nofollow noopener\" target=\"_blank\">Marie Lamarque<\/a><br \/>\n        <\/strong><\/p>\n<p>        Publi\u00e9 le<\/p>\n<p>            7 ao\u00fbt 2025 \u00e0 13h36        <\/p>\n<p>\u00ab\u00a0\u00c7a fait deux jours que je ne dors pas. Je me dis que si quelqu\u2019un est capable de faire \u00e7a, que peut-il faire d\u2019autre ?\u00a0\u00bb. <strong>David Lesaffre<\/strong>, g\u00e9rant du garage M\u00e9ca Auto Passion, ne peut cacher son \u00e9motion. Install\u00e9 depuis huit ans, route de Toulouse \u00e0 <a href=\"https:\/\/actu.fr\/occitanie\/berat_31065\" rel=\"nofollow noopener\" target=\"_blank\"><strong>B\u00e9rat<\/strong><\/a>, au sud-ouest de la Ville rose, il \u00e9tait loin d\u2019imaginer une telle sc\u00e8ne.<br \/>Dans la nuit du mardi 5 au mercredi 6 ao\u00fbt 2025, <a href=\"https:\/\/actu.fr\/occitanie\/berat_31065\/gros-incendie-pres-de-toulouse-une-trentaine-de-voitures-prennent-feu-39-pompiers-mobilises_63002517.html\" rel=\"nofollow noopener\" target=\"_blank\">un incendie se d\u00e9clare sur le site<\/a>. Le parc automobile situ\u00e9 \u00e0 proximit\u00e9 est rong\u00e9 par les flammes. Au total, <strong>35 voitures sont carbonis\u00e9es<\/strong>. Une enqu\u00eate a \u00e9t\u00e9 ouverte et la<strong>\u00a0piste criminelle est privil\u00e9gi\u00e9e<\/strong>. D\u00e9sempar\u00e9 face \u00e0 la situation qui laisse de nombreux clients dans la difficult\u00e9, le g\u00e9rant t\u00e9moigne.<\/p>\n<p>    <a href=\"https:\/\/www.google.com\/maps\/embed?pb=!1m18!1m12!1m3!1d46399.9121788452!2d1.1328781485454775!3d43.3771388116281!2m3!1f0!2f0!3f0!3m2!1i1024!2i768!4f13.1!3m3!1m2!1s0x12a9330a05f42d4d%3A0x406f69c2f412e90!2s31370%20B%C3%A9rat!5e0!3m2!1sfr!2sfr!4v1754564566716!5m2!1sfr!2sfr\" title=\"Ouvrie le lien\" rel=\"nofollow noopener\" target=\"_blank\">Cliquez ici pour visualiser le contenu<\/a><\/p>\n<p>Aucune victime \u00e0 d\u00e9plorer<\/p>\n<p class=\" wall-content\">\u00ab\u00a0Vers 1h15 du matin, ma fille m\u2019a appel\u00e9 pour me signaler qu\u2019il avait un feu au niveau des box du garage. Elle habite sur le site\u00a0\u00bb, t\u00e9moigne David Lesaffre aupr\u00e8s d\u2019Actu Toulouse. Il se rend sur place et constate que ce sont plus pr\u00e9cis\u00e9ment les voitures stationn\u00e9es pr\u00e8s de son garage qui sont en feu.<\/p>\n<p>    <img   decoding=\"async\" loading=\"lazy\" src=\"https:\/\/www.europesays.com\/fr\/wp-content\/uploads\/2025\/08\/incendie-berat-toulouse-feu-garage-960x640.jpeg\" alt=\"35 voitures.\" width=\"960\" height=\"640\"\/><br \/>\n    L\u2019incendie s\u2019est d\u00e9clar\u00e9 en pleine nuit. (\u00a9David Lesaffre)Plus de sept heures d\u2019intervention des pompiers<\/p>\n<p class=\" wall-content\">\u00ab\u00a0Les pompiers sont arriv\u00e9s six minutes apr\u00e8s moi. Ils ont \u00e9t\u00e9 d\u2019une efficacit\u00e9 redoutable. Mille mercis \u00e0 eux\u00a0\u00bb, souligne-t-il. L\u2019intervention a dur\u00e9 plus de sept heures et a permis d\u2019\u00e9viter la propagation des flammes, notamment au garage lui-m\u00eame ainsi qu\u2019\u00e0 d\u2019autres b\u00e2timents adjacents : une pizzeria et des box de stockage.<\/p>\n<p class=\" wall-content\">Fort heureusement, l\u2019incendie n\u2019a fait <strong>aucune victime<\/strong>. Deux personnes, ayant inhal\u00e9 de la fum\u00e9e, avaient \u00e9t\u00e9 prises en charge par les secours, selon le Service d\u00e9partemental d\u2019incendie et de secours (SDIS) de la Haute-Garonne.<\/p>\n<p>Ce que montrent les images des cam\u00e9ras<\/p>\n<p class=\" wall-content\">Apr\u00e8s avoir pu acc\u00e9der \u00e0 son bureau, David Lesaffre n\u2019attend pas pour visionner<strong> les images de ses cam\u00e9ras de surveillance<\/strong>. Selon lui, ce qu\u2019elles d\u00e9voilent ne laisse plus de place au doute.<\/p>\n<blockquote class=\"ac-article-quote wall-content\">\n<p>On voit quelqu&rsquo;un s&rsquo;introduire sur les lieux. Il porte une cagoule, une casquette, des gants blancs. C&rsquo;\u00e9tait pr\u00e9par\u00e9, raconte le professionnel. On le voit asperger le contenu de quatre bouteilles, de type allume-feu, sur une voiture.<\/p>\n<p>    <strong>David Lesaffre<\/strong><br \/>\n        G\u00e9rant du garage    <\/p><\/blockquote>\n<p class=\" wall-content\">Ces images ont \u00e9t\u00e9 saisies par la gendarmerie qui confirme, aupr\u00e8s d\u2019Actu Toulouse, que <strong>des investigations sont en cours<\/strong>. Pour le moment, aucune interpellation n\u2019a eu lieu.<\/p>\n<p class=\" wall-content\">Concernant l\u2019identit\u00e9 de la personne film\u00e9e par les cam\u00e9ras, \u00ab\u00a0plusieurs pistes sont envisag\u00e9es\u00a0\u00bb.<\/p>\n<p>\u00ab\u00a0Je suis triste pour mes clients\u00a0\u00bb<\/p>\n<p class=\" wall-content\">\u00ab\u00a0Je suis surtout <strong>tr\u00e8s triste pour mes clients<\/strong>. Mon garage, lui, a pu \u00eatre \u00e9pargn\u00e9. Et c\u2019est mon outil de travail, c\u2019est ma vie\u00a0\u00bb, r\u00e9agit le patron. Sur toute la flotte atteinte par le feu, <strong>22 voitures<\/strong> appartiennent \u00e0 <strong>sa client\u00e8le<\/strong>. \u00ab\u00a0Les 13 autres sont personnelles ou destin\u00e9es \u00e0 la revente\u00a0\u00bb, d\u00e9taille le professionnel.<\/p>\n<p>    <img   decoding=\"async\" loading=\"lazy\" src=\"https:\/\/www.europesays.com\/fr\/wp-content\/uploads\/2025\/08\/incendie-berat-toulouse-feu-960x640.jpeg\" alt=\"Parmi les 35 voitures br\u00fbl\u00e9es, 22 appartiennent aux clients de David.\" width=\"960\" height=\"640\"\/><br \/>\n    Parmi les 35 voitures br\u00fbl\u00e9es, 22 appartiennent aux clients de David. (\u00a9David Lesaffre)<\/p>\n<p class=\" wall-content\">Des <strong>experts<\/strong> doivent prochainement r\u00e9aliser des <strong>constatations<\/strong> et d\u00e9finir le montant exact du pr\u00e9judice.<\/p>\n<p>Le g\u00e9rant d\u00e9nonce \u00ab\u00a0un geste irresponsable\u00a0\u00bb<\/p>\n<p class=\" wall-content\">Le garagiste, qui dit avoir \u00e9t\u00e9 victime d\u2019un autre incendie criminel il y a quatre ans \u2013 \u00ab\u00a0mais qui n\u2019\u00e9tait pas aussi dramatique\u00a0\u00bb, d\u00e9nonce \u00ab\u00a0un geste irresponsable. Il y a des habitations autour qui auraient pu br\u00fbler\u00a0\u00bb.\u00a0<\/p>\n<p class=\" wall-content\">Ce mercredi, le garage M\u00e9ca Auto Passion tente de reprendre son activit\u00e9 comme il le peut. \u00ab\u00a0Les employ\u00e9s sont bien l\u00e0. Ils travaillent normalement. On s\u2019organise, on fait au mieux\u00a0\u00bb, souligne le g\u00e9rant qui tente, malgr\u00e9 tout, de positiver.<\/p>\n<p class=\" wall-content\">Suivez toute l\u2019actualit\u00e9 de vos villes et m\u00e9dias favoris en vous inscrivant \u00e0 <a href=\"https:\/\/moncompte.actu.fr\" title=\"D\u00e9couvez Mon Actu\" rel=\"nofollow noopener\" data-trk=\"{&quot;cta&quot;:{&quot;action&quot;:&quot;https:\\\/\\\/moncompte.actu.fr&quot;,&quot;category&quot;:&quot;mon compte&quot;,&quot;from&quot;:&quot;article footer&quot;,&quot;name&quot;:&quot;Mon actu&quot;,&quot;type&quot;:&quot;cta&quot;}}\" target=\"_blank\">Mon Actu<\/a>.<\/p>\n","protected":false},"excerpt":{"rendered":"Par Marie Lamarque Publi\u00e9 le 7 ao\u00fbt 2025 \u00e0 13h36 \u00ab\u00a0\u00c7a fait deux jours que je ne dors&hellip;\n","protected":false},"author":2,"featured_media":302735,"comment_status":"","ping_status":"","sticky":false,"template":"","format":"standard","meta":{"footnotes":""},"categories":[2816],"tags":[1111,11,1777,674,118,1011,27,3381,1310,12,2680,25,2312],"class_list":{"0":"post-302734","1":"post","2":"type-post","3":"status-publish","4":"format-standard","5":"has-post-thumbnail","7":"category-toulouse","8":"tag-actu","9":"tag-actualites","10":"tag-eu","11":"tag-europe","12":"tag-faits-divers","13":"tag-fr","14":"tag-france","15":"tag-gendarmerie","16":"tag-incendie","17":"tag-news","18":"tag-occitanie","19":"tag-republique-francaise","20":"tag-toulouse"},"share_on_mastodon":{"url":"https:\/\/pubeurope.com\/@fr\/114987459179280796","error":""},"_links":{"self":[{"href":"https:\/\/www.europesays.com\/fr\/wp-json\/wp\/v2\/posts\/302734","targetHints":{"allow":["GET"]}}],"collection":[{"href":"https:\/\/www.europesays.com\/fr\/wp-json\/wp\/v2\/posts"}],"about":[{"href":"https:\/\/www.europesays.com\/fr\/wp-json\/wp\/v2\/types\/post"}],"author":[{"embeddable":true,"href":"https:\/\/www.europesays.com\/fr\/wp-json\/wp\/v2\/users\/2"}],"replies":[{"embeddable":true,"href":"https:\/\/www.europesays.com\/fr\/wp-json\/wp\/v2\/comments?post=302734"}],"version-history":[{"count":0,"href":"https:\/\/www.europesays.com\/fr\/wp-json\/wp\/v2\/posts\/302734\/revisions"}],"wp:featuredmedia":[{"embeddable":true,"href":"https:\/\/www.europesays.com\/fr\/wp-json\/wp\/v2\/media\/302735"}],"wp:attachment":[{"href":"https:\/\/www.europesays.com\/fr\/wp-json\/wp\/v2\/media?parent=302734"}],"wp:term":[{"taxonomy":"category","embeddable":true,"href":"https:\/\/www.europesays.com\/fr\/wp-json\/wp\/v2\/categories?post=302734"},{"taxonomy":"post_tag","embeddable":true,"href":"https:\/\/www.europesays.com\/fr\/wp-json\/wp\/v2\/tags?post=302734"}],"curies":[{"name":"wp","href":"https:\/\/api.w.org\/{rel}","templated":true}]}}