{"id":302740,"date":"2025-08-07T12:25:13","date_gmt":"2025-08-07T12:25:13","guid":{"rendered":"https:\/\/www.europesays.com\/fr\/302740\/"},"modified":"2025-08-07T12:25:13","modified_gmt":"2025-08-07T12:25:13","slug":"om-il-voulait-memmener-a-marseille-quand-roberto-de-zerbi-faisait-les-yeux-doux-a-evan-ferguson","status":"publish","type":"post","link":"https:\/\/www.europesays.com\/fr\/302740\/","title":{"rendered":"OM. \u00ab\u00a0Il voulait m&#8217;emmener \u00e0 Marseille\u00a0\u00bb : quand Roberto De Zerbi faisait les yeux doux \u00e0 Evan Ferguson"},"content":{"rendered":"<p>On ne verra pas Evan Ferguson <a href=\"https:\/\/www.laprovence.com\/article\/om\/96682031096484\/om-comment-le-club-met-en-scene-larrivee-de-ses-recrues-a-laeroport-de-marignane\" target=\"_blank\" rel=\"noopener\">du c\u00f4t\u00e9 de l&rsquo;aviation g\u00e9n\u00e9rale de Marignane<\/a> cet \u00e9t\u00e9. L&rsquo;attaquant irlandais, qui n&rsquo;a pas encore 21 ans, a plut\u00f4t atterri \u00e0 Rome le 23 juillet, et son vol retour n&rsquo;est pas pr\u00e9vu avant au moins un an. Les Anglais de Brighton l&rsquo;ont pr\u00eat\u00e9 \u00e0 la Roma, avec option d&rsquo;achat, six mois apr\u00e8s l&rsquo;avoir d\u00e9j\u00e0 pr\u00eat\u00e9 \u00e0 West Ham.<\/p>\n<p>La p\u00e9pite irlandaise, qui n&rsquo;affole pour l&rsquo;instant pas les statistiques (1 but en 21 matches de Premier League la saison derni\u00e8re) a pourtant ses admirateurs, \u00e0 commencer par Robert De Zerbi, comme indiqu\u00e9 par <a href=\"https:\/\/www.gazzetta.it\/Calcio\/Serie-A\/Roma\/06-08-2025\/ferguson-alla-roma-per-tornare-in-champions-e-punto-a-fare-20-gol.shtml\" target=\"_blank\" rel=\"noopener\">la Gazzetta dello sport<\/a> ce mercredi. Le quotidien italien a ainsi rappel\u00e9 \u00e0 l&rsquo;int\u00e9ress\u00e9 que RDZ le consid\u00e9rait comme \u00ab\u00a0l&rsquo;un des meilleurs attaquants de la Premier League\u00a0\u00bb.<\/p>\n<p>\u00a0\u00bb C&rsquo;\u00e9tait tr\u00e8s gentil, mais dans le football les choses changent vite, a r\u00e9pondu l&rsquo;international irlandais. Moi, je veux \u00eatre l&rsquo;un des meilleurs, bien jouer et marquer, en aidant l&rsquo;\u00e9quipe.\u00a0\u00bb<\/p>\n<p>Et de r\u00e9v\u00e9ler que \u00ab\u00a0le coach m&rsquo;a envoy\u00e9 un message en janvier, il voulait m&#8217;emmener \u00e0 Marseille. Maintenant, je suis content d&rsquo;\u00eatre ici (\u00e0 Rome, Ndlr).\u00a0\u00bb Les deux hommes, qui ont collabor\u00e9 durant deux saisons chez les Seagulls (2022-2024), ont donc bien failli se recroiser au pays des gabians cet hiver.<\/p>\n","protected":false},"excerpt":{"rendered":"On ne verra pas Evan Ferguson du c\u00f4t\u00e9 de l&rsquo;aviation g\u00e9n\u00e9rale de Marignane cet \u00e9t\u00e9. L&rsquo;attaquant irlandais, qui&hellip;\n","protected":false},"author":2,"featured_media":302741,"comment_status":"","ping_status":"","sticky":false,"template":"","format":"standard","meta":{"footnotes":""},"categories":[2814],"tags":[17,1111,11,1777,674,1011,27,3707,44282,884,12,149,882,396,25,4060,42420],"class_list":{"0":"post-302740","1":"post","2":"type-post","3":"status-publish","4":"format-standard","5":"has-post-thumbnail","7":"category-marseille","8":"tag-17","9":"tag-actu","10":"tag-actualites","11":"tag-eu","12":"tag-europe","13":"tag-fr","14":"tag-france","15":"tag-il","16":"tag-memmener","17":"tag-marseille","18":"tag-news","19":"tag-om","20":"tag-provence-alpes-cote-dazur","21":"tag-quand","22":"tag-republique-francaise","23":"tag-roberto","24":"tag-voulait"},"share_on_mastodon":{"url":"https:\/\/pubeurope.com\/@fr\/114987474891910095","error":""},"_links":{"self":[{"href":"https:\/\/www.europesays.com\/fr\/wp-json\/wp\/v2\/posts\/302740","targetHints":{"allow":["GET"]}}],"collection":[{"href":"https:\/\/www.europesays.com\/fr\/wp-json\/wp\/v2\/posts"}],"about":[{"href":"https:\/\/www.europesays.com\/fr\/wp-json\/wp\/v2\/types\/post"}],"author":[{"embeddable":true,"href":"https:\/\/www.europesays.com\/fr\/wp-json\/wp\/v2\/users\/2"}],"replies":[{"embeddable":true,"href":"https:\/\/www.europesays.com\/fr\/wp-json\/wp\/v2\/comments?post=302740"}],"version-history":[{"count":0,"href":"https:\/\/www.europesays.com\/fr\/wp-json\/wp\/v2\/posts\/302740\/revisions"}],"wp:featuredmedia":[{"embeddable":true,"href":"https:\/\/www.europesays.com\/fr\/wp-json\/wp\/v2\/media\/302741"}],"wp:attachment":[{"href":"https:\/\/www.europesays.com\/fr\/wp-json\/wp\/v2\/media?parent=302740"}],"wp:term":[{"taxonomy":"category","embeddable":true,"href":"https:\/\/www.europesays.com\/fr\/wp-json\/wp\/v2\/categories?post=302740"},{"taxonomy":"post_tag","embeddable":true,"href":"https:\/\/www.europesays.com\/fr\/wp-json\/wp\/v2\/tags?post=302740"}],"curies":[{"name":"wp","href":"https:\/\/api.w.org\/{rel}","templated":true}]}}