{"id":302742,"date":"2025-08-07T12:26:11","date_gmt":"2025-08-07T12:26:11","guid":{"rendered":"https:\/\/www.europesays.com\/fr\/302742\/"},"modified":"2025-08-07T12:26:11","modified_gmt":"2025-08-07T12:26:11","slug":"un-couple-victime-dune-agression-antisemite-dans-la-rue-en-sortant-dun-restaurant","status":"publish","type":"post","link":"https:\/\/www.europesays.com\/fr\/302742\/","title":{"rendered":"un couple victime d&rsquo;une agression antis\u00e9mite dans la rue en sortant d&rsquo;un restaurant"},"content":{"rendered":"<p>            Par<br \/>\n        <strong><br \/>\n            <a href=\"https:\/\/actu.fr\/auteur\/nicolas-zaugra\" title=\"Consulter tous les articles de Nicolas Zaugra\" rel=\"nofollow noopener\" target=\"_blank\">Nicolas Zaugra<\/a><br \/>\n        <\/strong><\/p>\n<p>        Publi\u00e9 le<\/p>\n<p>            7 ao\u00fbt 2025 \u00e0 14h03<br \/>\n        ; mis \u00e0 jour le 7 ao\u00fbt 2025 \u00e0 14h17    <\/p>\n<p>Un <strong>couple a \u00e9t\u00e9 agress\u00e9 en pleine rue<\/strong> dans le 6e arrondissement de <a href=\"https:\/\/actu.fr\/auvergne-rhone-alpes\/lyon_69123\" rel=\"nofollow noopener\" target=\"_blank\">Lyon<\/a> mercredi 6 ao\u00fbt 2025, a appris actu Lyon, confirmant une information du <a href=\"https:\/\/www.leprogres.fr\/faits-divers-justice\/2025\/08\/07\/un-couple-victime-d-une-agression-antisemite-a-la-sortie-d-un-restaurant-deux-suspects-arretes?at_content=photo&amp;at_term=leprogreslyon&amp;at_campaign=Twitter&amp;at_medium=Social&amp;at_source=nonli\" rel=\"nofollow noopener\" target=\"_blank\">Progr\u00e8s<\/a>.\u00a0<\/p>\n<p>Des insultes \u00ab\u00a0sales juifs\u00a0\u00bb lanc\u00e9es contre le couple<\/p>\n<p class=\" wall-content\">Les deux victimes ont \u00e9t\u00e9 <strong>menac\u00e9es de mort<\/strong> et insult\u00e9es \u00e0 la sortie d\u2019un restaurant apr\u00e8s avoir \u00e9t\u00e9 abord\u00e9es par deux individus, rue du professeur-Weill, dans le quartier tr\u00e8s anim\u00e9 des Brotteaux \u00e0 proximit\u00e9 de la Part-Dieu.<\/p>\n<p class=\" wall-content\">Le couple a fait l\u2019objet d\u2019insultes \u00e0 caract\u00e8re antis\u00e9mite vers 22h30. L\u2019insulte <strong>\u00ab\u00a0sales juifs\u00a0\u00bb<\/strong> a \u00e9t\u00e9 prof\u00e9r\u00e9e \u00e0 plusieurs reprises, a confirm\u00e9 une source proche du dossier \u00e0 actu Lyon.<\/p>\n<p class=\" wall-content\">Le couple a \u00e9t\u00e9 cibl\u00e9 car <strong>l\u2019homme portait une kippa<\/strong>, selon nos informations. On ignore si la femme vis\u00e9e est de confession juive.<\/p>\n<p>Deux suspects arr\u00eat\u00e9s<\/p>\n<p class=\" wall-content\">Deux suspects ont \u00e9t\u00e9 interpell\u00e9s et plac\u00e9s en garde \u00e0 vue par la police, selon nos informations. Le profil des deux agresseurs n\u2019est pas pr\u00e9cis\u00e9.\u00a0<\/p>\n<p>    <a href=\"https:\/\/www.google.com\/maps\/embed?pb=!1m18!1m12!1m3!1d7768.9450861197765!2d4.862486092213142!3d45.7689316910883!2m3!1f0!2f0!3f0!3m2!1i1024!2i768!4f13.1!3m3!1m2!1s0x47f4ea8c108f7f8d%3A0xc8c47dba2ddfdaec!2sRue%20Professeur%20Weill%2C%2069006%20Lyon!5e1!3m2!1sfr!2sfr!4v1754565996669!5m2!1sfr!2sfr\" title=\"Ouvrie le lien\" rel=\"nofollow noopener\" target=\"_blank\">Cliquez ici pour visualiser le contenu<\/a><\/p>\n<p>\u00ab\u00a0Un antis\u00e9mitisme d\u00e9brid\u00e9\u00a0\u00bb<\/p>\n<p class=\" wall-content\">Le Conseil repr\u00e9sentatif des institutions juives de France (Crif), qui confirme \u00e9galement l\u2019agression, a demand\u00e9 qu\u2019une plainte soit d\u00e9pos\u00e9e. Le couple devrait en faire autant dans l\u2019apr\u00e8s-midi ce jeudi.<\/p>\n<p class=\" wall-content\">\u00ab\u00a0C\u2019est une explosion des actes et des menaces antis\u00e9mites, il y a une transposition ici sur notre territoire du conflit Isra\u00ebl\/ Hamas\u00a0\u00bb, commente Richard Zelmati du Crif Auvergne-Rh\u00f4ne-Alpes aupr\u00e8s d\u2019actu Lyon. \u00ab\u00a0Il y a un antis\u00e9mitisme d\u00e9brid\u00e9 qui inqui\u00e8te les Fran\u00e7ais juifs\u00a0\u00bb, d\u00e9plore-t-il.<\/p>\n<p class=\" wall-content\">Suivez toute l\u2019actualit\u00e9 de vos villes et m\u00e9dias favoris en vous inscrivant \u00e0 <a href=\"https:\/\/moncompte.actu.fr\" title=\"D\u00e9couvez Mon Actu\" rel=\"nofollow noopener\" data-trk=\"{&quot;cta&quot;:{&quot;action&quot;:&quot;https:\\\/\\\/moncompte.actu.fr&quot;,&quot;category&quot;:&quot;mon compte&quot;,&quot;from&quot;:&quot;article footer&quot;,&quot;name&quot;:&quot;Mon actu&quot;,&quot;type&quot;:&quot;cta&quot;}}\" target=\"_blank\">Mon Actu<\/a>.<\/p>\n","protected":false},"excerpt":{"rendered":"Par Nicolas Zaugra Publi\u00e9 le 7 ao\u00fbt 2025 \u00e0 14h03 ; mis \u00e0 jour le 7 ao\u00fbt 2025&hellip;\n","protected":false},"author":2,"featured_media":302743,"comment_status":"","ping_status":"","sticky":false,"template":"","format":"standard","meta":{"footnotes":""},"categories":[1889],"tags":[1111,11,6155,2430,1777,674,1011,27,2428,12,1072,25,104],"class_list":{"0":"post-302742","1":"post","2":"type-post","3":"status-publish","4":"format-standard","5":"has-post-thumbnail","7":"category-lyon","8":"tag-actu","9":"tag-actualites","10":"tag-antisemitisme","11":"tag-auvergne-rhone-alpes","12":"tag-eu","13":"tag-europe","14":"tag-fr","15":"tag-france","16":"tag-lyon","17":"tag-news","18":"tag-police","19":"tag-republique-francaise","20":"tag-societe"},"share_on_mastodon":{"url":"https:\/\/pubeurope.com\/@fr\/114987478750005673","error":""},"_links":{"self":[{"href":"https:\/\/www.europesays.com\/fr\/wp-json\/wp\/v2\/posts\/302742","targetHints":{"allow":["GET"]}}],"collection":[{"href":"https:\/\/www.europesays.com\/fr\/wp-json\/wp\/v2\/posts"}],"about":[{"href":"https:\/\/www.europesays.com\/fr\/wp-json\/wp\/v2\/types\/post"}],"author":[{"embeddable":true,"href":"https:\/\/www.europesays.com\/fr\/wp-json\/wp\/v2\/users\/2"}],"replies":[{"embeddable":true,"href":"https:\/\/www.europesays.com\/fr\/wp-json\/wp\/v2\/comments?post=302742"}],"version-history":[{"count":0,"href":"https:\/\/www.europesays.com\/fr\/wp-json\/wp\/v2\/posts\/302742\/revisions"}],"wp:featuredmedia":[{"embeddable":true,"href":"https:\/\/www.europesays.com\/fr\/wp-json\/wp\/v2\/media\/302743"}],"wp:attachment":[{"href":"https:\/\/www.europesays.com\/fr\/wp-json\/wp\/v2\/media?parent=302742"}],"wp:term":[{"taxonomy":"category","embeddable":true,"href":"https:\/\/www.europesays.com\/fr\/wp-json\/wp\/v2\/categories?post=302742"},{"taxonomy":"post_tag","embeddable":true,"href":"https:\/\/www.europesays.com\/fr\/wp-json\/wp\/v2\/tags?post=302742"}],"curies":[{"name":"wp","href":"https:\/\/api.w.org\/{rel}","templated":true}]}}