{"id":302744,"date":"2025-08-07T12:27:10","date_gmt":"2025-08-07T12:27:10","guid":{"rendered":"https:\/\/www.europesays.com\/fr\/302744\/"},"modified":"2025-08-07T12:27:10","modified_gmt":"2025-08-07T12:27:10","slug":"une-quarantaine-de-personnes-infectees-par-le-virus-de-lhepatite-a-lars-fait-de-la-prevention","status":"publish","type":"post","link":"https:\/\/www.europesays.com\/fr\/302744\/","title":{"rendered":"une quarantaine de personnes infect\u00e9es par le virus de l\u2019h\u00e9patite A, l\u2019ARS fait de la pr\u00e9vention"},"content":{"rendered":"<p itemprop=\"description\"><strong>Face \u00e0 la recrudescence du virus de l\u2019h\u00e9patite A \u00e0 Lyon, l\u2019ARS passe \u00e0 l\u2019action.<\/strong><\/p>\n<p>Depuis le mois de juin, l\u2019Europe est touch\u00e9e par une augmentation s\u00e9rieuse du nombre de personnes contamin\u00e9es par le virus de l\u2019h\u00e9patite A. Et les habitants de la m\u00e9tropole de Lyon ne sont pas \u00e9pargn\u00e9s. D\u2019apr\u00e8s les derniers chiffres publi\u00e9s par l\u2019Agence r\u00e9gionale de sant\u00e9 (ARS) Auvergne-Rh\u00f4ne-Alpes, plus de 40 personnes r\u00e9sidents dans l\u2019agglom\u00e9ration ont \u00e9t\u00e9 infect\u00e9es par cette maladie du foie.<\/p>\n<p>Rappelons que l\u2019h\u00e9patite A se transmet en grande partie par l\u2019eau ou des aliments souill\u00e9s, ainsi que par le contact avec des objets ou des mains contamin\u00e9s.<\/p>\n<p>Pour faire face \u00e0 cette \u00e9pid\u00e9mie, l\u2019ARS recommande de se laver r\u00e9guli\u00e8rement les mains \u00e0 l\u2019eau et au savon \u00ab\u00a0en particulier avant les repas et apr\u00e8s le passage aux toilettes\u00a0\u00bb, de laver ses aliments avec de l\u2019eau potable et d\u2019\u00e9viter de manger des fruits de mer crus ou peu cuits.<\/p>\n<p>De plus, il est fortement conseill\u00e9 de se vacciner (si cela n\u2019est pas d\u00e9j\u00e0 fait) contre l\u2019h\u00e9patite A en cas de voyage dans les zones o\u00f9 l\u2019\u00e9pid\u00e9mie circule \u00e9norm\u00e9ment. L\u2019Afrique, l\u2019Am\u00e9rique latine, le Moyen-Orient, l\u2019Asie centrale et l\u2019Oc\u00e9anie sont vis\u00e9s par cette campagne de vaccination. Mais avant de se d\u00e9placer dans ces secteurs, il est souhaitable d\u2019obtenir un avis m\u00e9dical.<\/p>\n","protected":false},"excerpt":{"rendered":"Face \u00e0 la recrudescence du virus de l\u2019h\u00e9patite A \u00e0 Lyon, l\u2019ARS passe \u00e0 l\u2019action. Depuis le mois&hellip;\n","protected":false},"author":2,"featured_media":302745,"comment_status":"","ping_status":"","sticky":false,"template":"","format":"standard","meta":{"footnotes":""},"categories":[1889],"tags":[1111,11,2813,2190,2430,1109,251,1112,2811,1777,674,118,1011,27,1922,1110,1114,2428,2810,12,241,316,25,2812,517,800],"class_list":{"0":"post-302744","1":"post","2":"type-post","3":"status-publish","4":"format-standard","5":"has-post-thumbnail","7":"category-lyon","8":"tag-actu","9":"tag-actualites","10":"tag-article","11":"tag-asvel","12":"tag-auvergne-rhone-alpes","13":"tag-breves","14":"tag-culture","15":"tag-depeches","16":"tag-economique","17":"tag-eu","18":"tag-europe","19":"tag-faits-divers","20":"tag-fr","21":"tag-france","22":"tag-info","23":"tag-informations","24":"tag-infos","25":"tag-lyon","26":"tag-lyonmag","27":"tag-news","28":"tag-ol","29":"tag-politique","30":"tag-republique-francaise","31":"tag-sociale","32":"tag-sport","33":"tag-transports"},"share_on_mastodon":{"url":"https:\/\/pubeurope.com\/@fr\/114987482666488987","error":""},"_links":{"self":[{"href":"https:\/\/www.europesays.com\/fr\/wp-json\/wp\/v2\/posts\/302744","targetHints":{"allow":["GET"]}}],"collection":[{"href":"https:\/\/www.europesays.com\/fr\/wp-json\/wp\/v2\/posts"}],"about":[{"href":"https:\/\/www.europesays.com\/fr\/wp-json\/wp\/v2\/types\/post"}],"author":[{"embeddable":true,"href":"https:\/\/www.europesays.com\/fr\/wp-json\/wp\/v2\/users\/2"}],"replies":[{"embeddable":true,"href":"https:\/\/www.europesays.com\/fr\/wp-json\/wp\/v2\/comments?post=302744"}],"version-history":[{"count":0,"href":"https:\/\/www.europesays.com\/fr\/wp-json\/wp\/v2\/posts\/302744\/revisions"}],"wp:featuredmedia":[{"embeddable":true,"href":"https:\/\/www.europesays.com\/fr\/wp-json\/wp\/v2\/media\/302745"}],"wp:attachment":[{"href":"https:\/\/www.europesays.com\/fr\/wp-json\/wp\/v2\/media?parent=302744"}],"wp:term":[{"taxonomy":"category","embeddable":true,"href":"https:\/\/www.europesays.com\/fr\/wp-json\/wp\/v2\/categories?post=302744"},{"taxonomy":"post_tag","embeddable":true,"href":"https:\/\/www.europesays.com\/fr\/wp-json\/wp\/v2\/tags?post=302744"}],"curies":[{"name":"wp","href":"https:\/\/api.w.org\/{rel}","templated":true}]}}