{"id":302746,"date":"2025-08-07T12:31:14","date_gmt":"2025-08-07T12:31:14","guid":{"rendered":"https:\/\/www.europesays.com\/fr\/302746\/"},"modified":"2025-08-07T12:31:14","modified_gmt":"2025-08-07T12:31:14","slug":"londres-annonce-avoir-arrete-les-premiers-migrants-sous-le-coup-du-nouveau-traite-franco-britannique","status":"publish","type":"post","link":"https:\/\/www.europesays.com\/fr\/302746\/","title":{"rendered":"Londres annonce avoir arr\u00eat\u00e9 les premiers migrants sous le coup du nouveau trait\u00e9 franco-britannique"},"content":{"rendered":"<p class=\"c-chapo \">\n  Annonc\u00e9 lors de la visite d&rsquo;Etat d&rsquo;Emmanuel Macron au Royaume-Uni en juillet, le dispositif vise \u00e0 dissuader les personnes souhaitant traverser la Manche sur des embarcations pr\u00e9caires et bond\u00e9es.\n<\/p>\n<p>            lire plus tard<\/p>\n<p id=\"dialog__title\" class=\"dialog__title\">Pour sauvegarder cet article, connectez-vous ou cr\u00e9ez un compte franceinfo<\/p>\n<p class=\"dialog__description\">Sans paiement. Sans abonnement.<\/p>\n<p>        Fermer la fen\u00eatre d\u2019activation des notifications France Info<\/p>\n<p>            cr\u00e9er votre compte<\/p>\n<p>            se connecter<\/p>\n<p>        Fermer la fen\u00eatre de pr\u00e9sentation<\/p>\n<p>    <img loading=\"lazy\" decoding=\"async\" class=\"signature__image lazyload\" width=\"100\" height=\"100\" data- alt=\"\" src=\"https:\/\/www.europesays.com\/fr\/wp-content\/uploads\/2025\/05\/64a68815cd1a7_placeholder-36b69ec8.png\"\/><\/p>\n<p>    Publi\u00e9 le 07\/08\/2025 11:59<\/p>\n<p>      Mis \u00e0 jour le 07\/08\/2025 13:29<\/p>\n<p>        Temps de lecture : 1min<\/p>\n<p>    <img decoding=\"async\"  alt=\"Des migrants sur la plage d'Equihen (Pas-de-Calais), le 30 juin 2025. (SAMEER AL-DOUMY \/ AFP)\" width=\"432\" height=\"243\" src=\"https:\/\/www.europesays.com\/fr\/wp-content\/uploads\/2025\/08\/000-64cg664-6894786cc0cdc740731970.jpg\" fetchpriority=\"high\"\/><\/p>\n<p>      Des migrants sur la plage d&rsquo;Equihen (Pas-de-Calais), le 30 juin 2025. (SAMEER AL-DOUMY \/ AFP)<\/p>\n<p>Le minist\u00e8re de l&rsquo;Int\u00e9rieur britannique a annonc\u00e9, jeudi 7\u00a0ao\u00fbt, avoir plac\u00e9 en d\u00e9tention les premiers migrants arriv\u00e9s au Royaume-Uni sur des petits bateaux et ayant vocation \u00e0 \u00eatre renvoy\u00e9s en France dans le cadre du <a href=\"https:\/\/www.franceinfo.fr\/monde\/europe\/migrants\/l-accord-franco-britannique-sur-l-echange-de-migrants-entrera-en-vigueur-mercredi_7418977.html\" rel=\"nofollow noopener\" target=\"_blank\">trait\u00e9 franco-britannique<\/a> entr\u00e9 en vigueur mercredi.<\/p>\n<p>\u00ab\u00a0Les personnes arriv\u00e9es au Royaume-Uni sur un bateau hier midi ont \u00e9t\u00e9 plac\u00e9es en d\u00e9tention. Elles seront plac\u00e9es dans des centres de r\u00e9tention administrative en attendant leur expulsion\u00a0\u00bb, a \u00e9crit le Home Office dans un communiqu\u00e9, sans pr\u00e9ciser combien de migrants avaient \u00e9t\u00e9 arr\u00eat\u00e9s.<\/p>\n<p>Ce nouveau trait\u00e9 franco-britannique, annonc\u00e9 lors de la visite d&rsquo;Etat d&rsquo;Emmanuel Macron au Royaume-Uni en juillet, vise \u00e0 dissuader les personnes souhaitant traverser la Manche sur des embarcations pr\u00e9caires et bond\u00e9es, organis\u00e9es par des r\u00e9seaux de passeurs. Selon Londres, les premi\u00e8res expulsions vers la France devraient avoir lieu \u00ab\u00a0dans les prochaines semaines\u00a0\u00bb.<\/p>\n<p>Le Royaume-Uni va transmettre \u00e0 la France, dans un d\u00e9lai de trois jours, les noms des migrants arr\u00eat\u00e9s qu&rsquo;elle souhaite expulser, et les autorit\u00e9s fran\u00e7aises auront 14 jours pour r\u00e9pondre, d\u00e9taille le Home Office.<\/p>\n<p class=\"related-tags__title\" role=\"heading\" aria-level=\"2\">les mots-cl\u00e9s associ\u00e9s \u00e0 cet article\n    <\/p>\n","protected":false},"excerpt":{"rendered":"Annonc\u00e9 lors de la visite d&rsquo;Etat d&rsquo;Emmanuel Macron au Royaume-Uni en juillet, le dispositif vise \u00e0 dissuader les&hellip;\n","protected":false},"author":2,"featured_media":302747,"comment_status":"","ping_status":"","sticky":false,"template":"","format":"standard","meta":{"footnotes":""},"categories":[1888],"tags":[1111,1928,11,1927,1777,674,1011,27,12,1926,626,1925,25],"class_list":{"0":"post-302746","1":"post","2":"type-post","3":"status-publish","4":"format-standard","5":"has-post-thumbnail","7":"category-paris","8":"tag-actu","9":"tag-actu-paris","10":"tag-actualites","11":"tag-actualites-paris","12":"tag-eu","13":"tag-europe","14":"tag-fr","15":"tag-france","16":"tag-news","17":"tag-news-paris","18":"tag-paris","19":"tag-paris-news","20":"tag-republique-francaise"},"share_on_mastodon":{"url":"https:\/\/pubeurope.com\/@fr\/114987498584423810","error":""},"_links":{"self":[{"href":"https:\/\/www.europesays.com\/fr\/wp-json\/wp\/v2\/posts\/302746","targetHints":{"allow":["GET"]}}],"collection":[{"href":"https:\/\/www.europesays.com\/fr\/wp-json\/wp\/v2\/posts"}],"about":[{"href":"https:\/\/www.europesays.com\/fr\/wp-json\/wp\/v2\/types\/post"}],"author":[{"embeddable":true,"href":"https:\/\/www.europesays.com\/fr\/wp-json\/wp\/v2\/users\/2"}],"replies":[{"embeddable":true,"href":"https:\/\/www.europesays.com\/fr\/wp-json\/wp\/v2\/comments?post=302746"}],"version-history":[{"count":0,"href":"https:\/\/www.europesays.com\/fr\/wp-json\/wp\/v2\/posts\/302746\/revisions"}],"wp:featuredmedia":[{"embeddable":true,"href":"https:\/\/www.europesays.com\/fr\/wp-json\/wp\/v2\/media\/302747"}],"wp:attachment":[{"href":"https:\/\/www.europesays.com\/fr\/wp-json\/wp\/v2\/media?parent=302746"}],"wp:term":[{"taxonomy":"category","embeddable":true,"href":"https:\/\/www.europesays.com\/fr\/wp-json\/wp\/v2\/categories?post=302746"},{"taxonomy":"post_tag","embeddable":true,"href":"https:\/\/www.europesays.com\/fr\/wp-json\/wp\/v2\/tags?post=302746"}],"curies":[{"name":"wp","href":"https:\/\/api.w.org\/{rel}","templated":true}]}}