{"id":302748,"date":"2025-08-07T12:32:10","date_gmt":"2025-08-07T12:32:10","guid":{"rendered":"https:\/\/www.europesays.com\/fr\/302748\/"},"modified":"2025-08-07T12:32:10","modified_gmt":"2025-08-07T12:32:10","slug":"les-locaux-de-la-compagnie-aerienne-israelienne-el-al-vandalises-a-paris","status":"publish","type":"post","link":"https:\/\/www.europesays.com\/fr\/302748\/","title":{"rendered":"les locaux de la compagnie a\u00e9rienne isra\u00e9lienne El Al vandalis\u00e9s \u00e0 Paris"},"content":{"rendered":"<p>L&rsquo;entr\u00e9e des locaux de la <a href=\"https:\/\/www.bfmtv.com\/international\/israel-sur-el-al-les-femmes-ne-cederont-plus-leur-place-aux-religieux_AN-201706220032.html\" rel=\"nofollow noopener\" target=\"_blank\" data-ylk=\"slk:compagnie a\u00e9rienne isra\u00e9lienne;elm:context_link;itc:0;sec:content-canvas\" class=\"link \">compagnie a\u00e9rienne isra\u00e9lienne<\/a> El Al \u00e0 Paris a \u00e9t\u00e9 recouverte de peinture rouge et de tags hostiles dans la nuit de mercredi 6 \u00e0 ce jeudi 7 ao\u00fbt.<\/p>\n<p>Des journalistes de l&rsquo;AFP ont constat\u00e9 jeudi matin des inscriptions \u00ab\u00a0Palestine vivra, Palestine vaincra\u00a0\u00bb, \u00ab\u00a0Fuck zionism\u00a0\u00bb ou encore \u00ab\u00a0El Al Genocide Airline\u00a0\u00bb sur les murs entourant la porte d&rsquo;entr\u00e9e de l&rsquo;immeuble abritant les locaux de la compagnie dans le IIIe arrondissement. La fa\u00e7ade et le sol ont \u00e9t\u00e9 asperg\u00e9s de peinture rouge.<\/p>\n<p>\u00ab\u00a0Un acte barbare\u00a0\u00bb<\/p>\n<p>Le ministre des Transports fran\u00e7ais a \u00ab\u00a0condamn\u00e9\u00a0\u00bb cet acte, dans un tweet. \u00ab\u00a0Je condamne avec la plus grande fermet\u00e9 les actes de vandalisme visant les locaux de la compagnie isra\u00e9lienne El Al la nuit derni\u00e8re, \u00e0 Paris\u00a0\u00bb, a-t-il \u00e9crit avant d&rsquo;ajouter:<\/p>\n<p>\u00ab\u00a0J\u2019apporte tout mon soutien aux \u00e9quipes d&rsquo;El Al. Les actes de haine et d&rsquo;antis\u00e9mitisme n\u2019ont pas leur place dans notre R\u00e9publique.\u00a0\u00bb<\/p>\n<p>La ministre isra\u00e9lienne des Transports, Miri Regev, a condamn\u00e9 sur X un \u00ab\u00a0acte barbare et violent contre El Al\u00a0\u00bb.<\/p>\n<p>\u00ab\u00a0Aujourd&rsquo;hui c&rsquo;est El Al, demain c&rsquo;est Air France. Lorsque le pr\u00e9sident fran\u00e7ais Macron annonce des cadeaux au Hamas, voici le r\u00e9sultat\u00a0\u00bb, a-t-elle aussi \u00e9crit.<\/p>\n<p>Emmanuel Macron a annonc\u00e9 fin juillet que la France reconna\u00eetrait <a href=\"https:\/\/fr.news.yahoo.com\/%C3%A9tat-palestine-reconnu-france-jean-081648909.html\" data-ylk=\"slk:l&#039;\u00c9tat de Palestine;elm:context_link;itc:0;sec:content-canvas;outcm:mb_qualified_link;_E:mb_qualified_link;ct:story;\" class=\"link  yahoo-link\" target=\"_blank\" rel=\"noopener\">l&rsquo;\u00c9tat de Palestine<\/a> en septembre \u00e0 l&rsquo;ONU.<\/p>\n<p>Le b\u00e2timent \u00e9tait vide au moment des faits<\/p>\n<p>Selon la compagnie, cit\u00e9e par la cha\u00eene de t\u00e9l\u00e9vision isra\u00e9lienne N12, \u00ab\u00a0l&rsquo;incident s&rsquo;est produit alors que le b\u00e2timent \u00e9tait vide et qu&rsquo;il n&rsquo;y avait aucun danger pour les employ\u00e9s de l&rsquo;entreprise\u00a0\u00bb.<\/p>\n<p>\u00ab\u00a0El Al arbore fi\u00e8rement le drapeau isra\u00e9lien sur la queue de ses avions et condamne toute forme de violence, en particulier celle fond\u00e9e sur l&rsquo;antis\u00e9mitisme\u00a0\u00bb, a ajout\u00e9 la compagnie nationale.<\/p>\n<p>D\u00e9but juin, <a href=\"https:\/\/www.bfmtv.com\/paris\/vandalisme-sur-des-lieux-juifs-a-paris-l-ambassade-israelienne-evoque-un-contexte-de-discorde-entre-la-france-et-israel_AD-202505310318.html\" rel=\"nofollow noopener\" target=\"_blank\" data-ylk=\"slk:plusieurs lieux juifs \u00e0 Paris;elm:context_link;itc:0;sec:content-canvas\" class=\"link \">plusieurs lieux juifs \u00e0 Paris<\/a> avaient \u00e9t\u00e9 asperg\u00e9s de peinture verte, et trois Serbes ont \u00e9t\u00e9 mis en examen et \u00e9crou\u00e9s, suspect\u00e9s par les enqu\u00eateurs d&rsquo;avoir agi dans le but de servir les int\u00e9r\u00eats d&rsquo;une <a href=\"https:\/\/www.bfmtv.com\/paris\/jets-de-peinture-visant-des-lieux-de-la-communaute-juive-les-trois-serbes-arretes-mis-en-examen_AN-202506060292.html\" rel=\"nofollow noopener\" target=\"_blank\" data-ylk=\"slk:puissance \u00e9trang\u00e8re;elm:context_link;itc:0;sec:content-canvas\" class=\"link \">puissance \u00e9trang\u00e8re<\/a>, possiblement la Russie.<\/p>\n<p>Autre incident, <a href=\"https:\/\/fr.news.yahoo.com\/free-palestine-plateaux-repas-casher-123051743.html\" data-ylk=\"slk:cette fois dans un avion;elm:context_link;itc:0;sec:content-canvas;outcm:mb_qualified_link;_E:mb_qualified_link;ct:story;\" class=\"link  yahoo-link\" target=\"_blank\" rel=\"noopener\">cette fois dans un avion<\/a>. Des passagers juifs qui avaient command\u00e9 des menus casher dans un vol d&rsquo;Iberia ont re\u00e7u des plateaux-repas portant une inscription \u00ab\u00a0Free Palestine\u00a0\u00bb, lundi 4 ao\u00fbt.<\/p>\n<p>Isra\u00ebl est en guerre dans la bande de Gaza depuis l&rsquo;attaque du Hamas sur son sol le 7 octobre 2023.<\/p>\n<p>Cette attaque a entra\u00een\u00e9 du c\u00f4t\u00e9 isra\u00e9lien la mort de 1.219 personnes, en majorit\u00e9 des civils, selon un d\u00e9compte de l&rsquo;AFP r\u00e9alis\u00e9 \u00e0 partir de donn\u00e9es officielles. L&rsquo;offensive isra\u00e9lienne men\u00e9e en repr\u00e9sailles a fait au moins <a href=\"https:\/\/fr.news.yahoo.com\/guerre-%C3%A0-gaza-pr%C3%A8s-1-100427981.html\" data-ylk=\"slk:61.158 morts \u00e0 Gaza;elm:context_link;itc:0;sec:content-canvas;outcm:mb_qualified_link;_E:mb_qualified_link;ct:story;\" class=\"link  yahoo-link\" target=\"_blank\" rel=\"noopener\">61.158 morts \u00e0 Gaza<\/a>, en majorit\u00e9 des civils, selon les donn\u00e9es du minist\u00e8re de la Sant\u00e9 du Hamas, jug\u00e9es fiables par l&rsquo;ONU.<\/p>\n<p><a href=\"https:\/\/www.bfmtv.com\/international\/moyen-orient\/israel\/genocide-airline-les-locaux-de-la-compagnie-aerienne-israelienne-el-al-vandalises-a-paris_AD-202508070290.html#xtor=AL-68\" rel=\"nofollow noopener\" target=\"_blank\" data-ylk=\"slk:Article original publi\u00e9 sur BFMTV.com;elm:context_link;itc:0;sec:content-canvas\" class=\"link \">Article original publi\u00e9 sur BFMTV.com<\/a><\/p>\n","protected":false},"excerpt":{"rendered":"L&rsquo;entr\u00e9e des locaux de la compagnie a\u00e9rienne isra\u00e9lienne El Al \u00e0 Paris a \u00e9t\u00e9 recouverte de peinture rouge&hellip;\n","protected":false},"author":2,"featured_media":302749,"comment_status":"","ping_status":"","sticky":false,"template":"","format":"standard","meta":{"footnotes":""},"categories":[1888],"tags":[42132,1111,1928,11,1927,8763,44284,44283,1777,674,1011,27,41525,12,1926,626,1925,25],"class_list":{"0":"post-302748","1":"post","2":"type-post","3":"status-publish","4":"format-standard","5":"has-post-thumbnail","7":"category-paris","8":"tag-actes-de-vandalisme","9":"tag-actu","10":"tag-actu-paris","11":"tag-actualites","12":"tag-actualites-paris","13":"tag-compagnie-aerienne","14":"tag-compagnie-israelienne","15":"tag-el-al","16":"tag-eu","17":"tag-europe","18":"tag-fr","19":"tag-france","20":"tag-la-compagnie","21":"tag-news","22":"tag-news-paris","23":"tag-paris","24":"tag-paris-news","25":"tag-republique-francaise"},"share_on_mastodon":{"url":"https:\/\/pubeurope.com\/@fr\/114987502346833298","error":""},"_links":{"self":[{"href":"https:\/\/www.europesays.com\/fr\/wp-json\/wp\/v2\/posts\/302748","targetHints":{"allow":["GET"]}}],"collection":[{"href":"https:\/\/www.europesays.com\/fr\/wp-json\/wp\/v2\/posts"}],"about":[{"href":"https:\/\/www.europesays.com\/fr\/wp-json\/wp\/v2\/types\/post"}],"author":[{"embeddable":true,"href":"https:\/\/www.europesays.com\/fr\/wp-json\/wp\/v2\/users\/2"}],"replies":[{"embeddable":true,"href":"https:\/\/www.europesays.com\/fr\/wp-json\/wp\/v2\/comments?post=302748"}],"version-history":[{"count":0,"href":"https:\/\/www.europesays.com\/fr\/wp-json\/wp\/v2\/posts\/302748\/revisions"}],"wp:featuredmedia":[{"embeddable":true,"href":"https:\/\/www.europesays.com\/fr\/wp-json\/wp\/v2\/media\/302749"}],"wp:attachment":[{"href":"https:\/\/www.europesays.com\/fr\/wp-json\/wp\/v2\/media?parent=302748"}],"wp:term":[{"taxonomy":"category","embeddable":true,"href":"https:\/\/www.europesays.com\/fr\/wp-json\/wp\/v2\/categories?post=302748"},{"taxonomy":"post_tag","embeddable":true,"href":"https:\/\/www.europesays.com\/fr\/wp-json\/wp\/v2\/tags?post=302748"}],"curies":[{"name":"wp","href":"https:\/\/api.w.org\/{rel}","templated":true}]}}