{"id":302759,"date":"2025-08-07T12:38:11","date_gmt":"2025-08-07T12:38:11","guid":{"rendered":"https:\/\/www.europesays.com\/fr\/302759\/"},"modified":"2025-08-07T12:38:11","modified_gmt":"2025-08-07T12:38:11","slug":"londres-dit-avoir-arrete-les-premiers-migrants-dans-le-cadre-du-nouveau-traite-franco-britannique","status":"publish","type":"post","link":"https:\/\/www.europesays.com\/fr\/302759\/","title":{"rendered":"Londres dit avoir arr\u00eat\u00e9 les premiers migrants dans le cadre du nouveau trait\u00e9 franco-britannique"},"content":{"rendered":"<p>\u00ab\u00a0Les personnes arriv\u00e9es au Royaume-Uni sur un bateau hier midi ont \u00e9t\u00e9 plac\u00e9es en d\u00e9tention. Elles seront plac\u00e9es dans des centres de r\u00e9tention administrative en attendant leur expulsion\u00a0\u00bb, a indiqu\u00e9 le Home Office.<\/p>\n<p><a href=\"https:\/\/www.rtbf.be\/article\/un-accord-pour-un-echange-de-migrants-entre-le-royaume-uni-et-la-france-entrera-en-vigueur-11574651\" rel=\"nofollow noopener\" target=\"_blank\">Ce nouveau trait\u00e9 franco-britannique, annonc\u00e9 lors de la visite d&rsquo;Etat du pr\u00e9sident fran\u00e7ais Emmanuel Macron au Royaume-Uni en juillet<\/a>, vise \u00e0 dissuader les personnes souhaitant traverser la Manche sur des embarcations pr\u00e9caires et bond\u00e9es, organis\u00e9es par des r\u00e9seaux de passeurs.<\/p>\n<p>Le Royaume-Uni va transmettre \u00e0 la France dans un d\u00e9lai de trois jours les noms des migrants arr\u00eat\u00e9s qu&rsquo;elle souhaite expulser, et les autorit\u00e9s fran\u00e7aises auront 14 jours pour r\u00e9pondre, d\u00e9taille le Home Office.<\/p>\n<p>\u00ab\u00a0Quand j&rsquo;ai promis que je ne reculerai devant rien pour s\u00e9curiser nos fronti\u00e8res, j&rsquo;\u00e9tais s\u00e9rieux\u00a0\u00bb, s&rsquo;est f\u00e9licit\u00e9 sur X le Premier ministre Keir Starmer, qui est sous pression pour endiguer ces arriv\u00e9es de migrants.<\/p>\n<p><a href=\"https:\/\/www.rtbf.be\/article\/le-nombre-de-migrants-qui-ont-traverse-la-manche-en-2025-franchit-le-seuil-des-20-000-un-record-aussi-tot-dans-l-annee-11570798\" rel=\"nofollow noopener\" target=\"_blank\">Un nombre record de plus de 25.400 personnes sont entr\u00e9es au Royaume-Uni par ce biais depuis le d\u00e9but de l&rsquo;ann\u00e9e, en hausse de 49% sur un an.<\/a><\/p>\n<p>Le trait\u00e9 est bas\u00e9 sur un principe d'\u00a0\u00bbun pour un\u00a0\u00bb. La France reprendra des migrants arriv\u00e9s au Royaume-Uni par \u00ab\u00a0small boat\u00a0\u00bb et dont la demande d&rsquo;asile n&rsquo;y est pas jug\u00e9e admissible.<\/p>\n<p>Dans l&rsquo;autre sens, Londres acceptera des personnes se trouvant en France et ayant fait une demande sur une plateforme en ligne, en donnant la priorit\u00e9 \u00e0 celles ayant des liens avec le Royaume-Uni.<br \/>\u00a0<\/p>\n","protected":false},"excerpt":{"rendered":"\u00ab\u00a0Les personnes arriv\u00e9es au Royaume-Uni sur un bateau hier midi ont \u00e9t\u00e9 plac\u00e9es en d\u00e9tention. Elles seront plac\u00e9es&hellip;\n","protected":false},"author":2,"featured_media":302760,"comment_status":"","ping_status":"","sticky":false,"template":"","format":"standard","meta":{"footnotes":""},"categories":[1588],"tags":[11,1777,674,12,473,1853,1851,1850,1852],"class_list":{"0":"post-302759","1":"post","2":"type-post","3":"status-publish","4":"format-standard","5":"has-post-thumbnail","7":"category-royaume-uni","8":"tag-actualites","9":"tag-eu","10":"tag-europe","11":"tag-news","12":"tag-royaume-uni","13":"tag-royaume-uni-de-grande-bretagne-et-dirlande-du-nord","14":"tag-uk","15":"tag-united-kingdom","16":"tag-united-kingdom-of-great-britain-and-northern-ireland"},"share_on_mastodon":{"url":"https:\/\/pubeurope.com\/@fr\/114987526086122275","error":""},"_links":{"self":[{"href":"https:\/\/www.europesays.com\/fr\/wp-json\/wp\/v2\/posts\/302759","targetHints":{"allow":["GET"]}}],"collection":[{"href":"https:\/\/www.europesays.com\/fr\/wp-json\/wp\/v2\/posts"}],"about":[{"href":"https:\/\/www.europesays.com\/fr\/wp-json\/wp\/v2\/types\/post"}],"author":[{"embeddable":true,"href":"https:\/\/www.europesays.com\/fr\/wp-json\/wp\/v2\/users\/2"}],"replies":[{"embeddable":true,"href":"https:\/\/www.europesays.com\/fr\/wp-json\/wp\/v2\/comments?post=302759"}],"version-history":[{"count":0,"href":"https:\/\/www.europesays.com\/fr\/wp-json\/wp\/v2\/posts\/302759\/revisions"}],"wp:featuredmedia":[{"embeddable":true,"href":"https:\/\/www.europesays.com\/fr\/wp-json\/wp\/v2\/media\/302760"}],"wp:attachment":[{"href":"https:\/\/www.europesays.com\/fr\/wp-json\/wp\/v2\/media?parent=302759"}],"wp:term":[{"taxonomy":"category","embeddable":true,"href":"https:\/\/www.europesays.com\/fr\/wp-json\/wp\/v2\/categories?post=302759"},{"taxonomy":"post_tag","embeddable":true,"href":"https:\/\/www.europesays.com\/fr\/wp-json\/wp\/v2\/tags?post=302759"}],"curies":[{"name":"wp","href":"https:\/\/api.w.org\/{rel}","templated":true}]}}