{"id":302761,"date":"2025-08-07T12:39:09","date_gmt":"2025-08-07T12:39:09","guid":{"rendered":"https:\/\/www.europesays.com\/fr\/302761\/"},"modified":"2025-08-07T12:39:09","modified_gmt":"2025-08-07T12:39:09","slug":"les-controles-temporaires-aux-frontieres-vont-de-nouveau-etre-prolonges","status":"publish","type":"post","link":"https:\/\/www.europesays.com\/fr\/302761\/","title":{"rendered":"les contr\u00f4les temporaires aux fronti\u00e8res vont de nouveau \u00eatre prolong\u00e9s"},"content":{"rendered":"<p>Au nom de la \u00abs\u00e9curit\u00e9 int\u00e9rieure\u00bb, l\u2019Allemagne avait r\u00e9tabli des contr\u00f4les temporaires \u00e0 toutes ses fronti\u00e8res le 16 septembre 2024, pour une dur\u00e9e de six mois.<\/p>\n<p class=\"fig-paragraph\"><a href=\"http:\/\/www.lefigaro.fr\/international\/allemagne-arrestation-de-plusieurs-adolescents-soupconnes-d-attaques-contre-des-migrants-20250521\" target=\"_blank\" data-fig-type=\"NewsFlash\" rel=\"noopener\" data-gtm-custom-categorie=\"navigation\" data-gtm-custom-action=\"crossclick\" data-gtm-custom-label=\"Contextuel\" data-gtm-event=\"customEventSPE\" data-fig-domain=\"LEFIGARO\">L&rsquo;Allemagne<\/a>\u00a0va prolonger une nouvelle fois ses contr\u00f4les temporaires aux fronti\u00e8res, a annonc\u00e9 jeudi 7 ao\u00fbt le ministre de l&rsquo;Int\u00e9rieur \u00e0 propos d&rsquo;une mesure destin\u00e9e \u00e0 lutter contre l&rsquo;immigration ill\u00e9gale qui a entra\u00een\u00e9 des frictions avec les pays voisins. \u00abNous continuerons \u00e0 maintenir les contr\u00f4les aux fronti\u00e8res\u00bb, a d\u00e9clar\u00e9 Alexander Dobrindt dans le podcast Table.Today.<\/p>\n<p class=\"fig-paragraph\">Au nom de la \u00abs\u00e9curit\u00e9 int\u00e9rieure\u00bb, l&rsquo;Allemagne avait r\u00e9tabli des contr\u00f4les temporaires \u00e0 toutes ses fronti\u00e8res le 16 septembre 2024, pour une dur\u00e9e de six mois.<\/p>\n<p class=\"fig-body-link\">\n            \u00c0 lire aussi<br \/>\n        <a class=\"fig-body-link__link\" href=\"http:\/\/www.lefigaro.fr\/voyages\/l-allemagne-retablit-les-controles-aux-frontieres-quelles-consequences-pour-les-voyageurs-20240916\" data-fig-type=\"Article\" data-gtm-custom-categorie=\"navigation\" data-gtm-custom-action=\"crossclick\" data-gtm-custom-label=\"Contextuel\" data-gtm-event=\"customEventSPE\" data-fig-domain=\"LEFIGARO\" target=\"_blank\" rel=\"noopener\">L\u2019Allemagne r\u00e9tablit les contr\u00f4les aux fronti\u00e8res\u00a0: quelles cons\u00e9quences pour les voyageurs\u00a0?<br \/>\n    <\/a>\n<\/p>\n<p>                                    <a class=\"fig-a11y-skip a11y-hidden\" href=\"#fig-a11y-skip-main-inarticle\"><br \/>\n        Passer la publicit\u00e9<br \/>\n    <\/a><\/p>\n<p>Durcissement de la politique migratoire<\/p>\n<p class=\"fig-paragraph\">Juste avant les \u00e9lections l\u00e9gislatives de fin f\u00e9vrier, l&rsquo;ancien chancelier\u00a0<a href=\"http:\/\/www.lefigaro.fr\/international\/allemagne-olaf-scholz-annonce-que-les-controles-aux-frontieres-sont-prolonges-de-six-mois-20250212\" target=\"_blank\" data-fig-type=\"NewsFlash\" rel=\"noopener\" data-gtm-custom-categorie=\"navigation\" data-gtm-custom-action=\"crossclick\" data-gtm-custom-label=\"Contextuel\" data-gtm-event=\"customEventSPE\" data-fig-domain=\"LEFIGARO\">Olaf Scholz\u00a0<\/a>avait annonc\u00e9 la prolongation de la mesure pour un semestre suppl\u00e9mentaire, au grand dam des frontaliers. En principe, de tels contr\u00f4les aux fronti\u00e8res int\u00e9rieures sont proscrits au sein de l&rsquo;Espace Schengen, mais en cas de menaces pour l&rsquo;ordre public ou la s\u00e9curit\u00e9, ils sont possibles pour une dur\u00e9e de six mois, avec prolongation pour une dur\u00e9e totale n&rsquo;exc\u00e9dant pas deux ans. \u00abIl s&rsquo;agit d&rsquo;une mesure n\u00e9cessaire jusqu&rsquo;\u00e0 ce que la protection des fronti\u00e8res ext\u00e9rieures (de l&rsquo;UE) soit op\u00e9rationnelle\u00bb, a justifi\u00e9 le ministre.<\/p>\n<p class=\"fig-paragraph\">Le nouveau chancelier, le conservateur<a href=\"http:\/\/www.lefigaro.fr\/international\/rearmement-immigration-pourquoi-l-allemand-friedrich-merz-trebuche-au-seuil-de-la-chancellerie-20250506\" target=\"_blank\" data-fig-type=\"Article\" rel=\"noopener\" data-gtm-custom-categorie=\"navigation\" data-gtm-custom-action=\"crossclick\" data-gtm-custom-label=\"Contextuel\" data-gtm-event=\"customEventSPE\" data-fig-domain=\"LEFIGARO\">\u00a0Friedrich Merz<\/a>, a fait du durcissement de la politique migratoire une priorit\u00e9 pour enrayer la progression de l&rsquo;extr\u00eame droite. D\u00e8s son entr\u00e9e en fonction en mai, le gouvernement a instaur\u00e9 le refoulement de la plupart des demandeurs d&rsquo;asile aux fronti\u00e8res. Une mesure jug\u00e9e \u00abill\u00e9gale\u00bb par le tribunal administratif de Berlin, saisi par trois Somaliens refoul\u00e9s \u00e0 la fronti\u00e8re polonaise. La mesure controvers\u00e9e a aussi provoqu\u00e9 des tensions avec Varsovie, qui accuse Berlin de lui renvoyer de nombreux migrants et a \u00e9galement temporairement r\u00e9introduit des contr\u00f4les avec son voisin d\u00e9but juillet.<\/p>\n<p>Pr\u00e8s de 10.000 personnes refoul\u00e9es<\/p>\n<p class=\"fig-paragraph\">D&rsquo;apr\u00e8s les chiffres du minist\u00e8re de l&rsquo;Int\u00e9rieur, un total de 9254 personnes a \u00e9t\u00e9 refoul\u00e9 aux fronti\u00e8res entre le 8 mai et le 31 juillet. Cela \u00e9quivaut \u00e0 environ 770 refoulements par semaine, soit un niveau \u00e9quivalent \u00e0 celui des mois pr\u00e9c\u00e9dant l&rsquo;instauration de la mesure. Mais M. Dobrindt insiste sur l&rsquo;effet de dissuasion \u00e0 long terme vis-\u00e0-vis des candidats \u00e0 l&rsquo;asile.<\/p>\n<p class=\"fig-paragraph\">L&rsquo;Allemagne va aussi organiser de nouveaux vols d&rsquo;expulsions vers l&rsquo;<a href=\"https:\/\/www.lefigaro.fr\/tag\/afghanistan\" target=\"_blank\" rel=\"sponsored noopener\" data-gtm-custom-categorie=\"navigation\" data-gtm-custom-action=\"crossclick\" data-gtm-custom-label=\"Contextuel\" data-gtm-event=\"customEventSPE\">Afghanistan<\/a>, affirme Alexander Dobrindt, apr\u00e8s avoir renvoy\u00e9 81 condamn\u00e9s afghans dans leur pays mi-juillet, une deuxi\u00e8me mesure de ce type depuis l&rsquo;\u00e9t\u00e9 2024. Ces expulsions sont \u00e9galement d\u00e9cri\u00e9es, notamment par l&rsquo;ONU, en raison du pouvoir taliban en place.<\/p>\n","protected":false},"excerpt":{"rendered":"Au nom de la \u00abs\u00e9curit\u00e9 int\u00e9rieure\u00bb, l\u2019Allemagne avait r\u00e9tabli des contr\u00f4les temporaires \u00e0 toutes ses fronti\u00e8res le 16&hellip;\n","protected":false},"author":2,"featured_media":302762,"comment_status":"","ping_status":"","sticky":false,"template":"","format":"standard","meta":{"footnotes":""},"categories":[1587],"tags":[11,672,1804,1805,1803,1777,674,6430,1801,1251,12,1802],"class_list":{"0":"post-302761","1":"post","2":"type-post","3":"status-publish","4":"format-standard","5":"has-post-thumbnail","7":"category-allemagne","8":"tag-actualites","9":"tag-allemagne","10":"tag-bundesrepublik-deutschland","11":"tag-de","12":"tag-deutschland","13":"tag-eu","14":"tag-europe","15":"tag-frontieres","16":"tag-germany","17":"tag-migrants","18":"tag-news","19":"tag-republique-federale-dallemagne"},"share_on_mastodon":{"url":"https:\/\/pubeurope.com\/@fr\/114987529875229119","error":""},"_links":{"self":[{"href":"https:\/\/www.europesays.com\/fr\/wp-json\/wp\/v2\/posts\/302761","targetHints":{"allow":["GET"]}}],"collection":[{"href":"https:\/\/www.europesays.com\/fr\/wp-json\/wp\/v2\/posts"}],"about":[{"href":"https:\/\/www.europesays.com\/fr\/wp-json\/wp\/v2\/types\/post"}],"author":[{"embeddable":true,"href":"https:\/\/www.europesays.com\/fr\/wp-json\/wp\/v2\/users\/2"}],"replies":[{"embeddable":true,"href":"https:\/\/www.europesays.com\/fr\/wp-json\/wp\/v2\/comments?post=302761"}],"version-history":[{"count":0,"href":"https:\/\/www.europesays.com\/fr\/wp-json\/wp\/v2\/posts\/302761\/revisions"}],"wp:featuredmedia":[{"embeddable":true,"href":"https:\/\/www.europesays.com\/fr\/wp-json\/wp\/v2\/media\/302762"}],"wp:attachment":[{"href":"https:\/\/www.europesays.com\/fr\/wp-json\/wp\/v2\/media?parent=302761"}],"wp:term":[{"taxonomy":"category","embeddable":true,"href":"https:\/\/www.europesays.com\/fr\/wp-json\/wp\/v2\/categories?post=302761"},{"taxonomy":"post_tag","embeddable":true,"href":"https:\/\/www.europesays.com\/fr\/wp-json\/wp\/v2\/tags?post=302761"}],"curies":[{"name":"wp","href":"https:\/\/api.w.org\/{rel}","templated":true}]}}