{"id":302763,"date":"2025-08-07T12:40:13","date_gmt":"2025-08-07T12:40:13","guid":{"rendered":"https:\/\/www.europesays.com\/fr\/302763\/"},"modified":"2025-08-07T12:40:13","modified_gmt":"2025-08-07T12:40:13","slug":"leurope-sur-de-faibles-variations-lattentisme-domine-07-08-2025-a-1006","status":"publish","type":"post","link":"https:\/\/www.europesays.com\/fr\/302763\/","title":{"rendered":"L&rsquo;Europe sur de faibles variations, l&rsquo;attentisme domine &#8211; 07\/08\/2025 \u00e0 10:06"},"content":{"rendered":"<p>        <img fetchpriority=\"high\" decoding=\"async\" src=\"https:\/\/www.europesays.com\/fr\/wp-content\/uploads\/2025\/08\/3b10461276c9632dce87b1387b52d422-760x507.jpg\" alt=\"Ancien b\u00e2timent de la Bourse de Paris\" loading=\"eager\" width=\"760\" height=\"507\" style=\"max-width: 100%!important; height: auto;\"\/><\/p>\n<p class=\"c-image-news__legend\">Ancien b\u00e2timent de la Bourse de Paris<\/p>\n<p>\n Les principales Bourses europ\u00e9ennes sont sur de faibles variations jeudi en matin\u00e9e, la prudence l&#8217;emportant avec l&rsquo;entr\u00e9e en vigueur de nouveaux droits de douane am\u00e9ricains, une nouvelle salve de r\u00e9sultats d&rsquo;entreprises et une d\u00e9cision de politique mon\u00e9taire attendue de la part de la Banque d&rsquo;Angleterre (BoE).\n<\/p>\n<p>\n \u00c0 Paris, le CAC 40 prend 0,31% \u00e0 7.658,44 points vers 07h15 GMT. \u00c0 Londres, le FTSE 100 c\u00e8de 0,25%, tandis qu&rsquo;\u00e0 Francfort, le Dax grignote 0,06%.\n<\/p>\n<p>\n L&rsquo;indice EuroStoxx 50 progresse de 0,37%, tandis que le FTSEurofirst 300 recule de 0,05%. Le Stoxx 600 gagne 0,26%, tir\u00e9 essentiellement par la finance (+0,38%) et les ressources de base (+0,22%).\n<\/p>\n<p>\n Les contrats \u00e0 terme \u00e0 Wall Street pr\u00e9figurent une hausse de 0,04% pour le Dow Jones, de 0,23% pour le Standard &amp; Poor&rsquo;s 500 et de 0,24% pour le Nasdaq au lendemain d&rsquo;une s\u00e9ance dans le vert marqu\u00e9e par un bond d&rsquo;Apple, qui a annonc\u00e9 un investissement suppl\u00e9mentaire de 100 milliards de dollars aux Etats-Unis.\n<\/p>\n<p>\n Le pr\u00e9sident Donald Trump avait auparavant annonc\u00e9 l&rsquo;application de droits de douane d&rsquo;environ 100% sur les semi-conducteurs import\u00e9s, promettant des exemptions pour les entreprises qui s&rsquo;engagent \u00e0 produire aux Etats-Unis ou pr\u00e9voyant de le faire. Le secteur technologique en Europe avance jeudi de 0,83% mais des groupes comme Infineon et STMicro perdent respectivement 1,37% et 1,12%.\n<\/p>\n<p>\n En plus de l&rsquo;annonce de ces nouvelles surtaxes, dont le calendrier de mise en oeuvre n&rsquo;a pas \u00e9t\u00e9 pr\u00e9cis\u00e9, ce jeudi marque le d\u00e9but de la collecte des nouveaux droits de douane allant de 10% \u00e0 50% sur les produits en provenance de dizaines de partenaires commerciaux des Etats-Unis.\n<\/p>\n<p>\n Sur le plan de la politique mon\u00e9taire, la BoE publiera \u00e0 11h00 GMT sa d\u00e9cision et une nouvelle baisse d&rsquo;un quart de point de son principal taux directeur est attendu par les march\u00e9s. Les inqui\u00e9tudes persistantes sur l&rsquo;inflation risquent cependant de diviser les responsables de la banque et d&rsquo;assombrir les perspectives sur leurs prochaines d\u00e9cisions.\n<\/p>\n<p>\n C\u00f4t\u00e9 entreprises, de nombreuses publications financi\u00e8res en Europe et aux Etats-Unis sont \u00e0 l&rsquo;agenda, \u00e0 commencer par Rheinmetall qui abandonne 4,96% apr\u00e8s avoir publi\u00e9 jeudi un chiffre d&rsquo;affaires l\u00e9g\u00e8rement inf\u00e9rieur aux attentes au titre du deuxi\u00e8me trimestre.\n<\/p>\n<p>\n Henkel prend 1,78%, le fabricant allemand de biens de consommation ayant relev\u00e9 le bas de la fourchette de sa pr\u00e9vision de rentabilit\u00e9 annuelle en termes de ventes ajust\u00e9es.\n<\/p>\n<p>\n Allianz avance de 3,52% apr\u00e8s avoir fait \u00e9tat jeudi d&rsquo;une hausse de 13% de son b\u00e9n\u00e9fice net au deuxi\u00e8me trimestre, d\u00e9passant les attentes.\n<\/p>\n<p>\n Deutsche Telekom chute de 5,27% apr\u00e8s un b\u00e9n\u00e9fice d&rsquo;exploitation trimestriel conforme aux attentes.\n<\/p>\n<p>\n Merck abandonne 2,89%, le groupe allemand ayant relev\u00e9 sa pr\u00e9vision de b\u00e9n\u00e9fice d&rsquo;exploitation pour l&rsquo;ensemble de l&rsquo;ann\u00e9e, hors effet des changes.\n<\/p>\n<p>\n Ap Moller-Maersk grimpe de 5,3%, le groupe de transport de conteneurs ayant publi\u00e9 un b\u00e9n\u00e9fice d&rsquo;exploitation trimestriel sup\u00e9rieur aux attentes et annonc\u00e9 un rel\u00e8vement de ses pr\u00e9visions annuelles.\n<\/p>\n<p>\n WPP perd 4,75%, le groupe publicitaire britannique ayant confirm\u00e9 son avertissement du mois dernier sur ses pr\u00e9visions annuelles.\n<\/p>\n<p>\n (R\u00e9dig\u00e9 par Claude Chendjou, \u00e9dit\u00e9 par Augustin Turpin)<\/p>\n","protected":false},"excerpt":{"rendered":"Ancien b\u00e2timent de la Bourse de Paris Les principales Bourses europ\u00e9ennes sont sur de faibles variations jeudi en&hellip;\n","protected":false},"author":2,"featured_media":302764,"comment_status":"","ping_status":"","sticky":false,"template":"","format":"standard","meta":{"footnotes":""},"categories":[1586],"tags":[400,11,398,408,405,1777,674,1011,27,403,402,399,404,12,25,401,406,407],"class_list":{"0":"post-302763","1":"post","2":"type-post","3":"status-publish","4":"format-standard","5":"has-post-thumbnail","7":"category-europe","8":"tag-action-cac-40","9":"tag-actualites","10":"tag-bourse-de-paris","11":"tag-boursorama","12":"tag-cotations","13":"tag-eu","14":"tag-europe","15":"tag-fr","16":"tag-france","17":"tag-indices-devises","18":"tag-investir","19":"tag-investissement","20":"tag-marche-boursier","21":"tag-news","22":"tag-republique-francaise","23":"tag-sicav","24":"tag-trackers","25":"tag-warrants"},"share_on_mastodon":{"url":"https:\/\/pubeurope.com\/@fr\/114987533879890367","error":""},"_links":{"self":[{"href":"https:\/\/www.europesays.com\/fr\/wp-json\/wp\/v2\/posts\/302763","targetHints":{"allow":["GET"]}}],"collection":[{"href":"https:\/\/www.europesays.com\/fr\/wp-json\/wp\/v2\/posts"}],"about":[{"href":"https:\/\/www.europesays.com\/fr\/wp-json\/wp\/v2\/types\/post"}],"author":[{"embeddable":true,"href":"https:\/\/www.europesays.com\/fr\/wp-json\/wp\/v2\/users\/2"}],"replies":[{"embeddable":true,"href":"https:\/\/www.europesays.com\/fr\/wp-json\/wp\/v2\/comments?post=302763"}],"version-history":[{"count":0,"href":"https:\/\/www.europesays.com\/fr\/wp-json\/wp\/v2\/posts\/302763\/revisions"}],"wp:featuredmedia":[{"embeddable":true,"href":"https:\/\/www.europesays.com\/fr\/wp-json\/wp\/v2\/media\/302764"}],"wp:attachment":[{"href":"https:\/\/www.europesays.com\/fr\/wp-json\/wp\/v2\/media?parent=302763"}],"wp:term":[{"taxonomy":"category","embeddable":true,"href":"https:\/\/www.europesays.com\/fr\/wp-json\/wp\/v2\/categories?post=302763"},{"taxonomy":"post_tag","embeddable":true,"href":"https:\/\/www.europesays.com\/fr\/wp-json\/wp\/v2\/tags?post=302763"}],"curies":[{"name":"wp","href":"https:\/\/api.w.org\/{rel}","templated":true}]}}