{"id":302771,"date":"2025-08-07T12:44:14","date_gmt":"2025-08-07T12:44:14","guid":{"rendered":"https:\/\/www.europesays.com\/fr\/302771\/"},"modified":"2025-08-07T12:44:14","modified_gmt":"2025-08-07T12:44:14","slug":"france-laude-toujours-en-proie-aux-flammes-lincendie-perd-en-intensite-07-08-2025-a-1430","status":"publish","type":"post","link":"https:\/\/www.europesays.com\/fr\/302771\/","title":{"rendered":"France: L&rsquo;Aude toujours en proie aux flammes, l&rsquo;incendie perd en intensit\u00e9 &#8211; 07\/08\/2025 \u00e0 14:30"},"content":{"rendered":"<p>        <img fetchpriority=\"high\" decoding=\"async\" src=\"https:\/\/www.europesays.com\/fr\/wp-content\/uploads\/2025\/08\/aea94609856ff5c798c4c45c406f0f24-760x508.jpg\" alt=\"Incendie dans les collines du sud de la France pr\u00e8s de Narbonne\" loading=\"eager\" width=\"760\" height=\"508\" style=\"max-width: 100%!important; height: auto;\"\/><\/p>\n<p class=\"c-image-news__legend\">Incendie dans les collines du sud de la France pr\u00e8s de Narbonne<\/p>\n<p>\n par Manon Cruz et Abdul Saboor\n<\/p>\n<p>\n La progression du feu dans l&rsquo;Aude a perdu jeudi en intensit\u00e9 mais l&rsquo;incendie de for\u00eat, le plus grand observ\u00e9 en France depuis pr\u00e8s de huit d\u00e9cennies, n&rsquo;\u00e9tait toujours pas fix\u00e9 apr\u00e8s deux jours \u00e0 lutter contre les flammes.\n<\/p>\n<p>\n \u00ab\u00a0La progression du feu ralentit\u00a0\u00bb, a indiqu\u00e9 la pr\u00e9fecture de l&rsquo;Aude dans un point de situation \u00e0 12h00 (10h00 GMT). L&rsquo;incendie, qui s&rsquo;est d\u00e9clench\u00e9 mardi dans l&rsquo;apr\u00e8s-midi sur la commune de Ribaute, a br\u00fbl\u00e9 16.000 hectares et touch\u00e9 15 communes.\n<\/p>\n<p>\n \u00ab\u00a0Il est toujours demand\u00e9 aux populations des communes concern\u00e9es de rester confin\u00e9es \u00e0 l&rsquo;int\u00e9rieur de leurs habitations, sauf ordre d&rsquo;\u00e9vacuation donn\u00e9 par les sapeurs-pompiers\u00a0\u00bb, a indiqu\u00e9 la pr\u00e9fecture.\n<\/p>\n<p>\n Une personne est d\u00e9c\u00e9d\u00e9e tandis que les trois autres port\u00e9es disparues ont \u00e9t\u00e9 retrouv\u00e9es par leurs proches, ajoute-t-elle.\n<\/p>\n<p>\n Deux personnes civiles et 11 pompiers ont \u00e9t\u00e9 bless\u00e9s.\n<\/p>\n<p>\n Le bilan mat\u00e9riel, lui, est de \u00ab\u00a036 habitations br\u00fbl\u00e9es ou impact\u00e9es et une quarantaine de v\u00e9hicules calcin\u00e9s\u00a0\u00bb, a ajout\u00e9 la pr\u00e9fecture.\n<\/p>\n<p>\n Plus de 2.000 sapeurs-pompiers et 500 v\u00e9hicules sont d\u00e9ploy\u00e9s sur place aux c\u00f4t\u00e9s des effectifs de la gendarmerie et de l\u2019arm\u00e9e. Les op\u00e9rations a\u00e9riennes de largages se poursuivent et devraient atteindre 600 dans la journ\u00e9e.\n<\/p>\n<p>\n Les pompiers entendent \u00ab\u00a0utiliser tous [les] moyens mis \u00e0 profit pour essayer de fixer le feu dans la journ\u00e9e\u00a0\u00bb, a indiqu\u00e9 le colonel Christophe Magny, chef de corps des pompiers de l&rsquo;Aude sur BFM TV et \u00ab\u00a0avant une aggravation des conditions m\u00e9t\u00e9orologiques, notamment la lev\u00e9e du vent\u00a0\u00bb.\n<\/p>\n<p>\n \u00ab\u00a0La nuit a \u00e9t\u00e9 plus fra\u00eeche, le feu progresse moins vite mais cela reste l&rsquo;incendie le plus important qu&rsquo;a connu la France depuis 1949\u00a0\u00bb, a d\u00e9clar\u00e9 la ministre de la Transition \u00e9cologique, Agn\u00e8s Pannier-Runacher, sur franceinfo.\n<\/p>\n<p>\n \u00ab\u00a0C&rsquo;est un incendie qui est une cons\u00e9quence du d\u00e9r\u00e8glement climatique, de la s\u00e9cheresse dans cette r\u00e9gion et de la situation climatique de notre pays\u00a0\u00bb, a-t-elle ajout\u00e9.\n<\/p>\n<p>\n (R\u00e9dig\u00e9 par Zhifan Liu et Blandine H\u00e9nault, \u00e9dit\u00e9 par Kate Entringer)<\/p>\n","protected":false},"excerpt":{"rendered":"Incendie dans les collines du sud de la France pr\u00e8s de Narbonne par Manon Cruz et Abdul Saboor&hellip;\n","protected":false},"author":2,"featured_media":302772,"comment_status":"","ping_status":"","sticky":false,"template":"","format":"standard","meta":{"footnotes":""},"categories":[4],"tags":[400,11,398,408,405,1011,27,403,402,399,404,12,25,401,406,407],"class_list":{"0":"post-302771","1":"post","2":"type-post","3":"status-publish","4":"format-standard","5":"has-post-thumbnail","7":"category-france","8":"tag-action-cac-40","9":"tag-actualites","10":"tag-bourse-de-paris","11":"tag-boursorama","12":"tag-cotations","13":"tag-fr","14":"tag-france","15":"tag-indices-devises","16":"tag-investir","17":"tag-investissement","18":"tag-marche-boursier","19":"tag-news","20":"tag-republique-francaise","21":"tag-sicav","22":"tag-trackers","23":"tag-warrants"},"share_on_mastodon":{"url":"https:\/\/pubeurope.com\/@fr\/114987549555417927","error":""},"_links":{"self":[{"href":"https:\/\/www.europesays.com\/fr\/wp-json\/wp\/v2\/posts\/302771","targetHints":{"allow":["GET"]}}],"collection":[{"href":"https:\/\/www.europesays.com\/fr\/wp-json\/wp\/v2\/posts"}],"about":[{"href":"https:\/\/www.europesays.com\/fr\/wp-json\/wp\/v2\/types\/post"}],"author":[{"embeddable":true,"href":"https:\/\/www.europesays.com\/fr\/wp-json\/wp\/v2\/users\/2"}],"replies":[{"embeddable":true,"href":"https:\/\/www.europesays.com\/fr\/wp-json\/wp\/v2\/comments?post=302771"}],"version-history":[{"count":0,"href":"https:\/\/www.europesays.com\/fr\/wp-json\/wp\/v2\/posts\/302771\/revisions"}],"wp:featuredmedia":[{"embeddable":true,"href":"https:\/\/www.europesays.com\/fr\/wp-json\/wp\/v2\/media\/302772"}],"wp:attachment":[{"href":"https:\/\/www.europesays.com\/fr\/wp-json\/wp\/v2\/media?parent=302771"}],"wp:term":[{"taxonomy":"category","embeddable":true,"href":"https:\/\/www.europesays.com\/fr\/wp-json\/wp\/v2\/categories?post=302771"},{"taxonomy":"post_tag","embeddable":true,"href":"https:\/\/www.europesays.com\/fr\/wp-json\/wp\/v2\/tags?post=302771"}],"curies":[{"name":"wp","href":"https:\/\/api.w.org\/{rel}","templated":true}]}}