{"id":302773,"date":"2025-08-07T12:46:22","date_gmt":"2025-08-07T12:46:22","guid":{"rendered":"https:\/\/www.europesays.com\/fr\/302773\/"},"modified":"2025-08-07T12:46:22","modified_gmt":"2025-08-07T12:46:22","slug":"les-bleuets-en-finale-du-mondial-u19-apres-avoir-elimine-liran-lequipe","status":"publish","type":"post","link":"https:\/\/www.europesays.com\/fr\/302773\/","title":{"rendered":"Les Bleuets en finale du Mondial U19 apr\u00e8s avoir \u00e9limin\u00e9 l&#039;Iran &#8211; L&#039;\u00c9quipe"},"content":{"rendered":"<ol>\n<li><a href=\"https:\/\/news.google.com\/rss\/articles\/CBMiuAFBVV95cUxQdG1TSms4TEVtTWJRNU80VTJscU5KMm5QSWFKcFBRQ1dPbHFmLUNCTFdkZjNpeDFjdUMzVVlkb1Y5MU1hR3Q4eXVjd1owemxxQkxfRlA1cV9WTnZ0aFRZYWhfTXBGQXMzZW9Ba3pJWlhiaVNNdFRmMHpmTFR5TDZLSmxIZ3FMYS1qT1ZyWFZPdzc2UlZEeGRfMXNldzdMd2lCREJTWFgtdkloLUdmb21PLVpfNUs4aTFf?oc=5\" target=\"_blank\" rel=\"nofollow noopener\">Les Bleuets en finale du Mondial U19 apr\u00e8s avoir \u00e9limin\u00e9 l&rsquo;Iran<\/a>&nbsp;&nbsp;L&rsquo;\u00c9quipe<\/li>\n<li><a href=\"https:\/\/news.google.com\/rss\/articles\/CBMi0AFBVV95cUxNQWFxekNieW4zRkNkZGRBeXBtUTE3cXBhaEh0MG9aQ29LdE52THg3ai1SNzhWM3RzZW1aMkdqT0kwcmV3QWttbUZtcFZzc3gtRGtMUmJiR3d1S3pEcE9BRnR0dS1ORlY5S2dHanV3WFI5MU5iVVhaMHhJdUxPUGRGdmZzZUMzcnFHbHo0V2xmMjd2NTVraV9FdnhIbVlRQkhwczR6bHA4QWVpTnhlZ2FLQVZjMGk0cmtlaVM1ZWktb21UTGVEcW9iRWU2SmVfdTdB?oc=5\" target=\"_blank\" rel=\"nofollow noopener\">Volley-ball. Ino Dukic : \u00ab Ce titre mondial est une immense fiert\u00e9 et une sensation incroyable \u00bb<\/a>&nbsp;&nbsp;L&rsquo;Aisne nouvelle<\/li>\n<li><a href=\"https:\/\/news.google.com\/rss\/articles\/CBMi2wFBVV95cUxOZVdsSjFqSEUxUTVrcFVYWHVHLUJOa3JYb0NOQ2QtNkVOdldoXzNWZGdwSjkxUk14Qkkxd1B6MmRhVThQSXRDb1RvWEdqY1BFSlpNTnJZc0Fwa1BFQ05mUHd5X3NjWGJFcFhKVkFjemY2ZTZOUHZIUE5SaGtJanhPS2JBRUJjU0p5OHk2STEwRm1lUGVFOVJQY1lNanJoWjJrNFNGRFYtc2lzY28yN3VVTGx4YzFuNGx4b3k3VUFhOG9uNHdvRThsV2VtOVp5ZW9jaGpic1M2TVJwZmc?oc=5\" target=\"_blank\" rel=\"nofollow noopener\">Deuxi\u00e8me titre de rang pour les Bleuets, vainqueurs de la Pologne en finale du Mondial U19<\/a>&nbsp;&nbsp;L&rsquo;\u00c9quipe<\/li>\n<li><a href=\"https:\/\/news.google.com\/rss\/articles\/CBMie0FVX3lxTE5tUVBRZm0zUzdNM05nejR0RlY0c185aVdLQlpJblY5cXBkUXYwTlItd2xTbUp5UlFFT0g1RWVzdzlZbGVUUXp6SjJwMEtjUmJ0SWZWdFgwSk90TWliNG9MbjFyTWZReFV5cHVxdDRja0Q3TmlnSElLSzYxRQ?oc=5\" target=\"_blank\" rel=\"nofollow noopener\">Volley | Le point surr\u00e9aliste des Fran\u00e7ais au Mondial<\/a>&nbsp;&nbsp;FFL<\/li>\n<li><a href=\"https:\/\/news.google.com\/rss\/articles\/CBMilgFBVV95cUxOZ3FNMmhGS1BSa1lIZWctd21YRDNUZk1BM2Jkdm1TVC02OG02ckJvWF9CdE5rMjlidm5FSThiTVNyVUR6Y0gxTncwUmxycGV5NEJacHJrTmI4TDJVbWxPYVN5b05mRndPaWdjbFZvZUVmNXJ1TFhTcXdwOXU5dTV0Z29fZFpPT0pJRy1Iekc1UGEyeHR6NmfSAUdBVV95cUxPLWhaTjJTUGh5aHZXb19ERmNoM1YtNzBCcEhNRmNWT1ZheEZrMVplMzFJZFRrSGplT05tS3g0QWhPNkhBSGlwZw?oc=5\" target=\"_blank\" rel=\"nofollow noopener\">Pologne vs France U19 : finale du Mondial de volleyball 2025<\/a>&nbsp;&nbsp;IRNA Fran\u00e7ais<\/li>\n<\/ol>\n","protected":false},"excerpt":{"rendered":"Les Bleuets en finale du Mondial U19 apr\u00e8s avoir \u00e9limin\u00e9 l&rsquo;Iran&nbsp;&nbsp;L&rsquo;\u00c9quipe Volley-ball. Ino Dukic : \u00ab Ce titre&hellip;\n","protected":false},"author":2,"featured_media":302774,"comment_status":"","ping_status":"","sticky":false,"template":"","format":"standard","meta":{"footnotes":""},"categories":[1417],"tags":[1011,27,60,1470,1469],"class_list":{"0":"post-302773","1":"post","2":"type-post","3":"status-publish","4":"format-standard","5":"has-post-thumbnail","7":"category-volley","8":"tag-fr","9":"tag-france","10":"tag-sports","11":"tag-volley","12":"tag-volleyball"},"share_on_mastodon":{"url":"https:\/\/pubeurope.com\/@fr\/114987557406489286","error":""},"_links":{"self":[{"href":"https:\/\/www.europesays.com\/fr\/wp-json\/wp\/v2\/posts\/302773","targetHints":{"allow":["GET"]}}],"collection":[{"href":"https:\/\/www.europesays.com\/fr\/wp-json\/wp\/v2\/posts"}],"about":[{"href":"https:\/\/www.europesays.com\/fr\/wp-json\/wp\/v2\/types\/post"}],"author":[{"embeddable":true,"href":"https:\/\/www.europesays.com\/fr\/wp-json\/wp\/v2\/users\/2"}],"replies":[{"embeddable":true,"href":"https:\/\/www.europesays.com\/fr\/wp-json\/wp\/v2\/comments?post=302773"}],"version-history":[{"count":0,"href":"https:\/\/www.europesays.com\/fr\/wp-json\/wp\/v2\/posts\/302773\/revisions"}],"wp:featuredmedia":[{"embeddable":true,"href":"https:\/\/www.europesays.com\/fr\/wp-json\/wp\/v2\/media\/302774"}],"wp:attachment":[{"href":"https:\/\/www.europesays.com\/fr\/wp-json\/wp\/v2\/media?parent=302773"}],"wp:term":[{"taxonomy":"category","embeddable":true,"href":"https:\/\/www.europesays.com\/fr\/wp-json\/wp\/v2\/categories?post=302773"},{"taxonomy":"post_tag","embeddable":true,"href":"https:\/\/www.europesays.com\/fr\/wp-json\/wp\/v2\/tags?post=302773"}],"curies":[{"name":"wp","href":"https:\/\/api.w.org\/{rel}","templated":true}]}}