{"id":302775,"date":"2025-08-07T12:47:09","date_gmt":"2025-08-07T12:47:09","guid":{"rendered":"https:\/\/www.europesays.com\/fr\/302775\/"},"modified":"2025-08-07T12:47:09","modified_gmt":"2025-08-07T12:47:09","slug":"france-angleterre-sur-quelle-chaine-tv-et-a-quelle-heure-suivre-le-test-match-des-bleues-avant-le-mondial-feminin-sud-ouest","status":"publish","type":"post","link":"https:\/\/www.europesays.com\/fr\/302775\/","title":{"rendered":"France &#8211; Angleterre : sur quelle cha\u00eene TV et \u00e0 quelle heure suivre le test-match des Bleues avant le Mondial f\u00e9minin ? &#8211; Sud Ouest"},"content":{"rendered":"<ol>\n<li><a href=\"https:\/\/news.google.com\/rss\/articles\/CBMilAJBVV95cUxOOHNKWF9CMldLaTN5OTZhYzlvN2RyazdMRHFhaHdmRTAtT3dSSHh3SXBmS3gybUFGVEtsaFlLWjgyWWdvcVM4WWZhQmVmNzAwMFBEYkphUnBtZWg1Y1R1VjF6Y1Zka2pyLWFrcTkzRS1xbmhRLVVhV2pnYlNwTzFabWZMYnllWThsVVh5Tm00NHJ3SHdta3RTQUZzT2FmbTVTODdEYzQtT3g5aVRjaXAzbXR5dy04VjRXVDRSODBITTV3WVZNMGNLT2I3V2FEUVpPaXg4Nkg5QUd6ZlZuQ3pCLTFBSXplanlpaVdlZDRaa3MzaU5aQVpOWWs2YV9HSWk3U1VKM00wOF9qY3MxZUp0MkpSR24?oc=5\" target=\"_blank\" rel=\"nofollow noopener\">France &#8211; Angleterre : sur quelle cha\u00eene TV et \u00e0 quelle heure suivre le test-match des Bleues avant le Mondial f\u00e9minin ?<\/a>&nbsp;&nbsp;Sud Ouest<\/li>\n<li><a href=\"https:\/\/news.google.com\/rss\/articles\/CBMi2AFBVV95cUxNa3o4WDlublNXTnJvRHJrcEdWTGgyTFJMVmNGQzBFU3gyX3dsenIyZDZfZHcxMEN1aktLMHVXS25NVVo1TU9aWmh2N1FKdDY2YkVkZjI5Y2t3MGIxeDkyd1VZVHpOVERaQnlwbXVhR0pPMHVfYkhkeHlxdFNYWUM3SUZQMF9vYWxaZ1hHNHBGZDRiVnA2ZkdiTUxlTGJUaVhXSU9sR0RoQXpjTDAxSDF5T3luU3liSDgybFlnNnRrdkpqWTVwNHE1ekJXNm5MNk0tbm9LamdzMGc?oc=5\" target=\"_blank\" rel=\"nofollow noopener\">Coupe du monde de Rugby f\u00e9minin : les s\u0153urs Feleu, les ins\u00e9parables wallisiennes de l\u2019\u00e9quipe de France<\/a>&nbsp;&nbsp;Outre-mer la 1\u00e8re<\/li>\n<li><a href=\"https:\/\/news.google.com\/rss\/articles\/CBMi9gFBVV95cUxPOXBCTEhkWEJPRi13Y1RXcGNwckI2Q2lRSWJnWUlRWHNJYi10TW9uWVJOd2hFMGJ0aFNJdFRTLXN2VWF5bkMyMUFNU3FVN1pNd21kenhrQlBqRklRNjhiVmZIOEQ3VlJfNC11cEd1alNMMlM0RWpHRnBienVRX2MxTUFPU2pIcGh6QUdfblFBVmpHV2FVYzhlV08tWXR1RUVIeHlPYlVOalR4ZDJIRkhrRVFjTXZwM0NYLW9qX0ZiTlRuWEVwWWRiVjlnQ3RaUzhraDUxZTBrTDlVdXdBeGJaLXhtNFFnNUI3d2JJUlQ5UVFLWWxCWkE?oc=5\" target=\"_blank\" rel=\"nofollow noopener\">France-Angleterre : Mont-de-Marsan va accueillir son premier match international senior devant plus de 7 000 personnes<\/a>&nbsp;&nbsp;francebleu.fr<\/li>\n<li><a href=\"https:\/\/news.google.com\/rss\/articles\/CBMi7gFBVV95cUxQOGlZNmxXeFdwNEU1MDRNT0J2ektEV0hHTVZ4YnZweVZ5S0dTa3pDQ0t5ZV9ONDVZeF9Kak5kWTIzRVRJeERhNDQ5bU5ydjlJRkYyMGlnNWFXNU5KQlY1MFN6cnZhLUtMWll0Q0RtZm4zQi15LTdzalh6X3JTX3cxVTBWQXJtTUl0UlBTVkJXN0lOZWs5STVLNnlyRmsxMGUtQ1pwM0Fwelo5Vl9sSlhxT1M5NTBNUHZPX1VFYUxPMlFOOWU3OG8yYjg3VWswclYwczhLUkFfVWlPWTBjTC1rWnpKTVRzTGZJVnlRa0lR?oc=5\" target=\"_blank\" rel=\"nofollow noopener\">Avant le Mondial, les Bleues d\u00e9fient l\u2019Angleterre pour un crunch de feu !<\/a>&nbsp;&nbsp;francetelevisions.fr<\/li>\n<li><a href=\"https:\/\/news.google.com\/rss\/articles\/CBMi3wFBVV95cUxOWDBWZURKYUFGTkJ0UmhCSVVYa2c5WDc4LU15QUlXWDFHb19XN1NJZ2pQU3prcENDbkl5RUdPUzZFTVFzNGZPOWhaQWFIMjlZaXBTZXZIclNkcktCZjFadWZkcWw3cGQ2MmpMcHVnWFRzOTktMEZFd01jZzZYalBUZ0JZWlVreUUydkhTcEotLWRvaEo0dlNOdmJQTVhuTlBmUy0xUXZZVmxnV0xLckY2MEN2N2VrTUYzS1BOb1NwdDdGOWpGOHhRcXpOUE9KZnpGM2tsZ3I0ODVRSkRJLWVn?oc=5\" target=\"_blank\" rel=\"nofollow noopener\">Coupe du monde f\u00e9minine 2025 \u2013 Marie Morland, la surprise s\u00e9lectionn\u00e9e pour le Mondial en Angleterre<\/a>&nbsp;&nbsp;Rugbyrama<\/li>\n<\/ol>\n","protected":false},"excerpt":{"rendered":"France &#8211; Angleterre : sur quelle cha\u00eene TV et \u00e0 quelle heure suivre le test-match des Bleues avant&hellip;\n","protected":false},"author":2,"featured_media":302776,"comment_status":"","ping_status":"","sticky":false,"template":"","format":"standard","meta":{"footnotes":""},"categories":[1416],"tags":[1011,27,479,1468,60],"class_list":{"0":"post-302775","1":"post","2":"type-post","3":"status-publish","4":"format-standard","5":"has-post-thumbnail","7":"category-rugby","8":"tag-fr","9":"tag-france","10":"tag-rugby","11":"tag-rugby-football","12":"tag-sports"},"share_on_mastodon":{"url":"https:\/\/pubeurope.com\/@fr\/114987561353070193","error":""},"_links":{"self":[{"href":"https:\/\/www.europesays.com\/fr\/wp-json\/wp\/v2\/posts\/302775","targetHints":{"allow":["GET"]}}],"collection":[{"href":"https:\/\/www.europesays.com\/fr\/wp-json\/wp\/v2\/posts"}],"about":[{"href":"https:\/\/www.europesays.com\/fr\/wp-json\/wp\/v2\/types\/post"}],"author":[{"embeddable":true,"href":"https:\/\/www.europesays.com\/fr\/wp-json\/wp\/v2\/users\/2"}],"replies":[{"embeddable":true,"href":"https:\/\/www.europesays.com\/fr\/wp-json\/wp\/v2\/comments?post=302775"}],"version-history":[{"count":0,"href":"https:\/\/www.europesays.com\/fr\/wp-json\/wp\/v2\/posts\/302775\/revisions"}],"wp:featuredmedia":[{"embeddable":true,"href":"https:\/\/www.europesays.com\/fr\/wp-json\/wp\/v2\/media\/302776"}],"wp:attachment":[{"href":"https:\/\/www.europesays.com\/fr\/wp-json\/wp\/v2\/media?parent=302775"}],"wp:term":[{"taxonomy":"category","embeddable":true,"href":"https:\/\/www.europesays.com\/fr\/wp-json\/wp\/v2\/categories?post=302775"},{"taxonomy":"post_tag","embeddable":true,"href":"https:\/\/www.europesays.com\/fr\/wp-json\/wp\/v2\/tags?post=302775"}],"curies":[{"name":"wp","href":"https:\/\/api.w.org\/{rel}","templated":true}]}}