{"id":302777,"date":"2025-08-07T12:48:10","date_gmt":"2025-08-07T12:48:10","guid":{"rendered":"https:\/\/www.europesays.com\/fr\/302777\/"},"modified":"2025-08-07T12:48:10","modified_gmt":"2025-08-07T12:48:10","slug":"wta-montreal-rybakina-decue-mais-fair-play-bien-sur-ce-netait-pas-agreable-mais-cela-navait-certainement-rien-a-voir-avec-mon-service-mes-erreurs-ou-mes-mauvaises-decisions","status":"publish","type":"post","link":"https:\/\/www.europesays.com\/fr\/302777\/","title":{"rendered":"WTA &#8211; Montr\u00e9al > Rybakina d\u00e9\u00e7ue mais fair-play : \u00ab\u00a0Bien s\u00fbr, ce n&rsquo;\u00e9tait pas agr\u00e9able, mais cela n&rsquo;avait certainement rien \u00e0 voir avec mon service, mes erreurs ou mes mauvaises d\u00e9cisions \u00bb"},"content":{"rendered":"<p>Elena Rybakina n\u2019est vrai\u00adment pas pass\u00e9 loin d\u2019une quali\u00adfi\u00adca\u00adtion en finale du WTA 1000 du Canada, mais c\u2019\u00e9tait sans compter sur la locale, qui a sauv\u00e9 une balle de match avant de s\u2019im\u00adposer au tie\u2010break du troi\u00adsi\u00e8me\u00a0set.<\/p>\n<p>La Kazakhe s\u2019at\u00adten\u00addait bien \u00e9videm\u00adment \u00e0 une ambiance chaude, et cela a \u00e9t\u00e9 le cas, d\u2019au\u00adtant plus que <a href=\"https:\/\/www.welovetennis.fr\/wta\/wta-montreal\/victoria-mboko-ne-sait-plus-perdre-et-on-sait-grace-a-qui-sans-vous-je-ne-pense-pas-que-jaurais-reussi-a-men-sortir\" data-wpel-link=\"internal\" rel=\"nofollow noopener\" target=\"_blank\">son adver\u00adsaire \u00e9tait bien fati\u00adgu\u00e9e<\/a>. Malgr\u00e9 tout, Rybakina peut garder un bilan positif de ce tournoi, et a expliqu\u00e9 que l\u2019hos\u00adti\u00adlit\u00e9 du public n\u2019avait aucun rapport avec ses erreurs durant le\u00a0match.<\/p>\n<p><strong>\u00ab\u202fBien s\u00fbr, ce n\u2019\u00e9tait pas agr\u00e9able. J\u2019ai souvent jou\u00e9 dans des situa\u00adtions o\u00f9 le public soute\u00adnait l\u2019ad\u00adver\u00adsaire, mais je dirais que c\u2019\u00e9tait assez diffi\u00adcile ici d\u00e8s le d\u00e9but. Je l\u2019ai ressenti d\u00e8s le premier jeu, surtout entre les services. C\u2019est comme \u00e7a que \u00e7a s\u2019est pass\u00e9. Je m\u2019y atten\u00addais un peu, et cela n\u2019avait certai\u00adne\u00adment rien \u00e0 voir avec mon service, mes erreurs ou mes mauvaises d\u00e9ci\u00adsions. Il \u00e9tait \u00e9vident que le public encou\u00adra\u00adge\u00adrait sa joueuse. C\u2019\u00e9tait un match diffi\u00adcile, mais dans l\u2019ensemble, je pense que c\u2019\u00e9tait une semaine posi\u00adtive pour moi. Je me sens de mieux en mieux sur le court.\u00a0\u00bb<\/strong><\/p>\n<p class=\"post-published-date\" style=\"color: silver; font-size: 75%; text-align: left;\">Publi\u00e9 le jeudi 7 ao\u00fbt 2025 \u00e0 13:15<\/p>\n","protected":false},"excerpt":{"rendered":"Elena Rybakina n\u2019est vrai\u00adment pas pass\u00e9 loin d\u2019une quali\u00adfi\u00adca\u00adtion en finale du WTA 1000 du Canada, mais c\u2019\u00e9tait&hellip;\n","protected":false},"author":2,"featured_media":271006,"comment_status":"","ping_status":"","sticky":false,"template":"","format":"standard","meta":{"footnotes":""},"categories":[1415],"tags":[6903,1011,27,43024,44285,60,1467],"class_list":{"0":"post-302777","1":"post","2":"type-post","3":"status-publish","4":"format-standard","5":"has-post-thumbnail","7":"category-tennis","8":"tag-elena-rybakina","9":"tag-fr","10":"tag-france","11":"tag-mboko","12":"tag-rybakina","13":"tag-sports","14":"tag-tennis"},"share_on_mastodon":{"url":"https:\/\/pubeurope.com\/@fr\/114987565249490802","error":""},"_links":{"self":[{"href":"https:\/\/www.europesays.com\/fr\/wp-json\/wp\/v2\/posts\/302777","targetHints":{"allow":["GET"]}}],"collection":[{"href":"https:\/\/www.europesays.com\/fr\/wp-json\/wp\/v2\/posts"}],"about":[{"href":"https:\/\/www.europesays.com\/fr\/wp-json\/wp\/v2\/types\/post"}],"author":[{"embeddable":true,"href":"https:\/\/www.europesays.com\/fr\/wp-json\/wp\/v2\/users\/2"}],"replies":[{"embeddable":true,"href":"https:\/\/www.europesays.com\/fr\/wp-json\/wp\/v2\/comments?post=302777"}],"version-history":[{"count":0,"href":"https:\/\/www.europesays.com\/fr\/wp-json\/wp\/v2\/posts\/302777\/revisions"}],"wp:featuredmedia":[{"embeddable":true,"href":"https:\/\/www.europesays.com\/fr\/wp-json\/wp\/v2\/media\/271006"}],"wp:attachment":[{"href":"https:\/\/www.europesays.com\/fr\/wp-json\/wp\/v2\/media?parent=302777"}],"wp:term":[{"taxonomy":"category","embeddable":true,"href":"https:\/\/www.europesays.com\/fr\/wp-json\/wp\/v2\/categories?post=302777"},{"taxonomy":"post_tag","embeddable":true,"href":"https:\/\/www.europesays.com\/fr\/wp-json\/wp\/v2\/tags?post=302777"}],"curies":[{"name":"wp","href":"https:\/\/api.w.org\/{rel}","templated":true}]}}