{"id":302778,"date":"2025-08-07T12:50:11","date_gmt":"2025-08-07T12:50:11","guid":{"rendered":"https:\/\/www.europesays.com\/fr\/302778\/"},"modified":"2025-08-07T12:50:11","modified_gmt":"2025-08-07T12:50:11","slug":"fermin-aldeguer-impressionne-par-sa-regularite-des-sa-premiere-saison","status":"publish","type":"post","link":"https:\/\/www.europesays.com\/fr\/302778\/","title":{"rendered":"Ferm\u00edn Aldeguer impressionne par sa r\u00e9gularit\u00e9 d\u00e8s sa premi\u00e8re saison"},"content":{"rendered":"<p>Le rookie Gresini conc\u00e8de qu\u2019il ne visait pas une entr\u00e9e dans le championnat aussi effac\u00e9e, pourtant, d\u00e8s ses premiers GP, il s\u2019est impos\u00e9 comme un pr\u00e9tendant r\u00e9gulier \u00e0 la cinqui\u00e8me place.<\/p>\n<blockquote>\n<p>\u201cPeut-\u00eatre que je ne m\u2019attendais pas \u00e0 \u00eatre aussi r\u00e9guli\u00e8rement dans le top 5, et tout \u00e7a. Je savais que sur certaines courses, sur des pistes qui me correspondent bien, on pourrait se d\u00e9marquer un peu. Mais il faut toujours garder cette r\u00e9gularit\u00e9, parce qu\u2019au final on est sixi\u00e8mes, septi\u00e8mes, mais tr\u00e8s proches du top 5, m\u00eame au Mugello, o\u00f9 j\u2019ai \u00e9largi. Au final, mes chronos et mon rythme sont toujours au niveau de la lutte pour le podium, et c\u2019est tr\u00e8s positif pour nous.\u201d Explique Aldeguer, source : <a href=\"http:\/\/paddock-gp.com\" rel=\"nofollow noopener\" target=\"_blank\">paddock-gp.com<\/a>\u00a0<\/p>\n<\/blockquote>\n<p><b>Des d\u00e9buts fulgurants dans la douleur<\/b><\/p>\n<p>Malgr\u00e9 sa vitesse naturelle, le jeune pilote a connu des d\u00e9buts chaotiques : des erreurs de d\u00e9butant, des week-ends sans rep\u00e8res, mais surtout une mont\u00e9e r\u00e9guli\u00e8re dans le rythme face \u00e0 des adversaires chevronn\u00e9s. Il termine la premi\u00e8re moiti\u00e9 de saison \u00e0 plusieurs reprises dans le top\u202f10, souvent proche du top\u202f5.<\/p>\n<p>Aldeguer souligne sa capacit\u00e9 \u00e0 maintenir un bon rythme quelle que soit la configuration : piste s\u00e8che ou d\u00e9tremp\u00e9e. Il se r\u00e9jouit de la constance affich\u00e9e et vise encore plus haut. M\u00eame apr\u00e8s des erreurs, il g\u00e8re avec maturit\u00e9 et ambition ses week-ends motoGP<\/p>\n<blockquote>\n<p>\u201cJe suis tr\u00e8s content, surtout de la fa\u00e7on dont j\u2019ai progress\u00e9 pour g\u00e9rer un week-end qui commence mal ; ou des week-ends o\u00f9 on fait une journ\u00e9e sur le sec, une autre sur le mouill\u00e9, et o\u00f9 au final on arrive \u00e0 la course sans attentes. Et quand \u00e7a se d\u00e9roule comme \u00e7a, \u00e7a peut tr\u00e8s bien se passer, comme au Sachsenring, o\u00f9 on va vite et que tout se passe bien, ou tr\u00e8s mal se passer, o\u00f9 on prend le d\u00e9part et on chute. Et depuis Austin on g\u00e8re \u00e7a. J\u2019avais commis l\u2019erreur d\u2019attaquer et de chuter par exc\u00e8s de confiance. Et depuis on maintient \u00e7a, donc je pense qu\u2019on peut \u00eatre contents\u201d T\u00e9moigne le pilote Gresini, source : <a href=\"http:\/\/paddock-gp.com\" rel=\"nofollow noopener\" target=\"_blank\">paddock-gp.com<\/a>\u00a0<\/p>\n<\/blockquote>\n<p>Dixi\u00e8me du classement g\u00e9n\u00e9ral, Aldeguer construit son statut en cumulant les top\u202f5 et en apprenant rapidement. Ses performances spectaculaires o\u00f9 il figure r\u00e9guli\u00e8rement dans les points, montrent une progression constante.<\/p>\n<p>    Partagez cette info avec vos amis et vos proches en cliquant ici  <\/p>\n<p> Podcasts \u00e0 la une MEN LIFE <\/p>\n<p>    MotoGP : Aldeguer s\u2019installe d\u00e9j\u00e0 parmi les meilleurs, sans faire de bruit<\/p>\n<p>Ferm\u00edn Aldeguer surprend par sa constance d\u00e8s sa premi\u00e8re saison en MotoGP. Le rookie espagnol encha\u00eene les top 5, apprend vite de ses erreurs, et impressionne par sa gestion des week-ends, m\u00eame dans les conditions les plus instables.<\/p>\n<p>R\u00e9dacteur<\/p>\n<p><img decoding=\"async\" width=\"76\" height=\"76\" loading=\"lazy\" src=\"https:\/\/www.europesays.com\/fr\/wp-content\/uploads\/2025\/04\/avatar-sport-am.png\" alt=\"Victor Teyssier\"\/><\/p>\n","protected":false},"excerpt":{"rendered":"Le rookie Gresini conc\u00e8de qu\u2019il ne visait pas une entr\u00e9e dans le championnat aussi effac\u00e9e, pourtant, d\u00e8s ses&hellip;\n","protected":false},"author":2,"featured_media":302779,"comment_status":"","ping_status":"","sticky":false,"template":"","format":"standard","meta":{"footnotes":""},"categories":[1413],"tags":[1011,27,1457,1456,60],"class_list":{"0":"post-302778","1":"post","2":"type-post","3":"status-publish","4":"format-standard","5":"has-post-thumbnail","7":"category-moto","8":"tag-fr","9":"tag-france","10":"tag-moto","11":"tag-motocycle","12":"tag-sports"},"share_on_mastodon":{"url":"https:\/\/pubeurope.com\/@fr\/114987573365500357","error":""},"_links":{"self":[{"href":"https:\/\/www.europesays.com\/fr\/wp-json\/wp\/v2\/posts\/302778","targetHints":{"allow":["GET"]}}],"collection":[{"href":"https:\/\/www.europesays.com\/fr\/wp-json\/wp\/v2\/posts"}],"about":[{"href":"https:\/\/www.europesays.com\/fr\/wp-json\/wp\/v2\/types\/post"}],"author":[{"embeddable":true,"href":"https:\/\/www.europesays.com\/fr\/wp-json\/wp\/v2\/users\/2"}],"replies":[{"embeddable":true,"href":"https:\/\/www.europesays.com\/fr\/wp-json\/wp\/v2\/comments?post=302778"}],"version-history":[{"count":0,"href":"https:\/\/www.europesays.com\/fr\/wp-json\/wp\/v2\/posts\/302778\/revisions"}],"wp:featuredmedia":[{"embeddable":true,"href":"https:\/\/www.europesays.com\/fr\/wp-json\/wp\/v2\/media\/302779"}],"wp:attachment":[{"href":"https:\/\/www.europesays.com\/fr\/wp-json\/wp\/v2\/media?parent=302778"}],"wp:term":[{"taxonomy":"category","embeddable":true,"href":"https:\/\/www.europesays.com\/fr\/wp-json\/wp\/v2\/categories?post=302778"},{"taxonomy":"post_tag","embeddable":true,"href":"https:\/\/www.europesays.com\/fr\/wp-json\/wp\/v2\/tags?post=302778"}],"curies":[{"name":"wp","href":"https:\/\/api.w.org\/{rel}","templated":true}]}}