{"id":302780,"date":"2025-08-07T12:51:11","date_gmt":"2025-08-07T12:51:11","guid":{"rendered":"https:\/\/www.europesays.com\/fr\/302780\/"},"modified":"2025-08-07T12:51:11","modified_gmt":"2025-08-07T12:51:11","slug":"3-pilotes-pour-epauler-pierre-gasly-chez-alpine-en-2026","status":"publish","type":"post","link":"https:\/\/www.europesays.com\/fr\/302780\/","title":{"rendered":"3 pilotes pour \u00e9pauler Pierre Gasly chez Alpine en 2026"},"content":{"rendered":"<p><strong>Bon dernier du classement des constructeurs F1, Alpine pr\u00e9pare d\u00e9j\u00e0 la saison 2026. Si le Fran\u00e7ais Pierre Gasly sera toujours au rendez-vous, l&rsquo;identit\u00e9 de son co\u00e9quipier reste \u00e0 d\u00e9terminer. Tour d&rsquo;horizon.<\/strong><\/p>\n<p>Sixi\u00e8me la saison derni\u00e8re avec un total de 65 points, <strong>Alpine<\/strong> ne devrait pas \u00e9galer son total, encore moins son rang, en fin d&rsquo;ann\u00e9e. En effet, apr\u00e8s 14 courses, la marque fran\u00e7aise v\u00e9g\u00e8te au dernier rang du classement des constructeurs de <a href=\"https:\/\/wesportfr.com\/auto-moto\/formule1\/\" rel=\"nofollow noopener\" target=\"_blank\">Formule 1<\/a> avec 20 petites unit\u00e9s au compteur. Toutes inscrites par le Fran\u00e7ais <strong>Pierre Gasly<\/strong>. De quoi soulever pas mal d&rsquo;interrogations. <\/p>\n<p><strong>\u00c0 lire aussi \u2013 <\/strong><a href=\"https:\/\/wesportfr.com\/f1-hadjar-hamilton-schumacher-la-silly-season-bat-deja-son-plein\/\" rel=\"nofollow noopener\" target=\"_blank\">F1 : Hadjar, Hamilton, Schumacher\u2026 la silly season bat d\u00e9j\u00e0 son plein<\/a><\/p>\n<p>Franco Colapinto, le triste record <\/p>\n<p>Appel\u00e9 \u00e0 la rescousse le 18 mai dernier, \u00e0 l&rsquo;occasion du <strong>Grand Prix d&rsquo;\u00c9milie-Romagne<\/strong>, <strong>Franco Colapinto<\/strong> avait pour mission de faire mieux que son pr\u00e9d\u00e9cesseur, <strong>Jack Doohan<\/strong>. Comprenez, marquer des points, ce que n&rsquo;\u00e9tait pas parvenu \u00e0 faire l&rsquo;Australien en l&rsquo;espace de six courses. <\/p>\n<p>Probl\u00e8me, huit Grands Prix plus tard, <strong>Colapinto est, lui aussi, toujours bredouille<\/strong>. Et pour ne rien arranger, hier mercredi, <strong>l&rsquo;Argentin a litt\u00e9ralement \u00e9clat\u00e9 sa monoplace<\/strong> lors d&rsquo;essais de pneumatiques sur le Hungaroring, th\u00e9\u00e2tre, quelques jours plus t\u00f4t, du Grand Prix de Hongrie. Pour l&rsquo;heure, <strong>Alpine F1 Team<\/strong> lui maintient sa confiance, avec un contrat de 5 ans \u00e0 la cl\u00e9. Mais <strong>ses potentiels rempla\u00e7ants se tiennent pr\u00eats<\/strong>, au cas o\u00f9. <\/p>\n<p><strong>\u00c0 lire aussi \u2013 <\/strong><a href=\"https:\/\/wesportfr.com\/f1-il-est-et-restera-le-goat-lewis-hamilton-porte-par-une-vague-de-soutien\/\" rel=\"nofollow noopener\" target=\"_blank\">F1 : \u201cIl est et restera le GOAT\u201d, Lewis Hamilton port\u00e9 par une vague de soutien<\/a><\/p>\n<blockquote class=\"twitter-tweet\" data-width=\"500\" data-dnt=\"true\">\n<p lang=\"es\" dir=\"ltr\">\ud83d\udea8 Franco <a href=\"https:\/\/twitter.com\/hashtag\/Colapinto?src=hash&amp;ref_src=twsrc%5Etfw\" rel=\"nofollow noopener\" target=\"_blank\">#Colapinto<\/a>  sufri\u00f3 un accidente en Hungr\u00eda<\/p>\n<p>Durante las pruebas de Pirelli en el Hungaroring, se despist\u00f3 en la curva 11. Fue atendido por el centro m\u00e9dico y ya se encuentra bien.<br \/>\ud83d\udccd Revisado, sin lesiones. En la imagen, se lo ve regresando al hospitality. <a href=\"https:\/\/t.co\/sv41PAmIDi\" rel=\"nofollow\">pic.twitter.com\/sv41PAmIDi<\/a><\/p>\n<p>\u2014 Gonnet Digital (@MagazineGonnet) <a href=\"https:\/\/twitter.com\/MagazineGonnet\/status\/1953051473270489568?ref_src=twsrc%5Etfw\" rel=\"nofollow noopener\" target=\"_blank\">August 6, 2025<\/a><\/p><\/blockquote>\n<p>Aron favori, Bottas outsider chez Alpine ? <\/p>\n<p>L&rsquo;Estonien <strong>Paul Aron<\/strong>, pilote r\u00e9serve Alpine, vient de disputer deux s\u00e9ances d&rsquo;essais libres, \u00e0 Silverstone puis Budapest, au volant d&rsquo;une Sauber. Des essais qui en appellent d&rsquo;autres dans les mois \u00e0 venir. Selon PlanetF1, celui a qui d\u00e9j\u00e0 fait ses preuves en <strong>Formule 2 <\/strong>pourrait \u00eatre promu si l&rsquo;\u00e9curie fran\u00e7aise venait \u00e0 changer son fusil d&rsquo;\u00e9paule. <\/p>\n<p>Alpine pourrait aussi faire confiance \u00e0 <strong>Valtteri Bottas<\/strong>. Le Finlandais pr\u00e9sente un profil diam\u00e9tralement oppos\u00e9. \u00c2g\u00e9 de 35 ans, il affiche 246 courses au compteur, pour 10 victoires. Un pilote pour le moins exp\u00e9riment\u00e9 qui aimerait retrouver le paddock, apr\u00e8s une ultime exp\u00e9rience chez <strong>Kick Sauber<\/strong> la saison pass\u00e9e. Mais son nom est aussi \u00e9voqu\u00e9 chez le nouveau venu Cadillac. Autant dire qu&rsquo;<strong>il devrait encore y avoir du mouvement<\/strong> d&rsquo;ici la fin de l&rsquo;exercice 2025 de Formule 1.<\/p>\n<p>                    <script async src=\"https:\/\/platform.twitter.com\/widgets.js\" charset=\"utf-8\"><\/script><\/p>\n","protected":false},"excerpt":{"rendered":"Bon dernier du classement des constructeurs F1, Alpine pr\u00e9pare d\u00e9j\u00e0 la saison 2026. Si le Fran\u00e7ais Pierre Gasly&hellip;\n","protected":false},"author":2,"featured_media":302781,"comment_status":"","ping_status":"","sticky":false,"template":"","format":"standard","meta":{"footnotes":""},"categories":[1412],"tags":[1451,1452,1453,1454,1455,1011,27,60],"class_list":{"0":"post-302780","1":"post","2":"type-post","3":"status-publish","4":"format-standard","5":"has-post-thumbnail","7":"category-f1","8":"tag-f1","9":"tag-formula-1","10":"tag-formula1","11":"tag-formule-1","12":"tag-formule1","13":"tag-fr","14":"tag-france","15":"tag-sports"},"share_on_mastodon":{"url":"https:\/\/pubeurope.com\/@fr\/114987577123451774","error":""},"_links":{"self":[{"href":"https:\/\/www.europesays.com\/fr\/wp-json\/wp\/v2\/posts\/302780","targetHints":{"allow":["GET"]}}],"collection":[{"href":"https:\/\/www.europesays.com\/fr\/wp-json\/wp\/v2\/posts"}],"about":[{"href":"https:\/\/www.europesays.com\/fr\/wp-json\/wp\/v2\/types\/post"}],"author":[{"embeddable":true,"href":"https:\/\/www.europesays.com\/fr\/wp-json\/wp\/v2\/users\/2"}],"replies":[{"embeddable":true,"href":"https:\/\/www.europesays.com\/fr\/wp-json\/wp\/v2\/comments?post=302780"}],"version-history":[{"count":0,"href":"https:\/\/www.europesays.com\/fr\/wp-json\/wp\/v2\/posts\/302780\/revisions"}],"wp:featuredmedia":[{"embeddable":true,"href":"https:\/\/www.europesays.com\/fr\/wp-json\/wp\/v2\/media\/302781"}],"wp:attachment":[{"href":"https:\/\/www.europesays.com\/fr\/wp-json\/wp\/v2\/media?parent=302780"}],"wp:term":[{"taxonomy":"category","embeddable":true,"href":"https:\/\/www.europesays.com\/fr\/wp-json\/wp\/v2\/categories?post=302780"},{"taxonomy":"post_tag","embeddable":true,"href":"https:\/\/www.europesays.com\/fr\/wp-json\/wp\/v2\/tags?post=302780"}],"curies":[{"name":"wp","href":"https:\/\/api.w.org\/{rel}","templated":true}]}}