{"id":302786,"date":"2025-08-07T12:54:10","date_gmt":"2025-08-07T12:54:10","guid":{"rendered":"https:\/\/www.europesays.com\/fr\/302786\/"},"modified":"2025-08-07T12:54:10","modified_gmt":"2025-08-07T12:54:10","slug":"johnny-hallyday-france-gall-ils-viennent-tous-mourir-en-face-de-chez-cette-animatrice-culte","status":"publish","type":"post","link":"https:\/\/www.europesays.com\/fr\/302786\/","title":{"rendered":"Johnny Hallyday, France Gall\u2026 \u201cils viennent tous mourir\u201d en face de chez cette animatrice culte"},"content":{"rendered":"<p>Il y a des lieux qui finissent par porter un \u00e9trange poids<br \/>\nsymbolique. <strong>L\u2019H\u00f4pital Am\u00e9ricain de<br \/>\nNeuilly-en-Paris<\/strong> fait partie de ceux-l\u00e0. C\u2019est entre ces<br \/>\nmurs que plusieurs ic\u00f4nes fran\u00e7aises ont v\u00e9cu leurs derniers<br \/>\ninstants. <strong>Johnny Hallyday, France Gall,<\/strong> tous ont<br \/>\n\u00e9t\u00e9 emport\u00e9s alors qu\u2019ils \u00e9taient hospitalis\u00e9s dans ce m\u00eame<br \/>\n\u00e9tablissement de sant\u00e9.<\/p>\n<p>Pour Sophie Favier, qui habite juste en face, cette proximit\u00e9<br \/>\nest devenue un rappel douloureux que la mort est omnipr\u00e9sente, mais<br \/>\naussi un curieux point d\u2019observation du monde du showbiz.<br \/>\n\u201cC\u2019est l\u2019horreur, <a href=\"https:\/\/www.closermag.fr\/people\/la-nuit-ou-johnny-est-mort-le-recit-bouleversant-de-ses-dernieres-heures-795592\" target=\"_blank\" rel=\"noopener\"><br \/>\nJohnny Hallyday<\/a>, France Gall\u2026 Non mais c\u2019est vrai, \u00e0 chaque<br \/>\nfois quand je vois des paparazzis, je me dis, ou c\u2019est <strong>une<br \/>\nnaissance ou bien c\u2019est une mort.<\/strong> C\u2019est ou l\u2019un ou<br \/>\nl\u2019autre. C\u2019est terrible\u201d, a-t-elle confi\u00e9, boulevers\u00e9e, au<br \/>\nmicro du Club de l\u2019\u00e9t\u00e9 sur Europe 1, ce mardi 5 ao\u00fbt 2025.<br \/>\n\u201cJ\u2019habite en face de l\u2019H\u00f4pital Am\u00e9ricain et ils viennent tous<br \/>\nmourir \u00e0 l\u2019H\u00f4pital Am\u00e9ricain\u201d.<\/p>\n<p>Sophie Favier \u00e9voque son lieu de r\u00e9sidence, \u00e0 quelques pas de<br \/>\nl&rsquo;H\u00f4pital Am\u00e9ricain<\/p>\n<p>Venue \u00e9voquer son parcours dans les m\u00e9dias, <a href=\"https:\/\/www.closermag.fr\/people\/sophie-favier-plus-difficile-pour-bruno-robles-a-un-avis-bien-tranche-sur-sa-disparition-des-ecrans-3439773\" target=\"_blank\" rel=\"noopener\"><br \/>\nSophie Favier<\/a> ne s\u2019attendait sans doute pas \u00e0 revenir avec<br \/>\nautant d\u2019\u00e9motion sur ces disparitions successives. L\u2019ex-Coco-girl,<br \/>\npass\u00e9e ensuite par les plateaux, a r\u00e9agi \u00e0 la <a href=\"https:\/\/www.closermag.fr\/people\/mort-de-thierry-ardisson-cette-animatrice-a-vecu-sa-disparition-aux-premieres-loges-3569605\" target=\"_blank\" rel=\"noopener\"><br \/>\ndisparition r\u00e9cente de Thierry Ardisson<\/a>, dont elle admirait la<br \/>\nverve et l\u2019intelligence. \u201cJ\u2019\u00e9tais totalement effondr\u00e9e<br \/>\nd\u2019apprendre sa disparition\u201d, a-t-elle l\u00e2ch\u00e9, \u00e9mue.<\/p>\n<p>Leurs d\u00e9buts communs ont d\u2019ailleurs \u00e9t\u00e9 teint\u00e9s de petites<br \/>\ntensions : \u201cIl me taquinait beaucoup, mais bon, c\u2019\u00e9tait son<br \/>\nfonds de commerce aussi\u201d. L\u2019ancienne animatrice garde<br \/>\ntoutefois qu\u2019un souvenir admiratif de <a href=\"https:\/\/www.closermag.fr\/people\/audrey-crespo-mara-apres-la-mort-de-thierry-ardisson-elle-revient-au-plus-haut-de-sa-forme-3569314\" target=\"_blank\" rel=\"noopener\"><br \/>\nl\u2019homme en noir.\u00a0<\/a><\/p>\n<p>Cette personnalit\u00e9 avec qui elle<br \/>\naimerait bien travailler<\/p>\n<p>Et que devient-elle ? <a href=\"https:\/\/www.closermag.fr\/people\/sophie-favier-sa-douloureuse-confidence-sur-la-fin-de-vie-de-sa-mere-1635148\" target=\"_blank\" rel=\"noopener\"><br \/>\nL&rsquo;animatrice Sophie Favier<\/a> \u00e9voque une possible collaboration<br \/>\navec <strong>Cyril Hanouna, un visage phare du PAF actuel<\/strong>.<br \/>\n\u201cJe ne comprends pas pourquoi on ne s\u2019est jamais rencontr\u00e9s\u2026<br \/>\nJ\u2019aurais au moins aim\u00e9 prendre un caf\u00e9 avec lui et parler. Parce<br \/>\nque j\u2019avais tellement de choses \u00e0 faire et \u00e0 dire. Mais bon, \u00e7a ne<br \/>\ns\u2019est pas encore fait\u201d, a-t-elle confi\u00e9 avec une pointe de<br \/>\nregret. Une d\u00e9claration qui en dit long sur sa motivation intacte \u00e0<br \/>\nfaire vivre son amour du m\u00e9dia.<\/p>\n<p>D\u2019ailleurs, Roland Perez, qui animera la libre antenne d\u2019Europe<br \/>\n1 \u00e0 la rentr\u00e9e, semble d\u00e9j\u00e0 avoir une mission toute trouv\u00e9e pour<br \/>\nelle : celle de s\u00e9lectionner les auditeurs qui prendraient la<br \/>\nparole \u00e0 l\u2019antenne. Un premier pas vers un retour plus large ?<br \/>\n<strong>En tout cas, Sophie Favier est pr\u00eate.\u00a0<\/strong><\/p>\n","protected":false},"excerpt":{"rendered":"Il y a des lieux qui finissent par porter un \u00e9trange poids symbolique. L\u2019H\u00f4pital Am\u00e9ricain de Neuilly-en-Paris fait&hellip;\n","protected":false},"author":2,"featured_media":302787,"comment_status":"","ping_status":"","sticky":false,"template":"","format":"standard","meta":{"footnotes":""},"categories":[1359],"tags":[548,58,59,1011,27,44286,1304,973,44169],"class_list":{"0":"post-302786","1":"post","2":"type-post","3":"status-publish","4":"format-standard","5":"has-post-thumbnail","7":"category-people","8":"tag-article-simple","9":"tag-divertissement","10":"tag-entertainment","11":"tag-fr","12":"tag-france","13":"tag-france-gall","14":"tag-johnny-hallyday","15":"tag-people","16":"tag-sophie-favier"},"share_on_mastodon":{"url":"https:\/\/pubeurope.com\/@fr\/114987588882057207","error":""},"_links":{"self":[{"href":"https:\/\/www.europesays.com\/fr\/wp-json\/wp\/v2\/posts\/302786","targetHints":{"allow":["GET"]}}],"collection":[{"href":"https:\/\/www.europesays.com\/fr\/wp-json\/wp\/v2\/posts"}],"about":[{"href":"https:\/\/www.europesays.com\/fr\/wp-json\/wp\/v2\/types\/post"}],"author":[{"embeddable":true,"href":"https:\/\/www.europesays.com\/fr\/wp-json\/wp\/v2\/users\/2"}],"replies":[{"embeddable":true,"href":"https:\/\/www.europesays.com\/fr\/wp-json\/wp\/v2\/comments?post=302786"}],"version-history":[{"count":0,"href":"https:\/\/www.europesays.com\/fr\/wp-json\/wp\/v2\/posts\/302786\/revisions"}],"wp:featuredmedia":[{"embeddable":true,"href":"https:\/\/www.europesays.com\/fr\/wp-json\/wp\/v2\/media\/302787"}],"wp:attachment":[{"href":"https:\/\/www.europesays.com\/fr\/wp-json\/wp\/v2\/media?parent=302786"}],"wp:term":[{"taxonomy":"category","embeddable":true,"href":"https:\/\/www.europesays.com\/fr\/wp-json\/wp\/v2\/categories?post=302786"},{"taxonomy":"post_tag","embeddable":true,"href":"https:\/\/www.europesays.com\/fr\/wp-json\/wp\/v2\/tags?post=302786"}],"curies":[{"name":"wp","href":"https:\/\/api.w.org\/{rel}","templated":true}]}}