{"id":302788,"date":"2025-08-07T12:55:13","date_gmt":"2025-08-07T12:55:13","guid":{"rendered":"https:\/\/www.europesays.com\/fr\/302788\/"},"modified":"2025-08-07T12:55:13","modified_gmt":"2025-08-07T12:55:13","slug":"le-langonais-roland-bousquet-offre-une-peinture-a-la-mediatheque","status":"publish","type":"post","link":"https:\/\/www.europesays.com\/fr\/302788\/","title":{"rendered":"Le Langonais Roland Bousquet offre une peinture \u00e0 la m\u00e9diath\u00e8que"},"content":{"rendered":"<p>Le peintre langonais Roland Bousquet a offert un tableau \u00e0 la m\u00e9diath\u00e8que. Le vernissage de l\u2019exposition de l\u2019\u0153uvre a eu lieu vendredi 1er ao\u00fbt, en soir\u00e9e, dans la m\u00e9diath\u00e8que de l\u2019espace Gargantua, en pr\u00e9sence d\u2019une centaine de personnes.<\/p>\n<p>\u00ab\u00a0Roland a v\u00e9cu son enfance \u00e0 Langogne et il a gard\u00e9 des souvenirs tr\u00e8s riches de cette \u00e9poque et notamment de sa scolarit\u00e9 \u00e0 l\u2019\u00e9cole Saint-Joseph qui \u00e9tait sur ce lieu, a retrac\u00e9 Francis Chabalier, pr\u00e9sident de la communaut\u00e9 de communes du Haut Allier Margeride (CCHAM) et ami de l\u2019artiste. L\u2019association des Amis du patrimoine de Langogne et de ses alentours a publi\u00e9 un ouvrage rappelant l\u2019histoire de cette \u00e9cole des Fr\u00e8res des \u00e9coles chr\u00e9tiennes.\u00a0\u00bb<\/p>\n<p>Sur un mur de l\u2019Espace public Gargantua, on peut retrouver la trame de cette histoire. \u00ab\u00a0En d\u00e9couvrant la m\u00e9diath\u00e8que, l\u2019\u00e9t\u00e9 dernier, Roland Bousquet m\u2019a propos\u00e9 de faire un tableau exprimant la transition entre l\u2019\u00e9cole Saint-Joseph et l\u2019espace Gargantua am\u00e9nag\u00e9 avec la m\u00e9diath\u00e8que et de l\u2019offrir \u00e0 la communaut\u00e9 de communes du Haut Allier Margeride. Bien s\u00fbr, la communaut\u00e9 de communes a accept\u00e9 ce don avec reconnaissance. Il sera expos\u00e9 dans l\u2019office de tourisme. La toile est divis\u00e9e en plusieurs tableaux, de haut en bas, repr\u00e9sentant les mois de l\u2019ann\u00e9e scolaire.\u00a0\u00bb<\/p>\n<p><b>Un regard d\u2019artiste sur le pass\u00e9 du village<\/b><\/p>\n<p>Roland Bousquet a fourni, par la voix du pr\u00e9sident de l\u2019intercommunalit\u00e9, quelques explications sur les souvenirs qu\u2019il a exprim\u00e9s dans ce tableau, pour accompagner nos regards : \u00ab\u00a0Les anciens \u00e9l\u00e8ves s\u2019y reconna\u00eetront et pour tous les autres c\u2019est la m\u00e9moire d\u2019une \u00e9poque pas si ancienne o\u00f9 l\u2019\u00e9cole n\u2019\u00e9tait pas mixte, o\u00f9 on jouait aux billes et aux osselets, o\u00f9 des eccl\u00e9siastiques enseignaient, o\u00f9 tous les \u00e9l\u00e8ves \u00e9taient en uniforme blouse et o\u00f9 il neigeait beaucoup \u00e0 Langogne\u2026 Tout le monde n\u2019a pas gard\u00e9 des bons souvenirs de son enfance. Roland Bousquet a su impr\u00e9gner sa joie et son optimisme sur sa toile et on a envie de sourire \u00e0 chaque sc\u00e8ne repr\u00e9sent\u00e9e.\u00a0\u00bb<\/p>\n<p>L\u2019artiste et Francis Chabalier ont \u00e9t\u00e9 tr\u00e8s applaudis avant de se diriger vers le buffet pour le verre de l\u2019amiti\u00e9.<\/p>\n<p>Correspondant Midi Libre : 06 72 11 89 06<\/p>\n","protected":false},"excerpt":{"rendered":"Le peintre langonais Roland Bousquet a offert un tableau \u00e0 la m\u00e9diath\u00e8que. Le vernissage de l\u2019exposition de l\u2019\u0153uvre&hellip;\n","protected":false},"author":2,"featured_media":302789,"comment_status":"","ping_status":"","sticky":false,"template":"","format":"standard","meta":{"footnotes":""},"categories":[1358],"tags":[1348,1384,1385,1386,58,59,1011,27],"class_list":{"0":"post-302788","1":"post","2":"type-post","3":"status-publish","4":"format-standard","5":"has-post-thumbnail","7":"category-arts-et-design","8":"tag-arts","9":"tag-arts-and-design","10":"tag-arts-et-design","11":"tag-design","12":"tag-divertissement","13":"tag-entertainment","14":"tag-fr","15":"tag-france"},"share_on_mastodon":{"url":"https:\/\/pubeurope.com\/@fr\/114987593026914900","error":""},"_links":{"self":[{"href":"https:\/\/www.europesays.com\/fr\/wp-json\/wp\/v2\/posts\/302788","targetHints":{"allow":["GET"]}}],"collection":[{"href":"https:\/\/www.europesays.com\/fr\/wp-json\/wp\/v2\/posts"}],"about":[{"href":"https:\/\/www.europesays.com\/fr\/wp-json\/wp\/v2\/types\/post"}],"author":[{"embeddable":true,"href":"https:\/\/www.europesays.com\/fr\/wp-json\/wp\/v2\/users\/2"}],"replies":[{"embeddable":true,"href":"https:\/\/www.europesays.com\/fr\/wp-json\/wp\/v2\/comments?post=302788"}],"version-history":[{"count":0,"href":"https:\/\/www.europesays.com\/fr\/wp-json\/wp\/v2\/posts\/302788\/revisions"}],"wp:featuredmedia":[{"embeddable":true,"href":"https:\/\/www.europesays.com\/fr\/wp-json\/wp\/v2\/media\/302789"}],"wp:attachment":[{"href":"https:\/\/www.europesays.com\/fr\/wp-json\/wp\/v2\/media?parent=302788"}],"wp:term":[{"taxonomy":"category","embeddable":true,"href":"https:\/\/www.europesays.com\/fr\/wp-json\/wp\/v2\/categories?post=302788"},{"taxonomy":"post_tag","embeddable":true,"href":"https:\/\/www.europesays.com\/fr\/wp-json\/wp\/v2\/tags?post=302788"}],"curies":[{"name":"wp","href":"https:\/\/api.w.org\/{rel}","templated":true}]}}