{"id":302794,"date":"2025-08-07T12:58:10","date_gmt":"2025-08-07T12:58:10","guid":{"rendered":"https:\/\/www.europesays.com\/fr\/302794\/"},"modified":"2025-08-07T12:58:10","modified_gmt":"2025-08-07T12:58:10","slug":"jean-jacques-goldman-tombe-amoureux-de-celine-dion-un-fidele-lache-linfo","status":"publish","type":"post","link":"https:\/\/www.europesays.com\/fr\/302794\/","title":{"rendered":"Jean-Jacques Goldman \u201ctomb\u00e9 amoureux\u201d de C\u00e9line Dion : un fid\u00e8le l\u00e2che l\u2019info"},"content":{"rendered":"<p>Entre <a href=\"https:\/\/www.closermag.fr\/people\/celine-dion-ce-retour-parisien-quelle-prepare-en-secret-3490315\" target=\"_blank\" rel=\"noopener\"><br \/>\nJean-Jacques Goldman et C\u00e9line Dion<\/a>, la collaboration musicale<br \/>\na toujours \u00e9t\u00e9 au c\u0153ur de leur relation. Entre les deux artistes,<br \/>\nl\u2019amour de la musique les a r\u00e9uni sur plusieurs titres. Dans les<br \/>\ncolonnes de la Tribune Dimanche, plusieurs proches se sont<br \/>\nconfi\u00e9s sur cette relation artistique.<\/p>\n<p>Et on peut y lire que Jean-Jacques Goldman serait \u201ctomb\u00e9<br \/>\namoureux\u201d d\u2019une caract\u00e9ristique de la chanteuse :<br \/>\n\u201cJean-Jacques \u00e9tait tomb\u00e9 amoureux de sa voix. Il<br \/>\n<strong>classait C\u00e9line dans le top 5<\/strong> des grandes<br \/>\nvocalistes mondiales, avec Aretha Franklin, son idole absolue,<br \/>\nBarbra Streisand, Mariah Carey et Whitney Houston\u201d, confie<br \/>\nl\u2019auteur compositeur Erick Benzi.<\/p>\n<p>Jean-Jacques Goldman : sa relation fusionnelle avec C\u00e9line<br \/>\nDion<\/p>\n<p>Ce dernier, qui est un ami du chanteur : \u201cJean-Jacques se<br \/>\nconsid\u00e9rait d\u2019abord comme un songwriter. \u00c0 ses d\u00e9buts, il s\u2019est<br \/>\nr\u00e9solu \u00e0 interpr\u00e9ter ses chansons par d\u00e9pit car personne n\u2019en<br \/>\nvoulait. Mais son premier amour, c\u2019est de se mettre au service des<br \/>\nautres, surtout les chanteurs et les chanteuses \u00e0 voix qui l\u2019ont<br \/>\ntoujours fascin\u00e9, sans doute parce qu\u2019il se consid\u00e8re comme un<br \/>\nchanteur normal, <strong>avec une voix normale\u201d.<br \/>\n\u00a0<\/strong><\/p>\n<p>Tr\u00e8s proches l\u2019un de l\u2019autre, les deux chanteurs vont se<br \/>\nretrouver \u00e0 de nombreuses chansons. A tel point que m\u00eame <a href=\"https:\/\/www.closermag.fr\/people\/exclu.-michael-jones-je-les-adore-mais-pour-etre-honnete-ce-qu-il-reproche-a-ses-petits-enfants-1722878\" target=\"_blank\" rel=\"noopener\"><br \/>\nMichael Jones<\/a> avait aussi accept\u00e9 de se confier sur la <a href=\"https:\/\/www.closermag.fr\/people\/celine-dion-de-retour-jean-jacques-goldman-ny-est-pas-pour-rien-petite-confidence-lachee-3503344\" target=\"_blank\" rel=\"noopener\"><br \/>\nrelation avec C\u00e9line Dion.\u00a0<\/a><\/p>\n<p>Les confidences folles de Michael<br \/>\nJones<\/p>\n<p>Invit\u00e9 sur le plateau de Vivement Dimanche, le guitariste avait<br \/>\nd\u00e9voil\u00e9 : \u201cC\u2019est une des plus grandes chanteuses du monde ! Une<br \/>\nvoix exceptionnelle. Chanter avec elle, c\u2019est juste un immense<br \/>\nplaisir\u201d. L\u2019animateur <a href=\"https:\/\/www.closermag.fr\/people\/michel-drucker-a-quoi-ressemblait-sa-superbe-maison-en-normandie-ou-il-vivait-avec-dany-saval-3491367\" target=\"_blank\" rel=\"noopener\"><br \/>\nMichel Drucker<\/a> rappelle d\u2019ailleurs que lorsque Ren\u00e9 Ang\u00e9lil,<br \/>\n<a href=\"https:\/\/www.closermag.fr\/people\/exclu-celine-dion-nouvelle-star-de-fictions-cette-proposition-quelle-na-pas-pu-refuser-3481806\" target=\"_blank\" rel=\"noopener\"><br \/>\nle mari de C\u00e9line Dion,<\/a> est tomb\u00e9 malade, la chanteuse a<br \/>\ndirectement appel\u00e9 <a href=\"https:\/\/www.closermag.fr\/people\/celine-dion-malade-soyez-prets-la-chanteuse-fait-part-dune-grande-nouvelle-a-ses-fans-3427920\" target=\"_blank\" rel=\"noopener\"><br \/>\nJean-Jacques Goldman<\/a>. \u201cLe plaisir, c\u2019\u00e9tait de pouvoir jouer<br \/>\net <strong>chanter avec elle,<\/strong> c\u2019est s\u00fbr. C\u2019\u00e9tait<br \/>\nfabuleux\u201d, se rappelle Michael Jones.<\/p>\n<p>Des confidences touchantes. D\u2019ailleurs, lorsque la chanteuse a<br \/>\nvoulu faire son retour durant sa maladie, elle a pu compter sur<br \/>\nJean-Jacques Goldman : \u201cEn fran\u00e7ais, certains de ses titres<br \/>\nsont presque de la country. Le travail qu\u2019elle fait avec<br \/>\nJean-Jacques Goldman est tout simplement incroyable, vous<br \/>\nsavez\u201d, confiait la r\u00e9alisatrice du reportage sur la<br \/>\nchanteuse.<\/p>\n","protected":false},"excerpt":{"rendered":"Entre Jean-Jacques Goldman et C\u00e9line Dion, la collaboration musicale a toujours \u00e9t\u00e9 au c\u0153ur de leur relation. Entre&hellip;\n","protected":false},"author":2,"featured_media":302795,"comment_status":"","ping_status":"","sticky":false,"template":"","format":"standard","meta":{"footnotes":""},"categories":[1355],"tags":[548,7043,58,59,1011,27,7195,1361,873],"class_list":{"0":"post-302794","1":"post","2":"type-post","3":"status-publish","4":"format-standard","5":"has-post-thumbnail","7":"category-musique","8":"tag-article-simple","9":"tag-celine-dion","10":"tag-divertissement","11":"tag-entertainment","12":"tag-fr","13":"tag-france","14":"tag-jean-jacques-goldman","15":"tag-music","16":"tag-musique"},"share_on_mastodon":{"url":"https:\/\/pubeurope.com\/@fr\/114987604869394453","error":""},"_links":{"self":[{"href":"https:\/\/www.europesays.com\/fr\/wp-json\/wp\/v2\/posts\/302794","targetHints":{"allow":["GET"]}}],"collection":[{"href":"https:\/\/www.europesays.com\/fr\/wp-json\/wp\/v2\/posts"}],"about":[{"href":"https:\/\/www.europesays.com\/fr\/wp-json\/wp\/v2\/types\/post"}],"author":[{"embeddable":true,"href":"https:\/\/www.europesays.com\/fr\/wp-json\/wp\/v2\/users\/2"}],"replies":[{"embeddable":true,"href":"https:\/\/www.europesays.com\/fr\/wp-json\/wp\/v2\/comments?post=302794"}],"version-history":[{"count":0,"href":"https:\/\/www.europesays.com\/fr\/wp-json\/wp\/v2\/posts\/302794\/revisions"}],"wp:featuredmedia":[{"embeddable":true,"href":"https:\/\/www.europesays.com\/fr\/wp-json\/wp\/v2\/media\/302795"}],"wp:attachment":[{"href":"https:\/\/www.europesays.com\/fr\/wp-json\/wp\/v2\/media?parent=302794"}],"wp:term":[{"taxonomy":"category","embeddable":true,"href":"https:\/\/www.europesays.com\/fr\/wp-json\/wp\/v2\/categories?post=302794"},{"taxonomy":"post_tag","embeddable":true,"href":"https:\/\/www.europesays.com\/fr\/wp-json\/wp\/v2\/tags?post=302794"}],"curies":[{"name":"wp","href":"https:\/\/api.w.org\/{rel}","templated":true}]}}