{"id":302798,"date":"2025-08-07T13:00:11","date_gmt":"2025-08-07T13:00:11","guid":{"rendered":"https:\/\/www.europesays.com\/fr\/302798\/"},"modified":"2025-08-07T13:00:11","modified_gmt":"2025-08-07T13:00:11","slug":"le-risque-cardiaque-augmente-chez-les-enfants-qui-regardent-trop-les-ecrans-actualites","status":"publish","type":"post","link":"https:\/\/www.europesays.com\/fr\/302798\/","title":{"rendered":"Le risque cardiaque augmente chez les enfants qui regardent trop les \u00e9crans : Actualit\u00e9s"},"content":{"rendered":"<p class=\"lead \"><strong>Selon une \u00e9tude danoise publi\u00e9e mercredi 6 ao\u00fbt, le risque de maladies cardiaques et m\u00e9taboliques augmente chez les enfants qui passent trop de temps devant un \u00e9cran. <\/strong><\/p>\n<p class=\"lead \">Le temps pass\u00e9 devant un \u00e9cran, tablette, t\u00e9l\u00e9phone ou t\u00e9l\u00e9vision, augmente le risque de maladies cardiaques et m\u00e9taboliques chez les enfants, selon une \u00e9tude danoise publi\u00e9e mercredi 6 ao\u00fbt dans la revue Journal of the American Heart Association. Ils risquent davantage de d\u00e9velopper des maladies cardiovasculaires ou du diab\u00e8te. <\/p>\n<p class=\"lead \">\u00ab\u00a0Les enfants et les jeunes adultes qui passent des heures excessives coll\u00e9s aux \u00e9crans et aux appareils \u00e9lectroniques peuvent pr\u00e9senter des risques accrus de maladies cardio-m\u00e9taboliques, telles que l&rsquo;hypertension art\u00e9rielle, un taux de cholest\u00e9rol \u00e9lev\u00e9 et une r\u00e9sistance \u00e0 l&rsquo;insuline\u00a0\u00bb, indique l&rsquo;\u00e9tude, cit\u00e9e par <a href=\"https:\/\/sante.lefigaro.fr\/selon-une-etude-le-risque-de-crise-cardiaque-augmente-chez-les-enfants-qui-regardent-trop-les-ecrans-20250806\" target=\"_blank\" rel=\"nofollow noopener\">Le Figaro<\/a>. Pour parvenir \u00e0 ce r\u00e9sultat, les donn\u00e9es de plus de 1000 enfants de 10 \u00e0 18 ans ont \u00e9t\u00e9 \u00e9tudi\u00e9es.<\/p>\n<p>                                                                                                 Un risque accru par le manque de sommeil<\/p>\n<p class=\"lead \">Les chercheurs ont examin\u00e9 la relation entre le temps d&rsquo;\u00e9cran et certains facteurs de risque. Ils ont r\u00e9v\u00e9l\u00e9 que chaque heure suppl\u00e9mentaire devant un \u00e9cran augmenterait le risque de maladie. Ce risque s&rsquo;aggrave avec le manque de sommeil. Ainsi, \u00e0 partir de trois heures d&rsquo;\u00e9cran par jour, un enfant \u00ab\u00a0aurait un risque global de l&rsquo;ordre d&rsquo;un quart \u00e0 une demie sup\u00e9rieur \u00e0 celui de ses pairs\u00a0\u00bb, a expliqu\u00e9 David Horner, auteur principal de l&rsquo;\u00e9tude et chercheur \u00e0 l&rsquo;Universit\u00e9 de Copenhague.<\/p>\n<p class=\"lead \">En France, l&rsquo;arr\u00eat\u00e9 minist\u00e9riel du 2 juillet 2025 interdit les \u00e9crans pour les moins de 3 ans dans les lieux d&rsquo;accueil de la petite enfance. Le gouvernement souhaite \u00ab\u00a0garantir un environnement favorable au d\u00e9veloppement\u00a0\u00bb et veut \u00ab\u00a0\u00e9viter l\u2019installation pr\u00e9coce d\u2019habitudes num\u00e9riques\u00a0\u00bb. <\/p>\n<p class=\"small font-weight-bold text-gray3 \"> publi\u00e9 le 7 ao\u00fbt \u00e0 12h02, Caroline Fr\u00fchauf, 6Medias<\/p>\n<p>                             Partager<\/p>\n","protected":false},"excerpt":{"rendered":"Selon une \u00e9tude danoise publi\u00e9e mercredi 6 ao\u00fbt, le risque de maladies cardiaques et m\u00e9taboliques augmente chez les&hellip;\n","protected":false},"author":2,"featured_media":302799,"comment_status":"","ping_status":"","sticky":false,"template":"","format":"standard","meta":{"footnotes":""},"categories":[10],"tags":[1011,27,72,71],"class_list":{"0":"post-302798","1":"post","2":"type-post","3":"status-publish","4":"format-standard","5":"has-post-thumbnail","7":"category-sante","8":"tag-fr","9":"tag-france","10":"tag-health","11":"tag-sante"},"share_on_mastodon":{"url":"https:\/\/pubeurope.com\/@fr\/114987612612521145","error":""},"_links":{"self":[{"href":"https:\/\/www.europesays.com\/fr\/wp-json\/wp\/v2\/posts\/302798","targetHints":{"allow":["GET"]}}],"collection":[{"href":"https:\/\/www.europesays.com\/fr\/wp-json\/wp\/v2\/posts"}],"about":[{"href":"https:\/\/www.europesays.com\/fr\/wp-json\/wp\/v2\/types\/post"}],"author":[{"embeddable":true,"href":"https:\/\/www.europesays.com\/fr\/wp-json\/wp\/v2\/users\/2"}],"replies":[{"embeddable":true,"href":"https:\/\/www.europesays.com\/fr\/wp-json\/wp\/v2\/comments?post=302798"}],"version-history":[{"count":0,"href":"https:\/\/www.europesays.com\/fr\/wp-json\/wp\/v2\/posts\/302798\/revisions"}],"wp:featuredmedia":[{"embeddable":true,"href":"https:\/\/www.europesays.com\/fr\/wp-json\/wp\/v2\/media\/302799"}],"wp:attachment":[{"href":"https:\/\/www.europesays.com\/fr\/wp-json\/wp\/v2\/media?parent=302798"}],"wp:term":[{"taxonomy":"category","embeddable":true,"href":"https:\/\/www.europesays.com\/fr\/wp-json\/wp\/v2\/categories?post=302798"},{"taxonomy":"post_tag","embeddable":true,"href":"https:\/\/www.europesays.com\/fr\/wp-json\/wp\/v2\/tags?post=302798"}],"curies":[{"name":"wp","href":"https:\/\/api.w.org\/{rel}","templated":true}]}}