{"id":302818,"date":"2025-08-07T13:11:13","date_gmt":"2025-08-07T13:11:13","guid":{"rendered":"https:\/\/www.europesays.com\/fr\/302818\/"},"modified":"2025-08-07T13:11:13","modified_gmt":"2025-08-07T13:11:13","slug":"meurthe-et-moselle-il-fait-de-la-soudure-et-met-le-feu-a-sa-maison-pres-de-nancy","status":"publish","type":"post","link":"https:\/\/www.europesays.com\/fr\/302818\/","title":{"rendered":"Meurthe-et-Moselle. Il fait de la soudure et met le feu \u00e0 sa maison pr\u00e8s de Nancy"},"content":{"rendered":"<p>Prostr\u00e9. La t\u00eate entre les mains. Incapable de parler. Cet habitant de la Grande-Rue \u00e0 Cerville, \u00e2g\u00e9 d\u2019une quarantaine d\u2019ann\u00e9es, est en \u00e9tat de choc, assis sur une chaise install\u00e9e \u00e0 la va-vite sur le trottoir, devant sa maison.<\/p>\n<p>Il est aux alentours de midi, ce jeudi. La rue est envahie par des camions de pompiers et une vingtaine de soldats du feu vont et viennent. Ils passent \u00e0 c\u00f4t\u00e9 du quadrag\u00e9naire.<\/p>\n<p>Mais ce dernier semble ne pas les voir. Des proches tentent de lui parler. Ils lui glissent des mots de r\u00e9confort qu\u2019il entend \u00e0 peine.<\/p>\n<p>  Des \u00e9tincelles ont sans doute vol\u00e9<\/p>\n<p>Il ressasse ce qui s\u2019est pass\u00e9 dans l\u2019heure qui a pr\u00e9c\u00e9d\u00e9. Il \u00e9tait en train de faire de la soudure devant la porte de son garage lorsque sa vie quotidienne a bascul\u00e9. Des \u00e9tincelles ont sans doute vol\u00e9. Un incendie s\u2019est en tout cas d\u00e9clench\u00e9.<\/p>\n<p>Le feu a vite pris de l\u2019ampleur et ravag\u00e9 le garage. De la fum\u00e9e a \u00e9galement envahi l\u2019\u00e9tage et les combles am\u00e9nag\u00e9s de la maison. Le propri\u00e9taire, son \u00e9pouse et leurs quatre enfants ont eu le temps de se mettre \u00e0 l\u2019abri.<\/p>\n<p>Ils ont ensuite assist\u00e9 impuissant \u00e0 l\u2019avanc\u00e9e des flammes.<\/p>\n<p>  Une maison inhabitable<\/p>\n<p>Alert\u00e9s, les pompiers de la caserne des Deux-Rives, \u00e0 Nancy, et d\u2019Art-sur-Meurthe ont fil\u00e9 sur les lieux du sinistre. \u00ab\u00a0Deux lances ont \u00e9t\u00e9 mises en action et ont permis d\u2019\u00e9teindre rapidement le foyer principal\u00a0\u00bb, indique le lieutenant Gudefin qui a dirig\u00e9 les op\u00e9rations.<\/p>\n<p>L\u2019essentiel des d\u00e9g\u00e2ts est rest\u00e9 cantonn\u00e9 au garage. Le reste de la maison est toutefois inhabitable. \u00ab\u00a0Ce n\u2019est que du mat\u00e9riel, le plus important c\u2019est qu\u2019il n\u2019y ait pas de bless\u00e9\u00a0\u00bb, relativise Gis\u00e8le Fromaget, la maire de Cerville qui s\u2019est rendue sur place.<\/p>\n<p>Il faudra sans doute un moment au quadrag\u00e9naire choqu\u00e9, mais sain et sauf, pour le comprendre. En attendant, il devrait \u00eatre relog\u00e9 avec sa femme et ses enfants chez un membre de leur famille qui habite le village.<\/p>\n","protected":false},"excerpt":{"rendered":"Prostr\u00e9. La t\u00eate entre les mains. Incapable de parler. Cet habitant de la Grande-Rue \u00e0 Cerville, \u00e2g\u00e9 d\u2019une&hellip;\n","protected":false},"author":2,"featured_media":302819,"comment_status":"","ping_status":"","sticky":false,"template":"","format":"standard","meta":{"footnotes":""},"categories":[9635],"tags":[1111,11,12080,23783,1704,1777,674,274,1011,27,775,1310,3457,1702,12,25],"class_list":{"0":"post-302818","1":"post","2":"type-post","3":"status-publish","4":"format-standard","5":"has-post-thumbnail","7":"category-nancy","8":"tag-actu","9":"tag-actualites","10":"tag-cc-de-seille-et-grand-couronne-54b","11":"tag-cerville","12":"tag-edition-nancy-et-agglomeration","13":"tag-eu","14":"tag-europe","15":"tag-faits-divers-justice","16":"tag-fr","17":"tag-france","18":"tag-grand-est","19":"tag-incendie","20":"tag-meurthe-et-moselle","21":"tag-nancy","22":"tag-news","23":"tag-republique-francaise"},"share_on_mastodon":{"url":"https:\/\/pubeurope.com\/@fr\/114987655703738649","error":""},"_links":{"self":[{"href":"https:\/\/www.europesays.com\/fr\/wp-json\/wp\/v2\/posts\/302818","targetHints":{"allow":["GET"]}}],"collection":[{"href":"https:\/\/www.europesays.com\/fr\/wp-json\/wp\/v2\/posts"}],"about":[{"href":"https:\/\/www.europesays.com\/fr\/wp-json\/wp\/v2\/types\/post"}],"author":[{"embeddable":true,"href":"https:\/\/www.europesays.com\/fr\/wp-json\/wp\/v2\/users\/2"}],"replies":[{"embeddable":true,"href":"https:\/\/www.europesays.com\/fr\/wp-json\/wp\/v2\/comments?post=302818"}],"version-history":[{"count":0,"href":"https:\/\/www.europesays.com\/fr\/wp-json\/wp\/v2\/posts\/302818\/revisions"}],"wp:featuredmedia":[{"embeddable":true,"href":"https:\/\/www.europesays.com\/fr\/wp-json\/wp\/v2\/media\/302819"}],"wp:attachment":[{"href":"https:\/\/www.europesays.com\/fr\/wp-json\/wp\/v2\/media?parent=302818"}],"wp:term":[{"taxonomy":"category","embeddable":true,"href":"https:\/\/www.europesays.com\/fr\/wp-json\/wp\/v2\/categories?post=302818"},{"taxonomy":"post_tag","embeddable":true,"href":"https:\/\/www.europesays.com\/fr\/wp-json\/wp\/v2\/tags?post=302818"}],"curies":[{"name":"wp","href":"https:\/\/api.w.org\/{rel}","templated":true}]}}