{"id":302826,"date":"2025-08-07T13:15:12","date_gmt":"2025-08-07T13:15:12","guid":{"rendered":"https:\/\/www.europesays.com\/fr\/302826\/"},"modified":"2025-08-07T13:15:12","modified_gmt":"2025-08-07T13:15:12","slug":"les-policiers-dejouent-une-agression-sur-mineure-en-centre-ville","status":"publish","type":"post","link":"https:\/\/www.europesays.com\/fr\/302826\/","title":{"rendered":"les policiers d\u00e9jouent une agression sur mineure en centre-ville"},"content":{"rendered":"<p>\nLa Police Municipale a interpell\u00e9 un individu adoptant un comportement harcelant envers une mineure.<\/p>\n<p>\n\u00a9 Police Municipale de Montpellier \u2013 photo d\u2019illustration.<\/p>\n<p>La <strong>Police Municipale de Montpellier<\/strong> est parvenue \u00e0 <strong>d\u00e9jouer une agression<\/strong> ce mardi 5 ao\u00fbt dans le <strong>centre-ville <\/strong>de <a href=\"https:\/\/infoccitanie.fr\/tag\/montpellier\/\" rel=\"nofollow noopener\" target=\"_blank\">Montpellier<\/a>. En effet, les agents prennent connaissance de la situation aux alentours de 12h15. Un individu leur parle d\u2019un homme <strong>suivant une mineure avec insistance<\/strong>.<\/p>\n<p>Le suspect pr\u00e9sente des troubles psychiques<\/p>\n<p>Les agents de la <strong>Police Municipale de Montpellier contr\u00f4lent<\/strong> alors imm\u00e9diatement le suspect. Son <strong>comportement harcelant <\/strong>est confirm\u00e9 par les forces de l\u2019ordre. \u00c0 noter que l\u2019individu pr\u00e9sente \u00e9galement des<strong> troubles psychiques<\/strong>. Les policiers proc\u00e8dent \u00e0 son <strong>interpellation<\/strong> afin de l\u2019emmener aux <strong>urgences psychiatriques <\/strong>pour une prise en charge. D\u2019apr\u00e8s les informations communiqu\u00e9es par la Police Municipale de Montpellier, la famille de la jeune fille mineure a d\u00e9pos\u00e9 <strong>plainte<\/strong>.<\/p>\n","protected":false},"excerpt":{"rendered":"La Police Municipale a interpell\u00e9 un individu adoptant un comportement harcelant envers une mineure. \u00a9 Police Municipale de&hellip;\n","protected":false},"author":2,"featured_media":263496,"comment_status":"","ping_status":"","sticky":false,"template":"","format":"standard","meta":{"footnotes":""},"categories":[9599],"tags":[1111,11,1777,674,1011,27,2208,12,2680,2872,25],"class_list":{"0":"post-302826","1":"post","2":"type-post","3":"status-publish","4":"format-standard","5":"has-post-thumbnail","7":"category-montpellier","8":"tag-actu","9":"tag-actualites","10":"tag-eu","11":"tag-europe","12":"tag-fr","13":"tag-france","14":"tag-montpellier","15":"tag-news","16":"tag-occitanie","17":"tag-police-municipale","18":"tag-republique-francaise"},"share_on_mastodon":{"url":"https:\/\/pubeurope.com\/@fr\/114987671395021121","error":""},"_links":{"self":[{"href":"https:\/\/www.europesays.com\/fr\/wp-json\/wp\/v2\/posts\/302826","targetHints":{"allow":["GET"]}}],"collection":[{"href":"https:\/\/www.europesays.com\/fr\/wp-json\/wp\/v2\/posts"}],"about":[{"href":"https:\/\/www.europesays.com\/fr\/wp-json\/wp\/v2\/types\/post"}],"author":[{"embeddable":true,"href":"https:\/\/www.europesays.com\/fr\/wp-json\/wp\/v2\/users\/2"}],"replies":[{"embeddable":true,"href":"https:\/\/www.europesays.com\/fr\/wp-json\/wp\/v2\/comments?post=302826"}],"version-history":[{"count":0,"href":"https:\/\/www.europesays.com\/fr\/wp-json\/wp\/v2\/posts\/302826\/revisions"}],"wp:featuredmedia":[{"embeddable":true,"href":"https:\/\/www.europesays.com\/fr\/wp-json\/wp\/v2\/media\/263496"}],"wp:attachment":[{"href":"https:\/\/www.europesays.com\/fr\/wp-json\/wp\/v2\/media?parent=302826"}],"wp:term":[{"taxonomy":"category","embeddable":true,"href":"https:\/\/www.europesays.com\/fr\/wp-json\/wp\/v2\/categories?post=302826"},{"taxonomy":"post_tag","embeddable":true,"href":"https:\/\/www.europesays.com\/fr\/wp-json\/wp\/v2\/tags?post=302826"}],"curies":[{"name":"wp","href":"https:\/\/api.w.org\/{rel}","templated":true}]}}