{"id":302827,"date":"2025-08-07T13:22:43","date_gmt":"2025-08-07T13:22:43","guid":{"rendered":"https:\/\/www.europesays.com\/fr\/302827\/"},"modified":"2025-08-07T13:22:43","modified_gmt":"2025-08-07T13:22:43","slug":"eric-piolle-donne-encore-des-lecons-sur-le-trafic-qui-explose-a-grenoble","status":"publish","type":"post","link":"https:\/\/www.europesays.com\/fr\/302827\/","title":{"rendered":"ERIC PIOLLE DONNE (ENCORE) DES LE\u00c7ONS SUR LE TRAFIC&#8230; QUI EXPLOSE \u00c0 GRENOBLE"},"content":{"rendered":"<p>Posted On 7 ao\u00fbt 2025 <\/p>\n<p style=\"text-align: justify;\">Ind\u00e9crottable. <a href=\"https:\/\/grenoble-le-changement.fr\/2025\/08\/05\/berriat-le-service-apres-vente-des-verts-peine-a-convaincre\/\" target=\"_blank\" rel=\"noopener\">Apr\u00e8s sa pol\u00e9mique nationale sur les \u00ab\u00a0ghettos de riches\u00a0\u00bb<\/a> \u00e0 Grenoble qui lui ont valu des critiques de toute part, Eric Piolle endosse son costume de porte-parole du parti des Verts pour donner des le\u00e7ons sur la s\u00e9curit\u00e9 au Ministre de l&rsquo;Int\u00e9rieur&#8230;<\/p>\n<p>LES LE\u00c7ONS DE PIOLLE SUR LA LUTTE CONTRE LE TRAFIC&#8230;<\/p>\n<p style=\"text-align: justify;\"><a target=\"_blank\" href=\"https:\/\/www.rtl.fr\/actu\/politique\/narcotrafic-ou-est-le-plan-de-lutte-contre-la-drogue-de-bruno-retailleau-s-interroge-eric-piolle-sur-rtl-7900528371\" rel=\"noopener\">Invit\u00e9 de RTL<\/a>, celui qui est encore Maire de Grenoble quand bien m\u00eame il semble prendre plus de plaisir \u00e0 Paris a ainsi fait un sermon en se demandant \u00ab\u00a0o\u00f9 est le plan de lutte contre la drogue ?\u00a0\u00bb, en nous ressortant son couplet classique sur la l\u00e9galisation du cannabis et m\u00eame, comble du culot, en affirmant que contre la drogue il faut \u00ab\u00a0continuer \u00e0 agir avec d\u00e9termination au quotidien\u00a0\u00bb. Si seulement lui-m\u00eame commen\u00e7ait par s&rsquo;appliquer ses le\u00e7ons.\u00a0<\/p>\n<p><a href=\"https:\/\/i2.wp.com\/grenoble-le-changement.fr\/wp-content\/uploads\/2025\/08\/piolle-bfm.png?ssl=1\" rel=\"lightbox[83824] noopener\" target=\"_blank\"><img loading=\"lazy\" decoding=\"async\" class=\" wp-image-83845 jetpack-lazy-image\" src=\"https:\/\/i2.wp.com\/grenoble-le-changement.fr\/wp-content\/uploads\/2025\/08\/piolle-bfm.png?resize=573%2C355&amp;ssl=1\" alt=\"\" width=\"573\" height=\"355\" data-recalc-dims=\"1\" data-lazy-src=\"https:\/\/www.europesays.com\/fr\/wp-content\/uploads\/2025\/08\/piolle-bfm.png\" \/><\/a>Piolle enchaine les plateaux t\u00e9l\u00e9 pour \u00e9clairer les fran\u00e7ais sur tous les sujets, lui qui a tant r\u00e9ussi \u00e0 Grenoble..<br \/>\n&#8230; PENDANT QUE GRENOBLE EST EN T\u00caTE DE L&rsquo;INS\u00c9CURIT\u00c9<\/p>\n<p style=\"text-align: justify;\">Car s&rsquo;il y a bien s\u00fbr un enjeu fran\u00e7ais de lutte contre le trafic, c&rsquo;est bien la donne locale qui conduit \u00e0 ce que Grenoble, 17\u00e8me ville de France, <a href=\"https:\/\/grenoble-le-changement.fr\/2025\/07\/08\/grenoble-encore-confirmee-comme-lanterne-rouge-pour-la-securite\/\" target=\"_blank\" rel=\"noopener\">caracole en t\u00eate des classements sur l&rsquo;ins\u00e9curit\u00e9<\/a>, pass\u00e9e en 2024 1\u00e8re Ville devant Marseille pour les faits de d\u00e9linquance rapport\u00e9s au nombre d&rsquo;habitants. Ce que confirment tous les classements et statistiques. Si le sujet \u00e9tait uniquement national, il n&rsquo;y aurait aucune raison que ce soit pr\u00e9cis\u00e9ment Grenoble qui soit la pire.<\/p>\n<p>DROGUE : +290% DE TRAFIC, +350% D&rsquo;USAGE&#8230;<\/p>\n<p style=\"text-align: justify;\"><a href=\"https:\/\/grenoble-le-changement.fr\/2025\/04\/09\/insecurite-toutes-les-stats-qui-confirment-que-grenoble-est-n1\/\" target=\"_blank\" rel=\"noopener\">Au niveau de la lutte contre le trafic<\/a>, pour laquelle Piolle ose expliquer ce qu&rsquo;il faut faire, on ne saurait que lui conseiller de regarder les statistiques grenobloises depuis son arriv\u00e9e aux commandes pour retrouver un peu d&rsquo;humilit\u00e9. Entre 2016 et 2024, une explosion des faits de trafic de stup\u00e9fiants de 290% et des faits d&rsquo;usage de stup\u00e9fiants de +350% (!). Une catastrophe qui nous propulse bien au-dessus de la moyenne des m\u00e9tropoles comparables alors que nous \u00e9tions en dessous.\u00a0\u00a0<\/p>\n<p><img decoding=\"async\" data-id=\"81133\" src=\"https:\/\/i2.wp.com\/grenoble-le-changement.fr\/wp-content\/uploads\/2025\/04\/trafic-de-stupefiants-scaled.jpeg?w=678&amp;ssl=1\" alt=\"\" class=\"wp-image-81133 jetpack-lazy-image\" data-recalc-dims=\"1\" data-lazy-src=\"https:\/\/www.europesays.com\/fr\/wp-content\/uploads\/2025\/08\/trafic-de-stupefiants-scaled.jpeg\" \/><\/p>\n<p><img decoding=\"async\" data-id=\"81130\" src=\"https:\/\/i2.wp.com\/grenoble-le-changement.fr\/wp-content\/uploads\/2025\/04\/usage-de-stupefiants-scaled.jpeg?w=678&amp;ssl=1\" alt=\"\" class=\"wp-image-81130 jetpack-lazy-image\" data-recalc-dims=\"1\" data-lazy-src=\"https:\/\/www.europesays.com\/fr\/wp-content\/uploads\/2025\/08\/usage-de-stupefiants-scaled.jpeg\" \/><br \/>\n\u00c0 gauche l&rsquo;\u00e9volution du trafic de stup\u00e9fiants. \u00c0 droite de l&rsquo;usage de stup\u00e9fiants.<\/p>\n<p>\u00c0 GRENOBLE, LA MUNICIPALIT\u00c9 ABSENTE DE LA LUTTE CONTRE LE TRAFIC<\/p>\n<p style=\"text-align: justify;\"><a target=\"_blank\" href=\"https:\/\/c.ledauphine.com\/faits-divers-justice\/2025\/07\/20\/narcotrafic-ces-quartiers-de-l-agglomeration-grenobloise-en-guerre-contre-les-dealers\" rel=\"noopener\">Fin juillet, le Dauphin\u00e9 Lib\u00e9r\u00e9<\/a> se penchait sur les r\u00e9sultats de diff\u00e9rentes communes dans la lutte contre le deal. \u00c0 Grenoble, Place Saint-Bruno, o\u00f9 seule la police nationale se mobilise avec un commissariat mobile et plus de patrouilles, r\u00e9sultat peu concluant : les dealers se sont d\u00e9plac\u00e9s de quelques m\u00e8tres vers le Cours Berriat et se d\u00e9ploient aux abords du quartier.<\/p>\n<p style=\"text-align: justify;\">Le pr\u00e9sident de l&rsquo;union de quartier, Bruno De Lescure (extr\u00eame-gauche, ex Verts\/ADES toujours proche id\u00e9ologiquement), n&rsquo;appelle qu&rsquo;aux \u00ab\u00a0responsabilit\u00e9s\u00a0\u00bb de l&rsquo;Etat&#8230; qui est pourtant le seul \u00e0 les prendre dans ce secteur pendant que la municipalit\u00e9 ne fait rien !<\/p>\n<p>\u00c0 FONTAINE, \u00ab\u00a0UNE TR\u00c8S NETTE AM\u00c9LIORATION\u00a0\u00bb<\/p>\n<p style=\"text-align: justify;\">Bien diff\u00e9rent de l&rsquo;investissement de la commune de Fontaine et de son Maire Franck Longo (modem), qui a organis\u00e9 face aux dealers une op\u00e9ration d&rsquo;occupation de l&rsquo;espace en faisant collaborer services de la ville, police municipale et police nationale. Les dealers se sont repli\u00e9s et ont perdu beaucoup de terrain, se font plus discrets. Un policier t\u00e9moigne : \u00ab\u00a0la dizaine d\u2019individus qui tenait le point de deal a d\u00e9sert\u00e9 l\u2019endroit et il y a beaucoup moins de nuisances dans le quartier(&#8230;) Il y a ind\u00e9niablement une tr\u00e8s nette am\u00e9lioration\u00a0\u00bb. Quand une municipalit\u00e9 le veut, \u00e7a fonctionne.\u00a0<\/p>\n<p>\u00c0 \u00c9CHIROLLES AUSSI, LA MAIRIE VOLONTARISTE<\/p>\n<p style=\"text-align: justify;\">\u00c0 Echirolles, la collaboration entre ville et police nationale a permis la fermeture de l&rsquo;immeuble Le Carrare, devenu un v\u00e9ritable QG du trafic de drogue, et une r\u00e9duction du trafic. La maire Amandine Demore (communiste), qui installe de la vid\u00e9oprotection, fait preuve de volontarisme : \u00ab\u00a0lutter contre le narcotrafic, j\u2019en ai fait mon combat. Car il cherche \u00e0 s\u2019installer dans des quartiers o\u00f9 la population est parfois en grande fragilit\u00e9. Pour cette population, c\u2019est une double peine intol\u00e9rable\u00a0\u00bb.\u00a0<\/p>\n<p>\u00c0 GRENOBLE, LE MAIRE NE VOIT PAS LA VIOLENCE&#8230;<\/p>\n<p style=\"text-align: justify;\">Une grosse diff\u00e9rence de ton, malgr\u00e9 la proximit\u00e9 politique des deux, avec son voisin grenoblois dont le combat consiste \u00e0 fustiger les \u00ab\u00a0ghettos de riches\u00a0\u00bb pour ne surtout pas s&rsquo;attaquer aux \u00ab\u00a0ghettos de violence\u00a0\u00bb, <a href=\"https:\/\/grenoble-le-changement.fr\/2025\/08\/05\/berriat-le-service-apres-vente-des-verts-peine-a-convaincre\/\" target=\"_blank\" rel=\"noopener\">selon la formule du leader de l&rsquo;opposition Alain Carignon<\/a>. Eric Piolle ne veut surtout pas voir la violence induite par la politique de ghetto\u00efsation de la ville qu&rsquo;il m\u00e8ne, bien r\u00e9elle celle-l\u00e0, avec la mort lente de toute mixit\u00e9 et le d\u00e9part de ceux qui le peuvent, \u00e9coeur\u00e9s par la d\u00e9gradation de la qualit\u00e9 de vie.<\/p>\n<p><a href=\"https:\/\/i0.wp.com\/grenoble-le-changement.fr\/wp-content\/uploads\/2025\/07\/Capture-de\u0301cran-2025-07-20-a\u0300-11.49.41.png?ssl=1\" rel=\"lightbox[83824] noopener\" target=\"_blank\"><img loading=\"lazy\" decoding=\"async\" class=\" wp-image-83421 jetpack-lazy-image\" src=\"https:\/\/i0.wp.com\/grenoble-le-changement.fr\/wp-content\/uploads\/2025\/07\/Capture-de\u0301cran-2025-07-20-a\u0300-11.49.41.png?resize=579%2C446&amp;ssl=1\" alt=\"\" width=\"579\" height=\"446\" data-recalc-dims=\"1\" data-lazy-src=\"https:\/\/i0.wp.com\/grenoble-le-changement.fr\/wp-content\/uploads\/2025\/07\/Capture-de\u0301cran-2025-07-20-a\u0300-11.49.41.png?resize=579%2C446&amp;is-pending-load=1#038;ssl=1\" \/><\/a>Pire que l&rsquo;inaction : \u00e0 Grenoble, la municipalit\u00e9 Verts\/LFI r\u00e9primande violemment ceux qui se dressent contre les d\u00e9linquants<br \/>\n&#8230; QUI RONGE POURTANT LE QUOTIDIEN<\/p>\n<p style=\"text-align: justify;\">Car pendant que le Maire p\u00e9rore sur les plateaux t\u00e9l\u00e9 et radio nationaux, bien \u00e9loign\u00e9 des affaires grenobloises, c&rsquo;est bien la violence du quotidien qui ronge Grenoble. Pour ne prendre que les derniers jours : <a target=\"_blank\" href=\"https:\/\/c.ledauphine.com\/faits-divers-justice\/2025\/07\/31\/quatre-voitures-incendiees-dans-la-nuit\" rel=\"noopener\">quatre voitures incendi\u00e9es<\/a> dans la nuit du 31 juillet, <a target=\"_blank\" href=\"https:\/\/www.francebleu.fr\/infos\/faits-divers-justice\/une-femme-blessee-a-l-arme-blanche-a-grenoble-4345682\" rel=\"noopener\">une femme agress\u00e9e au couteau<\/a> quartier Chorier-Berriat, toujours un couteau <a target=\"_blank\" href=\"https:\/\/c.ledauphine.com\/faits-divers-justice\/2025\/07\/29\/un-jeune-homme-gravement-blesse-a-coups-de-couteau\" rel=\"noopener\">un jeune de 20 ans gravement bless\u00e9<\/a> en pleine journ\u00e9e Rue Amp\u00e8re, <a target=\"_blank\" href=\"https:\/\/c.ledauphine.com\/faits-divers-justice\/2025\/08\/06\/un-impact-constate-par-la-police-dans-une-fenetre-d-un-appartement-a-l-arlequin\" rel=\"noopener\">un impact potentiellement de balle<\/a> sur la fen\u00eatre d&rsquo;un appartement \u00e0 la Villeneuve..<\/p>\n<p>AU VILLAGE OLYMPIQUE, FUSILLADE ET ATTAQUE AU COUTEAU<\/p>\n<p style=\"text-align: justify;\">Le Village Olympique, qui a d\u00e9j\u00e0 particuli\u00e8rement donn\u00e9 cette ann\u00e9e en mati\u00e8re de \u00ab\u00a0faits divers\u00a0\u00bb <a href=\"https:\/\/grenoble-le-changement.fr\/2025\/02\/14\/la-grenade-et-le-maire-qui-se-fout-un-peu-des-critiques-sur-linsecurite\/\" target=\"_blank\" rel=\"noopener\">avec l&rsquo;attaque d&rsquo;un bar \u00e0 la grenade<\/a> (juste apr\u00e8s que Piolle explique qu&rsquo;il se \u00ab\u00a0fout un peu\u00a0\u00bb des critiques sur l&rsquo;ins\u00e9curit\u00e9..) vient de connaitre <a target=\"_blank\" href=\"https:\/\/c.ledauphine.com\/faits-divers-justice\/2025\/07\/19\/un-homme-d-une-vingtaine-d-annees-blesse-par-balle-au-village-olympique\" rel=\"noopener\">un jeune bless\u00e9 par balle \u00e0 la cuisse<\/a> (la 32\u00e8me fusillade de l&rsquo;ann\u00e9e dans l&rsquo;agglo&#8230;) suivi le lendemain d&rsquo;un contentieux entre deux individus qui a fini par <a target=\"_blank\" href=\"https:\/\/c.ledauphine.com\/faits-divers-justice\/2025\/07\/21\/un-homme-de-29-ans-blesse-a-coups-de-couteau-un-suspect-age-de-41-ans-interpelle\" rel=\"noopener\">l&rsquo;un d&rsquo;entre eux, le plus jeune, lard\u00e9 de coups de couteau<\/a>..<\/p>\n<p>LE CHOIX DU FATALISME OU DU VOLONTARISME<\/p>\n<p style=\"text-align: justify;\">Eric Piolle est de cette gamme de politiciens qui pr\u00e9f\u00e8rent le confort des postures \u00e0 la n\u00e9cessit\u00e9 de l&rsquo;action. Il se complait donc dans le r\u00f4le de porte-parole d&rsquo;un parti, \u00e0 commenter ce que font les autres, pendant qu&rsquo;il d\u00e9laisse le fauteuil de Maire o\u00f9 lui m\u00eame devrait faire.<\/p>\n<p style=\"text-align: justify;\">L&rsquo;\u00e9quipe qui veut lui succ\u00e9der autour de sa candidate Laurence Ruffin s&rsquo;inscrit dans la m\u00eame perspective, incapable d&rsquo;affronter les sujets d&rsquo;ins\u00e9curit\u00e9 par id\u00e9ologie. <a href=\"https:\/\/grenoble-le-changement.fr\/2025\/07\/21\/policiers-municipaux-a-carignon-sengage-a-abroger-la-sanction\/\" target=\"_blank\" rel=\"noopener\">Seul Alain Carignon met sur la table un plan complet pour enrayer cette spirale<\/a> : pr\u00e9vention par le socioculturel, contr\u00f4le des attributions de logements sociaux pour cesser de loger des trafiquants, d\u00e9veloppement de la vid\u00e9oprotection et d&rsquo;un PC op\u00e9rationnel 24h\/24, renforcement et armement de la police municipale&#8230;\u00a0<\/p>\n<p>En mars 2026 : fatalisme ou volontarisme.<\/p>\n","protected":false},"excerpt":{"rendered":"Posted On 7 ao\u00fbt 2025 Ind\u00e9crottable. Apr\u00e8s sa pol\u00e9mique nationale sur les \u00ab\u00a0ghettos de riches\u00a0\u00bb \u00e0 Grenoble qui&hellip;\n","protected":false},"author":2,"featured_media":302828,"comment_status":"","ping_status":"","sticky":false,"template":"","format":"standard","meta":{"footnotes":""},"categories":[9566],"tags":[1111,11,9601,37573,2430,12462,9607,1777,674,1011,27,9608,2731,10136,12,25],"class_list":{"0":"post-302827","1":"post","2":"type-post","3":"status-publish","4":"format-standard","5":"has-post-thumbnail","7":"category-grenoble","8":"tag-actu","9":"tag-actualites","10":"tag-alain-carignon","11":"tag-amandine-demore","12":"tag-auvergne-rhone-alpes","13":"tag-bruno-de-lescure","14":"tag-eric-piolle","15":"tag-eu","16":"tag-europe","17":"tag-fr","18":"tag-france","19":"tag-franck-longo","20":"tag-grenoble","21":"tag-laurence-ruffin","22":"tag-news","23":"tag-republique-francaise"},"share_on_mastodon":{"url":"https:\/\/pubeurope.com\/@fr\/114987699159278856","error":""},"_links":{"self":[{"href":"https:\/\/www.europesays.com\/fr\/wp-json\/wp\/v2\/posts\/302827","targetHints":{"allow":["GET"]}}],"collection":[{"href":"https:\/\/www.europesays.com\/fr\/wp-json\/wp\/v2\/posts"}],"about":[{"href":"https:\/\/www.europesays.com\/fr\/wp-json\/wp\/v2\/types\/post"}],"author":[{"embeddable":true,"href":"https:\/\/www.europesays.com\/fr\/wp-json\/wp\/v2\/users\/2"}],"replies":[{"embeddable":true,"href":"https:\/\/www.europesays.com\/fr\/wp-json\/wp\/v2\/comments?post=302827"}],"version-history":[{"count":0,"href":"https:\/\/www.europesays.com\/fr\/wp-json\/wp\/v2\/posts\/302827\/revisions"}],"wp:featuredmedia":[{"embeddable":true,"href":"https:\/\/www.europesays.com\/fr\/wp-json\/wp\/v2\/media\/302828"}],"wp:attachment":[{"href":"https:\/\/www.europesays.com\/fr\/wp-json\/wp\/v2\/media?parent=302827"}],"wp:term":[{"taxonomy":"category","embeddable":true,"href":"https:\/\/www.europesays.com\/fr\/wp-json\/wp\/v2\/categories?post=302827"},{"taxonomy":"post_tag","embeddable":true,"href":"https:\/\/www.europesays.com\/fr\/wp-json\/wp\/v2\/tags?post=302827"}],"curies":[{"name":"wp","href":"https:\/\/api.w.org\/{rel}","templated":true}]}}