{"id":302831,"date":"2025-08-07T13:24:14","date_gmt":"2025-08-07T13:24:14","guid":{"rendered":"https:\/\/www.europesays.com\/fr\/302831\/"},"modified":"2025-08-07T13:24:14","modified_gmt":"2025-08-07T13:24:14","slug":"stade-velodrome-carton-plein-pour-la-derniere-repetition-avant-rennes","status":"publish","type":"post","link":"https:\/\/www.europesays.com\/fr\/302831\/","title":{"rendered":"Stade V\u00e9lodrome &#8211; Carton plein pour la derni\u00e8re r\u00e9p\u00e9tition avant Rennes"},"content":{"rendered":"<p><strong><\/p>\n<p>62 000 spectateurs sont attendus samedi pour l\u2019ultime test de pr\u00e9paration des Olympiens. Le match contre les Anglais affiche complet, trois jours avant la rencontre.<\/p>\n<p><\/strong><\/p>\n<p>Le V\u00e9lodrome n\u2019a pas attendu la reprise officielle pour retrouver son public. Le match OM-Aston Villa de samedi (19h) se jouera \u00e0 guichets ferm\u00e9s, avec <strong>62 000 spectateurs annonc\u00e9s<\/strong> pour cette derni\u00e8re r\u00e9p\u00e9tition avant le d\u00e9but de saison selon La Provence. Il n\u2019est plus possible d\u2019obtenir un billet sans passer par la plateforme de revente.<\/p>\n<p>Les supporters marseillais ont donc r\u00e9pondu pr\u00e9sent massivement pour d\u00e9couvrir les nouvelles t\u00eates de l\u2019effectif de Roberto De Zerbi. Cette affluence t\u00e9moigne de l\u2019engouement autour de ce nouvel OM, renforc\u00e9 par les arriv\u00e9es estivales de Gomes, Medina, Aubameyang, Paix\u00e3o ou encore Weah.<\/p>\n<p>Les Olympiens pourront compter sur le soutien de leur public pour ce test de gala face aux Villans, avant la <a href=\"https:\/\/www.footmarseille.com\/match\/rennes-marseille-ligue-1-saison-2025-2026\" rel=\"nofollow noopener\" target=\"_blank\">vraie reprise contre Rennes<\/a>.<\/p>\n","protected":false},"excerpt":{"rendered":"62 000 spectateurs sont attendus samedi pour l\u2019ultime test de pr\u00e9paration des Olympiens. Le match contre les Anglais&hellip;\n","protected":false},"author":2,"featured_media":302832,"comment_status":"","ping_status":"","sticky":false,"template":"","format":"standard","meta":{"footnotes":""},"categories":[2821],"tags":[1111,11,829,1777,674,1011,27,12,584,25],"class_list":{"0":"post-302831","1":"post","2":"type-post","3":"status-publish","4":"format-standard","5":"has-post-thumbnail","7":"category-rennes","8":"tag-actu","9":"tag-actualites","10":"tag-bretagne","11":"tag-eu","12":"tag-europe","13":"tag-fr","14":"tag-france","15":"tag-news","16":"tag-rennes","17":"tag-republique-francaise"},"share_on_mastodon":{"url":"https:\/\/pubeurope.com\/@fr\/114987706922604943","error":""},"_links":{"self":[{"href":"https:\/\/www.europesays.com\/fr\/wp-json\/wp\/v2\/posts\/302831","targetHints":{"allow":["GET"]}}],"collection":[{"href":"https:\/\/www.europesays.com\/fr\/wp-json\/wp\/v2\/posts"}],"about":[{"href":"https:\/\/www.europesays.com\/fr\/wp-json\/wp\/v2\/types\/post"}],"author":[{"embeddable":true,"href":"https:\/\/www.europesays.com\/fr\/wp-json\/wp\/v2\/users\/2"}],"replies":[{"embeddable":true,"href":"https:\/\/www.europesays.com\/fr\/wp-json\/wp\/v2\/comments?post=302831"}],"version-history":[{"count":0,"href":"https:\/\/www.europesays.com\/fr\/wp-json\/wp\/v2\/posts\/302831\/revisions"}],"wp:featuredmedia":[{"embeddable":true,"href":"https:\/\/www.europesays.com\/fr\/wp-json\/wp\/v2\/media\/302832"}],"wp:attachment":[{"href":"https:\/\/www.europesays.com\/fr\/wp-json\/wp\/v2\/media?parent=302831"}],"wp:term":[{"taxonomy":"category","embeddable":true,"href":"https:\/\/www.europesays.com\/fr\/wp-json\/wp\/v2\/categories?post=302831"},{"taxonomy":"post_tag","embeddable":true,"href":"https:\/\/www.europesays.com\/fr\/wp-json\/wp\/v2\/tags?post=302831"}],"curies":[{"name":"wp","href":"https:\/\/api.w.org\/{rel}","templated":true}]}}