{"id":302833,"date":"2025-08-07T13:25:11","date_gmt":"2025-08-07T13:25:11","guid":{"rendered":"https:\/\/www.europesays.com\/fr\/302833\/"},"modified":"2025-08-07T13:25:11","modified_gmt":"2025-08-07T13:25:11","slug":"victime-de-critiques-assassines-en-ligne-que-vaut-vraiment-le-son-et-lumiere-de-la-cathedrale-de-strasbourg","status":"publish","type":"post","link":"https:\/\/www.europesays.com\/fr\/302833\/","title":{"rendered":"Victime de critiques assassines en ligne, que vaut vraiment le son et lumi\u00e8re de la cath\u00e9drale de Strasbourg\u00a0?"},"content":{"rendered":"<p>            Par<br \/>\n        <strong><br \/>\n            <a href=\"https:\/\/actu.fr\/auteur\/ivan-capecchi\" title=\"Consulter tous les articles de Ivan CAPECCHI\" target=\"_blank\" rel=\"noopener\">Ivan CAPECCHI<\/a><br \/>\n        <\/strong><\/p>\n<p>        Publi\u00e9 le<\/p>\n<p>            7 ao\u00fbt 2025 \u00e0 15h03        <\/p>\n<p>\u00ab\u2009<strong>Nul, nul et encore nul<\/strong>\u2009\u00bb\u2009: sur le site JDS, les avis d\u2019internautes sur le <strong>spectacle estival de la cath\u00e9drale de Strasbourg<\/strong> sont pour le moins s\u00e9v\u00e8res. Plusieurs visiteurs d\u00e9plorent le <strong>manque d\u2019information<\/strong>, <strong>l\u2019ambiance jug\u00e9e fade<\/strong> ou encore <strong>l\u2019absence de mise en lumi\u00e8re convaincante<\/strong>. Pour aller au-del\u00e0 des commentaires en ligne, nous nous sommes rendus sur place pour constater, par nous-m\u00eame, ce que valait vraiment cette <strong>\u00e9dition 2025<\/strong>\u2026 et surtout, recueillir l\u2019avis des spectateurs.<\/p>\n<p class=\" wall-content\">\n<p>La musique jug\u00e9e trop conceptuelle<\/p>\n<p class=\" wall-content\">Sur place, <strong>la musique est clairement ce qui divise le plus<\/strong>. S\u00e9bastien, musicien, n\u2019y va pas par quatre chemins\u2009: \u00ab\u2009<strong>La musique, ce n\u2019\u00e9tait pas du tout \u00e7a<\/strong>\u2026 Surtout le d\u00e9but, <strong>c\u2019est presque de l\u2019abstrait, limite difficile \u00e0 \u00e9couter<\/strong>.\u2009\u00bb \u00c0 ses c\u00f4t\u00e9s, Ang\u00e9lique estime que \u00ab\u2009<strong>\u00e7a pourrait bouger un peu plus<\/strong>\u2009\u00bb. \u00ab\u2009<strong>\u00c7a aurait pu \u00eatre un peu plus intense\u2009\u00bb<\/strong>, abonde Jean-Pierre, tandis que Shoshannah \u00e9voque une ambiance \u00ab<strong>\u2009un peu lancinante et pas tr\u00e8s gaie<\/strong>\u2009\u00bb. Brigitte r\u00e9sume en souriant\u2009: \u00ab\u2009La musique, c\u2019est un concept\u2026\u2009\u00bb.<\/p>\n<p class=\" wall-content\">\n<p>Les visuels plus appr\u00e9ci\u00e9s que la musique<\/p>\n<p class=\" wall-content\">Pour ce qui est des <strong>visuels<\/strong>, les spectateurs sont <strong>plus cl\u00e9ments<\/strong>. Shoshannah souligne <strong>un \u00ab\u2009jeu de lumi\u00e8res bien fait\u2009\u00bb<\/strong>, et L\u00e9o salue une cath\u00e9drale bien mise en valeur.<\/p>\n<p class=\" wall-content\">Pour autant, plusieurs spectateurs pointent <strong>une forme de monotonie<\/strong>. \u00ab\u2009Au niveau des visuels, <strong>\u00e7a se r\u00e9p\u00e8te trop souvent<\/strong>\u2009\u00bb, note S\u00e9bastien, qui regrette que \u00ab\u2009<strong>\u00e7a fait maintenant deux-trois ans que c\u2019est en r\u00e9cession<\/strong>\u2009\u00bb.<\/p>\n<p class=\" wall-content\">Valentin compare\u2009: \u00ab\u2009<a href=\"https:\/\/actu.fr\/grand-est\/nancy_54395\/son-et-lumiere-a-nancy-lieu-dates-horaires-ce-qu-il-faut-savoir-de-l-edition-ete-2025_62628731.html\" target=\"_blank\" rel=\"noopener\">Sur la place Stanislas \u00e0 Nancy<\/a>, \u00e7a bouge un peu plus, on a un visuel beaucoup plus immersif.\u2009\u00bb<\/p>\n<p class=\" wall-content\">\n<p>Un manque de communication sur les horaires<\/p>\n<p class=\" wall-content\">Christophe de son c\u00f4t\u00e9 d\u00e9plore un <strong>\u00ab\u2009manque de communication\u2009\u00bb autour des horaires<\/strong>. Avant que le spectacle ne d\u00e9marre vraiment \u00e0 22\u2009h\u200930, la cath\u00e9drale s\u2019illumine en bleu pendant plusieurs minutes, sans que rien d\u2019autre ne se passe.<\/p>\n<p>    <img   decoding=\"async\" loading=\"lazy\" src=\"https:\/\/www.europesays.com\/fr\/wp-content\/uploads\/2025\/08\/illuminations-cathedrale-strasbourg-2025son-et-lumiere-10-960x640.jpg\" alt=\"Illuminations cath\u00e9drale de Strasbourg son et lumi\u00e8re 2025\" width=\"960\" height=\"640\"\/><br \/>\n    Avant que le vrai show ne d\u00e9marre vraiment, la cath\u00e9drale de Strasbourg reste illumin\u00e9e en bleu pendant plusieurs minutes. (\u00a9Ivan Capecchi \/ Actu Strasbourg)<\/p>\n<p class=\" wall-content\">\u00ab\u2009On a failli partir avant que \u00e7a ne commence vraiment\u2009\u00bb, glisse-t-il.<\/p>\n<p>Des habitu\u00e9s plus critiques que les nouveaux venus<\/p>\n<p class=\" wall-content\">Globalement, ceux qui d\u00e9couvrent le spectacle se montrent plus indulgents. \u00ab\u2009<strong>C\u2019\u00e9tait joli, \u00e7a valait le d\u00e9tour<\/strong>\u2009\u00bb, confie par exemple L\u00e9o, pour qui c\u2019\u00e9tait \u00ab\u2009la premi\u00e8re fois\u2009\u00bb.<\/p>\n<p class=\" wall-content\">En revanche, les habitu\u00e9s se disent souvent d\u00e9\u00e7us. \u00ab\u2009<strong>Moins bien que les autres ann\u00e9es<\/strong>. D\u00e9\u00e7ue\u2009\u00bb, tranche Tatiana.<\/p>\n<p class=\" wall-content\">Brigitte nuance\u2009: \u00ab\u2009Avant, c\u2019\u00e9tait plus spectaculaire, mais \u00e7a reste beau et c\u2019est gratuit.\u2009\u00bb<\/p>\n<p>Une orientation politique assum\u00e9e par la Ville<\/p>\n<p class=\" wall-content\">Depuis plusieurs \u00e9ditions maintenant, la municipalit\u00e9 a fait le choix de <a href=\"https:\/\/actu.fr\/grand-est\/strasbourg_67482\/le-son-et-lumiere-sur-la-cathedrale-de-strasbourg-sera-reduit-cet-ete-voici-pourquoi_59693598.html\" target=\"_blank\" rel=\"noopener\">r\u00e9duire l\u2019importance<\/a> du son et lumi\u00e8re de la cath\u00e9drale.<\/p>\n<p class=\" wall-content\">Interrog\u00e9 en 2023, Guillaume Libsig, adjoint \u00e0 la maire de Strasbourg en charge des animations urbaines, d\u00e9clarait vouloir \u00ab\u2009<strong>privil\u00e9gier le spectacle vivant au d\u00e9triment du mapping vid\u00e9o<\/strong>\u2009\u00bb, qu\u2019il fallait selon lui requestionner\u2009: \u00ab\u2009Le mapping, c\u2019est la facilit\u00e9, c\u2019est la rentabilit\u00e9, c\u2019est l\u2019habitude, c\u2019est la tradition.\u2009\u00bb<\/p>\n<p class=\" wall-content\">La Ville souhaite d\u00e9sormais \u00ab\u2009<strong>faire plus de place \u00e0 la cr\u00e9ation, aux artistes, aux associations<\/strong>\u2009\u00bb, dans l\u2019ensemble des politiques publiques estivales.<\/p>\n<p class=\" wall-content\">En 2023 d\u00e9j\u00e0, le <a href=\"https:\/\/actu.fr\/grand-est\/strasbourg_67482\/strasbourg-le-spectacle-sur-la-cathedrale-decoit-on-dirait-un-ecran-de-veille-d-ordinateur_59984732.html\" target=\"_blank\" rel=\"noopener\">son et lumi\u00e8re avait d\u00e9\u00e7u de nombreux spectateurs<\/a>.<\/p>\n<p class=\" wall-content\">Suivez toute l\u2019actualit\u00e9 de vos villes et m\u00e9dias favoris en vous inscrivant \u00e0 <a href=\"https:\/\/moncompte.actu.fr\" title=\"D\u00e9couvez Mon Actu\" rel=\"nofollow noopener\" data-trk=\"{&quot;cta&quot;:{&quot;action&quot;:&quot;https:\\\/\\\/moncompte.actu.fr&quot;,&quot;category&quot;:&quot;mon compte&quot;,&quot;from&quot;:&quot;article footer&quot;,&quot;name&quot;:&quot;Mon actu&quot;,&quot;type&quot;:&quot;cta&quot;}}\" target=\"_blank\">Mon Actu<\/a>.<\/p>\n<ul class=\"ac-article-tag wall-content\">\n<li><a href=\"https:\/\/actu.fr\/tag\/animations\" data-trk=\"{&quot;cta&quot;:{&quot;action&quot;:&quot;Animations&quot;,&quot;category&quot;:&quot;tag&quot;,&quot;from&quot;:&quot;article footer&quot;,&quot;name&quot;:&quot;Animations&quot;,&quot;type&quot;:&quot;cta&quot;}}\" target=\"_blank\" rel=\"noopener\">#Animations<\/a><\/li>\n<li><a href=\"https:\/\/actu.fr\/tag\/cathedrale-de-strasbourg\" data-trk=\"{&quot;cta&quot;:{&quot;action&quot;:&quot;Cath\\u00e9drale de Strasbourg&quot;,&quot;category&quot;:&quot;tag&quot;,&quot;from&quot;:&quot;article footer&quot;,&quot;name&quot;:&quot;Cath\\u00e9drale de Strasbourg&quot;,&quot;type&quot;:&quot;cta&quot;}}\" target=\"_blank\" rel=\"noopener\">#Cath\u00e9drale de Strasbourg<\/a><\/li>\n<\/ul>\n","protected":false},"excerpt":{"rendered":"Par Ivan CAPECCHI Publi\u00e9 le 7 ao\u00fbt 2025 \u00e0 15h03 \u00ab\u2009Nul, nul et encore nul\u2009\u00bb\u2009: sur le site&hellip;\n","protected":false},"author":2,"featured_media":302834,"comment_status":"","ping_status":"","sticky":false,"template":"","format":"standard","meta":{"footnotes":""},"categories":[2820],"tags":[1111,11,1063,12430,1777,674,1011,27,775,1652,12,25,640],"class_list":{"0":"post-302833","1":"post","2":"type-post","3":"status-publish","4":"format-standard","5":"has-post-thumbnail","7":"category-strasbourg","8":"tag-actu","9":"tag-actualites","10":"tag-animations","11":"tag-cathedrale-de-strasbourg","12":"tag-eu","13":"tag-europe","14":"tag-fr","15":"tag-france","16":"tag-grand-est","17":"tag-loisirs-culture","18":"tag-news","19":"tag-republique-francaise","20":"tag-strasbourg"},"share_on_mastodon":{"url":"https:\/\/pubeurope.com\/@fr\/114987710810428430","error":""},"_links":{"self":[{"href":"https:\/\/www.europesays.com\/fr\/wp-json\/wp\/v2\/posts\/302833","targetHints":{"allow":["GET"]}}],"collection":[{"href":"https:\/\/www.europesays.com\/fr\/wp-json\/wp\/v2\/posts"}],"about":[{"href":"https:\/\/www.europesays.com\/fr\/wp-json\/wp\/v2\/types\/post"}],"author":[{"embeddable":true,"href":"https:\/\/www.europesays.com\/fr\/wp-json\/wp\/v2\/users\/2"}],"replies":[{"embeddable":true,"href":"https:\/\/www.europesays.com\/fr\/wp-json\/wp\/v2\/comments?post=302833"}],"version-history":[{"count":0,"href":"https:\/\/www.europesays.com\/fr\/wp-json\/wp\/v2\/posts\/302833\/revisions"}],"wp:featuredmedia":[{"embeddable":true,"href":"https:\/\/www.europesays.com\/fr\/wp-json\/wp\/v2\/media\/302834"}],"wp:attachment":[{"href":"https:\/\/www.europesays.com\/fr\/wp-json\/wp\/v2\/media?parent=302833"}],"wp:term":[{"taxonomy":"category","embeddable":true,"href":"https:\/\/www.europesays.com\/fr\/wp-json\/wp\/v2\/categories?post=302833"},{"taxonomy":"post_tag","embeddable":true,"href":"https:\/\/www.europesays.com\/fr\/wp-json\/wp\/v2\/tags?post=302833"}],"curies":[{"name":"wp","href":"https:\/\/api.w.org\/{rel}","templated":true}]}}