{"id":302836,"date":"2025-08-07T13:27:19","date_gmt":"2025-08-07T13:27:19","guid":{"rendered":"https:\/\/www.europesays.com\/fr\/302836\/"},"modified":"2025-08-07T13:27:19","modified_gmt":"2025-08-07T13:27:19","slug":"laissez-vous-guider-par-loeuvre-singuliere-de-ryan-schneider-a-la-citadelle-a-villefranche-sur-mer-2","status":"publish","type":"post","link":"https:\/\/www.europesays.com\/fr\/302836\/","title":{"rendered":"Laissez-vous guider par l\u2019\u0153uvre singuli\u00e8re de Ryan Schneider \u00e0 La Citadelle \u00e0 Villefranche-sur-Mer"},"content":{"rendered":"<p>Ryan Schneider est un artiste am\u00e9ricain n\u00e9 \u00e0 Indianapolis et dipl\u00f4m\u00e9 d\u2019un BFA de la Maryland Institute College of Art. Il vit et travaille la plupart du temps \u00e0 Joshua Tree, en Californie. Son \u0153uvre est pr\u00e9sente dans des collections mondiales publiques et priv\u00e9es en Chine et aux \u00c9tats-Unis.<\/p>\n<p>Mais depuis le 27 juin, Ryan Schneider expose pour la premi\u00e8re fois en solo en Europe, dans le charmant petit village de Villefranche-sur-Mer. L\u2019exposition, ouverte jusqu\u2019au 23 novembre, accueille une trentaine d\u2019\u0153uvres de l\u2019artiste dans le cadre exceptionnel qu\u2019est La Citadelle, \u00e0 travers ses jardins, sa chapelle et ses cours int\u00e9rieures.<\/p>\n<p>Invit\u00e9 par la galerie Almine Rech, Ryan Schneider fait un pas de g\u00e9ant avec Ceux qui nous guident: sa premi\u00e8re exposition personnelle en Europe. Le lieu choisi, la Citadelle de Villefranche-sur-Mer, n\u2019est pas anodin. Schneider y a trouv\u00e9 un nouveau terrain d\u2019inspiration et d\u2019exp\u00e9rimentation. Une partie des \u0153uvres a \u00e9t\u00e9 cr\u00e9\u00e9e dans son atelier am\u00e9ricain, mais quatre pi\u00e8ces majeures ont vu le jour sur place, pendant sa r\u00e9sidence \u00e0 La Citadelle, dans un studio mis \u00e0 disposition par le mus\u00e9e.<\/p>\n<p>Le lieu, mati\u00e8re \u00e0 sculpter<\/p>\n<p>Le lieu n\u2019est plus un simple d\u00e9cor: il devient mati\u00e8re \u00e0 sculpter. Le parcours et le placement des \u0153uvres ont \u00e9t\u00e9 pens\u00e9s par l\u2019artiste lors de sa d\u00e9couverte des lieux, certaines couleurs riment avec les plantes alentour, les bronzes rentrent en r\u00e9sonance avec les statues de Volti d\u00e9j\u00e0 pr\u00e9sentes dans la cour int\u00e9rieure.<\/p>\n<p>Ryan Schneider ne connaissait pas la Citadelle avant le projet et pourtant, le lieu l\u2019a profond\u00e9ment marqu\u00e9. En r\u00e9sidence de cr\u00e9ation de mai \u00e0 juin, l\u2019artiste s\u2019est immerg\u00e9 au c\u0153ur d\u2019un terrain de jeu fertile.<\/p>\n<p>L\u2019atmosph\u00e8re m\u00e9diterran\u00e9enne, la lumi\u00e8re, la pr\u00e9sence des \u0153uvres de Volti dans le mus\u00e9e ont jou\u00e9 un r\u00f4le dans l\u2019\u00e9laboration de certaines pi\u00e8ces. Sans chercher \u00e0 copier ou \u00e0 illustrer, Schneider nous confie \u00ab\u00a0laisse filtrer ces influences dans mes sculptures\u00a0\u00bb : une fa\u00e7on intuitive de dialoguer avec un site charg\u00e9 d\u2019histoire et de formes. Ryan Schneider \u00ab\u00a0gratte, sculpte, br\u00fble le bois et la pierre sans cesser d\u2019interroger les limites du mat\u00e9riau.\u00a0\u00bb<\/p>\n<p>L\u2019art devient guide et rep\u00e8re<\/p>\n<p>Outre l\u2019ampleur du parcours \u2013 une trentaine d\u2019\u0153uvres diss\u00e9min\u00e9es sur plus de trois hectares \u2013 l\u2019exposition m\u00eale diff\u00e9rentes techniques et temporalit\u00e9s.<\/p>\n<p>Bois sculpt\u00e9 \u00e0 la cha\u00eene, bronzes marqu\u00e9s par le geste, \u0153uvres cr\u00e9\u00e9es \u00e0 l\u2019aide d\u2019un robot sculpteur: l\u2019artiste joue avec les fronti\u00e8res entre l\u2019organique et la m\u00e9canique, l\u2019intime et le mystique. Ses influences, \u00ab\u00a0de Brancusi \u00e0 Yves Klein\u00a0\u00bb, dont il reprend parfois le bleu profond, se fondent dans une esth\u00e9tique vibrante, presque spirituelle.<\/p>\n<p>\u00c0 La Citadelle, Ryan Schneider ne montre pas seulement des sculptures. Il propose une immersion dans un monde o\u00f9 l\u2019art devient guide et rep\u00e8re. Dans les espaces vo\u00fbt\u00e9s du Bastion de la Turbie, l\u2019artiste confie avoir pens\u00e9 \u00e0 placer une projection vid\u00e9o qui r\u00e9v\u00e8le son processus de cr\u00e9ation. Son geste artistique se met au service d\u2019une \u00e9nergie plus vaste, \u00ab\u00a0comme un effacement de l\u2019ego au profit du vivant.\u00a0\u00bb<\/p>\n<p>Ses sculptures, des pr\u00e9sences silencieuses<\/p>\n<p>Ses sculptures deviennent des pr\u00e9sences silencieuses, des guides plant\u00e9s dans la pierre&#8230; Et l\u2019on en ressort avec la sensation d\u2019avoir crois\u00e9, peut-\u00eatre, quelque chose de plus grand que soi. Son travail est d\u2019une part impr\u00e9gn\u00e9 de la mythologie am\u00e9rindienne et l\u2019on peut observer des \u00e9l\u00e9ments \u00e9voquent \u00e0 la fois la douceur du monde naturel et les instincts primaux de l\u2019humanit\u00e9. D\u2019autre part, l\u2019artiste puise son inspiration dans les traditions pr\u00e9chr\u00e9tiennes conf\u00e9rant \u00e0 ses cr\u00e9ations une profondeur m\u00e9ditative et tot\u00e9mique.<\/p>\n<p>Une exposition qui nous invite \u00e0 ralentir et observer l\u2019univers artistique de Ryan Schneider sous tous ses angles \u00e0 la Citadelle de Villefranche-sur-Mer, un lieu singulier entre art et histoire.<\/p>\n<p>Du 27 juin au 23 novembre, tous les jours de 10h \u00e0 17h (ferm\u00e9 les jours f\u00e9ri\u00e9s). Gratuit. La Citadelle de Villefranche-sur-Mer<\/p>\n","protected":false},"excerpt":{"rendered":"Ryan Schneider est un artiste am\u00e9ricain n\u00e9 \u00e0 Indianapolis et dipl\u00f4m\u00e9 d\u2019un BFA de la Maryland Institute College&hellip;\n","protected":false},"author":2,"featured_media":298212,"comment_status":"","ping_status":"","sticky":false,"template":"","format":"standard","meta":{"footnotes":""},"categories":[2819],"tags":[1111,11,251,1777,674,1011,27,12,2401,882,25],"class_list":{"0":"post-302836","1":"post","2":"type-post","3":"status-publish","4":"format-standard","5":"has-post-thumbnail","7":"category-nice","8":"tag-actu","9":"tag-actualites","10":"tag-culture","11":"tag-eu","12":"tag-europe","13":"tag-fr","14":"tag-france","15":"tag-news","16":"tag-nice","17":"tag-provence-alpes-cote-dazur","18":"tag-republique-francaise"},"share_on_mastodon":{"url":"https:\/\/pubeurope.com\/@fr\/114987718685709011","error":""},"_links":{"self":[{"href":"https:\/\/www.europesays.com\/fr\/wp-json\/wp\/v2\/posts\/302836","targetHints":{"allow":["GET"]}}],"collection":[{"href":"https:\/\/www.europesays.com\/fr\/wp-json\/wp\/v2\/posts"}],"about":[{"href":"https:\/\/www.europesays.com\/fr\/wp-json\/wp\/v2\/types\/post"}],"author":[{"embeddable":true,"href":"https:\/\/www.europesays.com\/fr\/wp-json\/wp\/v2\/users\/2"}],"replies":[{"embeddable":true,"href":"https:\/\/www.europesays.com\/fr\/wp-json\/wp\/v2\/comments?post=302836"}],"version-history":[{"count":0,"href":"https:\/\/www.europesays.com\/fr\/wp-json\/wp\/v2\/posts\/302836\/revisions"}],"wp:featuredmedia":[{"embeddable":true,"href":"https:\/\/www.europesays.com\/fr\/wp-json\/wp\/v2\/media\/298212"}],"wp:attachment":[{"href":"https:\/\/www.europesays.com\/fr\/wp-json\/wp\/v2\/media?parent=302836"}],"wp:term":[{"taxonomy":"category","embeddable":true,"href":"https:\/\/www.europesays.com\/fr\/wp-json\/wp\/v2\/categories?post=302836"},{"taxonomy":"post_tag","embeddable":true,"href":"https:\/\/www.europesays.com\/fr\/wp-json\/wp\/v2\/tags?post=302836"}],"curies":[{"name":"wp","href":"https:\/\/api.w.org\/{rel}","templated":true}]}}