{"id":302837,"date":"2025-08-07T13:28:11","date_gmt":"2025-08-07T13:28:11","guid":{"rendered":"https:\/\/www.europesays.com\/fr\/302837\/"},"modified":"2025-08-07T13:28:11","modified_gmt":"2025-08-07T13:28:11","slug":"a-pied-de-nice-a-paris-le-defi-solidaire-de-yasmine-abidellaoui-pour-soutenir-la-lutte-contre-le-cancer","status":"publish","type":"post","link":"https:\/\/www.europesays.com\/fr\/302837\/","title":{"rendered":"\u00c0 pied de Nice \u00e0 Paris, le d\u00e9fi solidaire de Yasmine Abidellaoui pour soutenir la lutte contre le cancer"},"content":{"rendered":"<p>Partie de Nice le 30\u00a0juin, Yasmine Abidellaoui arrivera \u00e0 Paris vendredi 8\u00a0ao\u00fbt, apr\u00e8s avoir parcouru 900\u00a0km \u00e0 pied. \u00c0 22\u00a0ans, cette \u00e9tudiante originaire de Roquebrune-Cap-Martin s\u2019est lanc\u00e9e dans ce d\u00e9fi pour sensibiliser <a href=\"https:\/\/www.humanite.fr\/societe\/cancer\/cancer-du-foie-sans-politiques-fortes-de-prevention-le-nombre-de-cas-doublera-dici-2050\" rel=\"nofollow noopener\" target=\"_blank\">au cancer<\/a> et r\u00e9colter des fonds pour la Ligue contre le cancer des Alpes-Maritimes. <\/p>\n<p>\u00ab\u00a0J\u2019ai perdu ma m\u00e8re d\u2019un cancer orphelin \u00e0 17\u00a0ans. Je voulais lui rendre hommage\u00a0\u00bb, confie-t-elle au Parisien. Depuis six semaines, la jeune femme parcourt entre 25 et 50\u00a0km chaque jour et organise, \u00e0 chacune de ses \u00e9tapes, des \u00e9v\u00e9nements au profit de l\u2019association. <\/p>\n<p>Un p\u00e9riple qu\u2019elle documente sur ses r\u00e9seaux sociaux, o\u00f9 elle est suivie par 500 fid\u00e8les. \u00ab\u00a0J\u2019esp\u00e8re que \u00e7a donnera envie \u00e0 d\u2019autres de se surpasser pour une cause\u00a0\u00bb, poursuit la jeune femme, qui a d\u00e9j\u00e0 r\u00e9colt\u00e9 1\u00a0800\u00a0euros.<\/p>\n<p>Avant de partir, une derni\u00e8re chose\u2026<\/p>\n<p>Contrairement \u00e0 90% des m\u00e9dias fran\u00e7ais aujourd\u2019hui, <strong>l\u2019Humanit\u00e9 ne d\u00e9pend ni de grands groupes ni de milliardaires<\/strong>. Cela signifie que : <\/p>\n<ul class=\"wp-block-list\">\n<li>nous vous apportons des informations impartiales, sans compromis. Mais aussi que <\/li>\n<li>nous n\u2019avons pas les moyens financiers dont b\u00e9n\u00e9ficient les autres m\u00e9dias.<\/li>\n<\/ul>\n<p><strong>L\u2019information ind\u00e9pendante et de qualit\u00e9 a un co\u00fbt<\/strong>. Payez-le.<br \/><a href=\"https:\/\/stage.preprod.humanite.fr\/lhumanite-cest-vous\" data-type=\"link\" data-id=\"https:\/\/stage.preprod.humanite.fr\/lhumanite-cest-vous\" rel=\"nofollow noopener\" target=\"_blank\">Je veux en savoir plus<\/a><\/p>\n","protected":false},"excerpt":{"rendered":"Partie de Nice le 30\u00a0juin, Yasmine Abidellaoui arrivera \u00e0 Paris vendredi 8\u00a0ao\u00fbt, apr\u00e8s avoir parcouru 900\u00a0km \u00e0 pied.&hellip;\n","protected":false},"author":2,"featured_media":302838,"comment_status":"","ping_status":"","sticky":false,"template":"","format":"standard","meta":{"footnotes":""},"categories":[2819],"tags":[1111,11,101,1777,674,1011,27,12,2401,882,25],"class_list":{"0":"post-302837","1":"post","2":"type-post","3":"status-publish","4":"format-standard","5":"has-post-thumbnail","7":"category-nice","8":"tag-actu","9":"tag-actualites","10":"tag-cancer","11":"tag-eu","12":"tag-europe","13":"tag-fr","14":"tag-france","15":"tag-news","16":"tag-nice","17":"tag-provence-alpes-cote-dazur","18":"tag-republique-francaise"},"share_on_mastodon":{"url":"https:\/\/pubeurope.com\/@fr\/114987722565471729","error":""},"_links":{"self":[{"href":"https:\/\/www.europesays.com\/fr\/wp-json\/wp\/v2\/posts\/302837","targetHints":{"allow":["GET"]}}],"collection":[{"href":"https:\/\/www.europesays.com\/fr\/wp-json\/wp\/v2\/posts"}],"about":[{"href":"https:\/\/www.europesays.com\/fr\/wp-json\/wp\/v2\/types\/post"}],"author":[{"embeddable":true,"href":"https:\/\/www.europesays.com\/fr\/wp-json\/wp\/v2\/users\/2"}],"replies":[{"embeddable":true,"href":"https:\/\/www.europesays.com\/fr\/wp-json\/wp\/v2\/comments?post=302837"}],"version-history":[{"count":0,"href":"https:\/\/www.europesays.com\/fr\/wp-json\/wp\/v2\/posts\/302837\/revisions"}],"wp:featuredmedia":[{"embeddable":true,"href":"https:\/\/www.europesays.com\/fr\/wp-json\/wp\/v2\/media\/302838"}],"wp:attachment":[{"href":"https:\/\/www.europesays.com\/fr\/wp-json\/wp\/v2\/media?parent=302837"}],"wp:term":[{"taxonomy":"category","embeddable":true,"href":"https:\/\/www.europesays.com\/fr\/wp-json\/wp\/v2\/categories?post=302837"},{"taxonomy":"post_tag","embeddable":true,"href":"https:\/\/www.europesays.com\/fr\/wp-json\/wp\/v2\/tags?post=302837"}],"curies":[{"name":"wp","href":"https:\/\/api.w.org\/{rel}","templated":true}]}}