{"id":302839,"date":"2025-08-07T13:29:10","date_gmt":"2025-08-07T13:29:10","guid":{"rendered":"https:\/\/www.europesays.com\/fr\/302839\/"},"modified":"2025-08-07T13:29:10","modified_gmt":"2025-08-07T13:29:10","slug":"letat-condamne-a-payer-47-000-e-apres-des-degradations-en-marge-de-manifestations-a-nantes-et-saint-nazaire","status":"publish","type":"post","link":"https:\/\/www.europesays.com\/fr\/302839\/","title":{"rendered":"l\u2019\u00c9tat condamn\u00e9 \u00e0 payer 47.000\u00a0\u20ac apr\u00e8s des d\u00e9gradations en marge de manifestations \u00e0 Nantes et Saint-Nazaire"},"content":{"rendered":"<p>\u00c0 l\u2019\u00e9poque, des \u00e9tablissements avaient vu leurs vitrines endommag\u00e9es. Six ans plus tard, la soci\u00e9t\u00e9 qui les avait assur\u00e9s va \u00eatre indemnis\u00e9e d\u2019apr\u00e8s une d\u00e9cision rendue par le tribunal administratif.<\/p>\n<p class=\"fig-paragraph\"><a href=\"http:\/\/www.lefigaro.fr\/actualite-france\/dossier\/hausse-des-carburants-manifestation-des-gilets-jaunes\" target=\"_blank\" data-fig-type=\"Topic\" rel=\"noopener\" data-gtm-custom-categorie=\"navigation\" data-gtm-custom-action=\"crossclick\" data-gtm-custom-label=\"Contextuel\" data-gtm-event=\"customEventSPE\" data-fig-domain=\"LEFIGARO\">Entre d\u00e9cembre 2018 et mars 2019<\/a>, des d\u00e9bordements avaient \u00e9clat\u00e9 en\u00a0<a href=\"http:\/\/www.lefigaro.fr\/nantes\/loire-atlantique-la-video-virale-d-un-papi-en-train-de-voler-des-palourdes-20250731\" target=\"_blank\" data-fig-type=\"NewsFlash\" rel=\"noopener\" data-gtm-custom-categorie=\"navigation\" data-gtm-custom-action=\"crossclick\" data-gtm-custom-label=\"Contextuel\" data-gtm-event=\"customEventSPE\" data-fig-domain=\"LEFIGARO\">Loire-Atlantique<\/a>\u00a0en marge de manifestations li\u00e9es aux\u00a0<a href=\"http:\/\/www.lefigaro.fr\/actualite-france\/qui-sont-ces-gilets-jaunes-nouvelle-version-qui-appellent-a-un-arret-total-et-illimite-du-pays-a-la-rentree-20250731\" target=\"_blank\" data-fig-type=\"Article\" rel=\"noopener\" data-gtm-custom-categorie=\"navigation\" data-gtm-custom-action=\"crossclick\" data-gtm-custom-label=\"Contextuel\" data-gtm-event=\"customEventSPE\" data-fig-domain=\"LEFIGARO\">\u00abgilets jaunes\u00bb<\/a>. \u00c0\u00a0<a href=\"http:\/\/www.lefigaro.fr\/nantes\/tu-veux-montrer-quoi-en-cassant-le-coup-de-gueule-des-commercants-nantais-victimes-des-casseurs-20230324\" target=\"_blank\" data-fig-type=\"Article\" rel=\"noopener\" data-gtm-custom-categorie=\"navigation\" data-gtm-custom-action=\"crossclick\" data-gtm-custom-label=\"Contextuel\" data-gtm-event=\"customEventSPE\" data-fig-domain=\"LEFIGARO\">Nantes<\/a>\u00a0et\u00a0<a href=\"http:\/\/www.lefigaro.fr\/flash-actu\/saint-nazaire-les-gilets-jaunes-ont-quitte-leur-maison-du-peuple-20190423\" target=\"_blank\" data-fig-type=\"NewsFlash\" rel=\"noopener\" data-gtm-custom-categorie=\"navigation\" data-gtm-custom-action=\"crossclick\" data-gtm-custom-label=\"Contextuel\" data-gtm-event=\"customEventSPE\" data-fig-domain=\"LEFIGARO\">Saint-Nazaire<\/a>, des commerces avaient \u00e9t\u00e9 vandalis\u00e9s. Parmi eux, sept agences bancaires et un bar ont \u00e9t\u00e9 indemnis\u00e9s par leur assurance apr\u00e8s avoir subi des pr\u00e9judices sur leur vitrine.<\/p>\n<p class=\"fig-paragraph\">La soci\u00e9t\u00e9 d\u2019assurances du cr\u00e9dit mutuel a d\u00e9bours\u00e9 pour eux 70.644 euros, comprenant des frais d\u2019expertise. Une somme qu\u2019elle a ensuite demand\u00e9 \u00e0 l\u2019\u00c9tat de rembourser, estimant que la responsabilit\u00e9 de celui-ci \u00e9tait engag\u00e9e au titre de rassemblements et d\u2019attroupements. Comme r\u00e9v\u00e9l\u00e9 par\u00a0<a href=\"https:\/\/www.ouest-france.fr\/societe\/gilets-jaunes\/gilets-jaunes-letat-devra-aussi-payer-pour-les-commerces-vandalises-a-nantes-et-saint-nazaire-b045bf74-72b2-11f0-992a-f96a4802076a\" target=\"_blank\" rel=\"noopener\" data-gtm-custom-categorie=\"navigation\" data-gtm-custom-action=\"crossclick\" data-gtm-custom-label=\"Contextuel\" data-gtm-event=\"customEventSPE\">Presse Oc\u00e9an<\/a>, une d\u00e9cision de justice a \u00e9t\u00e9 rendue le 29 juillet. Le tribunal administratif de Nantes enjoint ainsi l\u2019\u00c9tat \u00e0 verser 47.582 euros \u00e0 la requ\u00e9rante. Une somme identique \u00e0 celle propos\u00e9e par le rapporteur public \u00e0 la mi-juin lors de l\u2019audience.<\/p>\n<p>                                    <a class=\"fig-a11y-skip a11y-hidden\" href=\"#fig-a11y-skip-main-inarticle\"><br \/>\n        Passer la publicit\u00e9<br \/>\n    <\/a><\/p>\n<p>Responsabilit\u00e9 de l\u2019\u00c9tat reconnue dans certains cas<\/p>\n<p class=\"fig-paragraph\">\u00abLa responsabilit\u00e9 de l\u2019\u00c9tat est engag\u00e9e sur le fondement de l\u2019article L. 211-10 du code de la s\u00e9curit\u00e9 int\u00e9rieure, d\u00e8s lors qu\u2019\u00e0 la suite de d\u00e9bordements qui se sont produits dans le cadre de manifestations organis\u00e9es par le mouvement des \u201cgilets jaunes\u201d, huit \u00e9tablissements ont \u00e9t\u00e9 endommag\u00e9s\u00bb, avait soutenu la soci\u00e9t\u00e9 d\u2019assurances. Dans la d\u00e9cision consult\u00e9e par Le Figaro, la somme retenue correspondant aux s\u00e9quences o\u00f9 un lien a pu \u00eatre \u00e9tabli entre le pr\u00e9judice et la manifestation, de par leur proximit\u00e9 g\u00e9ographique. Pour certains, le lien n\u2019a pas \u00e9t\u00e9 \u00e9tabli parce que les d\u00e9gradations ont eu lieu loin du parcours de la manifestation ou encore parce qu\u2019il ne s\u2019agissait pas d\u2019un rassemblement de \u00abgilets jaunes\u00bb \u00e0 proprement parler mais d\u2019une manifestation interprofessionnelle.<\/p>\n<p class=\"fig-paragraph\">D\u00e9j\u00e0, en 2022, l\u2019\u00c9tat avait condamn\u00e9 \u00e0 indemniser la ville de Paris \u00e0 hauteur de\u00a0<a href=\"http:\/\/www.lefigaro.fr\/social\/gilets-jaunes-l-etat-condamne-a-indemniser-paris-pour-les-degradations-20220506\" target=\"_blank\" data-fig-type=\"NewsFlash\" rel=\"noopener\" data-gtm-custom-categorie=\"navigation\" data-gtm-custom-action=\"crossclick\" data-gtm-custom-label=\"Contextuel\" data-gtm-event=\"customEventSPE\" data-fig-domain=\"LEFIGARO\">1,4 million d\u2019euros<\/a>\u00a0pour des d\u00e9g\u00e2ts sur la voie publique survenus lors de ces m\u00eames \u00e9v\u00e9nements. Le tribunal administratif avait reconnu la responsabilit\u00e9 de l\u2019\u00c9tat. De m\u00eame, \u00e0 Toulouse, en 2024, la cour d\u2019appel a finalement condamn\u00e9 l\u2019\u00c9tat \u00e0 verser 470.000 euros \u00e0 la ville et \u00e0 la m\u00e9tropole. Un montant bien inf\u00e9rieur au\u00a0<a href=\"http:\/\/www.lefigaro.fr\/flash-actu\/gilets-jaunes-l-etat-condamne-a-indemniser-la-ville-de-toulouse-20220426\" target=\"_blank\" data-fig-type=\"NewsFlash\" rel=\"noopener\" data-gtm-custom-categorie=\"navigation\" data-gtm-custom-action=\"crossclick\" data-gtm-custom-label=\"Contextuel\" data-gtm-event=\"customEventSPE\" data-fig-domain=\"LEFIGARO\">1,2 million d\u2019euros<\/a>\u00a0d\u00e9cid\u00e9 en premi\u00e8re instance.<\/p>\n","protected":false},"excerpt":{"rendered":"\u00c0 l\u2019\u00e9poque, des \u00e9tablissements avaient vu leurs vitrines endommag\u00e9es. Six ans plus tard, la soci\u00e9t\u00e9 qui les avait&hellip;\n","protected":false},"author":2,"featured_media":302840,"comment_status":"","ping_status":"","sticky":false,"template":"","format":"standard","meta":{"footnotes":""},"categories":[2818],"tags":[1111,11,1777,674,1011,27,23169,766,12,2636,25],"class_list":{"0":"post-302839","1":"post","2":"type-post","3":"status-publish","4":"format-standard","5":"has-post-thumbnail","7":"category-nantes","8":"tag-actu","9":"tag-actualites","10":"tag-eu","11":"tag-europe","12":"tag-fr","13":"tag-france","14":"tag-gilets-jaunes","15":"tag-nantes","16":"tag-news","17":"tag-pays-de-la-loire","18":"tag-republique-francaise"},"share_on_mastodon":{"url":"https:\/\/pubeurope.com\/@fr\/114987726503043533","error":""},"_links":{"self":[{"href":"https:\/\/www.europesays.com\/fr\/wp-json\/wp\/v2\/posts\/302839","targetHints":{"allow":["GET"]}}],"collection":[{"href":"https:\/\/www.europesays.com\/fr\/wp-json\/wp\/v2\/posts"}],"about":[{"href":"https:\/\/www.europesays.com\/fr\/wp-json\/wp\/v2\/types\/post"}],"author":[{"embeddable":true,"href":"https:\/\/www.europesays.com\/fr\/wp-json\/wp\/v2\/users\/2"}],"replies":[{"embeddable":true,"href":"https:\/\/www.europesays.com\/fr\/wp-json\/wp\/v2\/comments?post=302839"}],"version-history":[{"count":0,"href":"https:\/\/www.europesays.com\/fr\/wp-json\/wp\/v2\/posts\/302839\/revisions"}],"wp:featuredmedia":[{"embeddable":true,"href":"https:\/\/www.europesays.com\/fr\/wp-json\/wp\/v2\/media\/302840"}],"wp:attachment":[{"href":"https:\/\/www.europesays.com\/fr\/wp-json\/wp\/v2\/media?parent=302839"}],"wp:term":[{"taxonomy":"category","embeddable":true,"href":"https:\/\/www.europesays.com\/fr\/wp-json\/wp\/v2\/categories?post=302839"},{"taxonomy":"post_tag","embeddable":true,"href":"https:\/\/www.europesays.com\/fr\/wp-json\/wp\/v2\/tags?post=302839"}],"curies":[{"name":"wp","href":"https:\/\/api.w.org\/{rel}","templated":true}]}}