{"id":302855,"date":"2025-08-07T13:37:10","date_gmt":"2025-08-07T13:37:10","guid":{"rendered":"https:\/\/www.europesays.com\/fr\/302855\/"},"modified":"2025-08-07T13:37:10","modified_gmt":"2025-08-07T13:37:10","slug":"pres-de-marseille-le-prefet-force-cette-commune-a-faire-flamber-ses-impots-le-coup-de-massue","status":"publish","type":"post","link":"https:\/\/www.europesays.com\/fr\/302855\/","title":{"rendered":"Pr\u00e8s de Marseille. Le pr\u00e9fet force cette commune \u00e0 faire flamber ses imp\u00f4ts : \u00ab\u00a0le coup de massue\u00a0\u00bb"},"content":{"rendered":"<p>            Par<br \/>\n        <strong><br \/>\n            <a href=\"https:\/\/actu.fr\/auteur\/thomas-blanc\" title=\"Consulter tous les articles de Thomas Blanc\" target=\"_blank\" rel=\"noopener\">Thomas Blanc<\/a><br \/>\n        <\/strong><\/p>\n<p>        Publi\u00e9 le<\/p>\n<p>            7 ao\u00fbt 2025 \u00e0 15h09        <\/p>\n<p>La <a href=\"https:\/\/actu.fr\/tag\/taxe-fonciere\" target=\"_blank\" rel=\"noopener\">taxe fonci\u00e8re<\/a> cristallise toutes les <strong>angoisses des propri\u00e9taires<\/strong>, surtout depuis que la suppression de la taxe d\u2019habitation ne fait que l\u2019augmenter (+5% \u00e0 l\u2019\u00e9chelle nationale rien qu\u2019en 2025). Un sujet tellement sensible que la commune de <a href=\"https:\/\/actu.fr\/provence-alpes-cote-d-azur\/la-penne-sur-huveaune_13070\" target=\"_blank\" rel=\"noopener\">La Penne-sur-Huveaune<\/a>, pr\u00e8s de <a href=\"https:\/\/actu.fr\/marseille\/\" target=\"_blank\" rel=\"noopener\">Marseille<\/a>, n\u2019avait pas os\u00e9 l\u2019augmenter pour remettre son budget \u00e0 l\u2019\u00e9quilibre. Tant pis, la pr\u00e9fecture des <a href=\"https:\/\/actu.fr\/provence-alpes-cote-d-azur\/bouches-du-rhone_13\" target=\"_blank\" rel=\"noopener\">Bouches-du-Rh\u00f4ne<\/a> l\u2019a fait pour elle. Au grand dam des habitants.<\/p>\n<p>Une mise sous tutelle<\/p>\n<p class=\" wall-content\">C\u2019est le 23\u00a0juillet dernier que la nouvelle est tomb\u00e9e dans un arr\u00eat\u00e9\u2009: les propri\u00e9taires de La Penne-sur-Huveaune devront, en 2025, s\u2019acquitter d\u2019une taxe fonci\u00e8re <strong>1,7 fois plus \u00e9lev\u00e9e<\/strong> que celle jusqu\u2019alors en vigueur.<\/p>\n<p class=\" wall-content\">En effet, la pr\u00e9fet du d\u00e9partement Georges-Fran\u00e7ois Leclerc a <strong>pris la main sur le budget<\/strong> d\u00e9ficitaire de la ville apr\u00e8s avoir alert\u00e9 la Chambre r\u00e9gionale des comptes.<\/p>\n<p class=\" wall-content\">Cette derni\u00e8re avait en effet constat\u00e9 dans un avis datant du 3\u00a0juin 2025 \u00ab\u2009le d\u00e9faut de sinc\u00e9rit\u00e9 de la pr\u00e9vision en recettes et en d\u00e9penses [des budgets] de la commune de La Penne-sur-Huveaune et <strong>le d\u00e9s\u00e9quilibre incident<\/strong> de la section de fonctionnement. Elle avait alors propos\u00e9 \u00e0 la commune \u00ab\u2009des mesures modificatives afin de rectifier le budget 2025.\u2009\u00bb<\/p>\n<p>Des efforts insuffisants<\/p>\n<p class=\" wall-content\">La municipalit\u00e9, <strong>en difficult\u00e9 financi\u00e8re<\/strong>, a pourtant essay\u00e9 de rectifier le tir mais la Chambre des comptes n\u2019a pas jug\u00e9 ses efforts suffisants.<\/p>\n<blockquote class=\"ac-article-quote wall-content\">\n<p>Les mesures de redressement propos\u00e9es par la commune de La Penne-sur-Huveaune le 3 juillet 2025 ne permettent pas de r\u00e9tablir l\u2019\u00e9quilibre r\u00e9el du budget 2025. <\/p>\n<p>    <strong>Chambre des comptes de Paca<\/strong>\n            <\/p><\/blockquote>\n<p class=\" wall-content\">Pour ce faire, le pr\u00e9fet a donc, sur recommandation de la chambre des comptes, fait passer le taux de taxe fonci\u00e8re de <strong>46% \u00e0 64%<\/strong>, alors m\u00eame que certains habitants, interrog\u00e9s par BFMTV, racontent qu\u2019elle avait d\u00e9j\u00e0 augment\u00e9 de 15\u2009% entre\u00a02022 et\u00a02024.<\/p>\n<p class=\" wall-content\">\u00ab\u2009\u00c7a va faire mal au porte-monnaie [\u2026] ce sera le coup de massue\u2009\u00bb, \u00ab\u2009Quelles sont les p\u00e9nalit\u00e9s engendr\u00e9es pour les habitants et commer\u00e7ants de notre pauvre beau village\u2009?\u2009\u00bb r\u00e9agissent les habitants sur les r\u00e9seaux sociaux.<\/p>\n<p>1,5\u00a0million d\u2019euros \u00e0 r\u00e9cup\u00e9rer<\/p>\n<p class=\" wall-content\">Le trou \u00e0 combler \u00e9tant de <strong>1,5\u00a0million d\u2019euros<\/strong>, cette mesure forte doit permettre de les g\u00e9n\u00e9rer et de donner meilleure mine aux comptes de la Ville.<\/p>\n<p class=\" wall-content\">Mais d\u2019apr\u00e8s le maire actuel, toujours au micro de <a href=\"https:\/\/www.bfmtv.com\/marseille\/j-ai-envie-de-demenager-le-prefet-des-bouches-du-rhone-oblige-une-commune-a-augmenter-sa-taxe-fonciere_AV-202507310133.html\" target=\"_blank\" rel=\"noopener\">BFMTV<\/a>, cette situation est due en partie aux factures laiss\u00e9es par l\u2019\u00e9quipe qui l\u2019a pr\u00e9c\u00e9d\u00e9. La pr\u00e9fecture pr\u00e9cise dans son arr\u00eat\u00e9 que la commune a <strong>deux mois pour le contester<\/strong>.<\/p>\n<p class=\" wall-content\">Suivez toute l\u2019actualit\u00e9 de vos villes et m\u00e9dias favoris en vous inscrivant \u00e0 <a href=\"https:\/\/moncompte.actu.fr\" title=\"D\u00e9couvez Mon Actu\" rel=\"nofollow noopener\" data-trk=\"{&quot;cta&quot;:{&quot;action&quot;:&quot;https:\\\/\\\/moncompte.actu.fr&quot;,&quot;category&quot;:&quot;mon compte&quot;,&quot;from&quot;:&quot;article footer&quot;,&quot;name&quot;:&quot;Mon actu&quot;,&quot;type&quot;:&quot;cta&quot;}}\" target=\"_blank\">Mon Actu<\/a>.<\/p>\n","protected":false},"excerpt":{"rendered":"Par Thomas Blanc Publi\u00e9 le 7 ao\u00fbt 2025 \u00e0 15h09 La taxe fonci\u00e8re cristallise toutes les angoisses des&hellip;\n","protected":false},"author":2,"featured_media":302856,"comment_status":"","ping_status":"","sticky":false,"template":"","format":"standard","meta":{"footnotes":""},"categories":[2814],"tags":[1111,11,33,1777,674,1011,27,342,884,12,882,25,9908],"class_list":{"0":"post-302855","1":"post","2":"type-post","3":"status-publish","4":"format-standard","5":"has-post-thumbnail","7":"category-marseille","8":"tag-actu","9":"tag-actualites","10":"tag-economie","11":"tag-eu","12":"tag-europe","13":"tag-fr","14":"tag-france","15":"tag-impots","16":"tag-marseille","17":"tag-news","18":"tag-provence-alpes-cote-dazur","19":"tag-republique-francaise","20":"tag-taxe-fonciere"},"share_on_mastodon":{"url":"https:\/\/pubeurope.com\/@fr\/114987758010844431","error":""},"_links":{"self":[{"href":"https:\/\/www.europesays.com\/fr\/wp-json\/wp\/v2\/posts\/302855","targetHints":{"allow":["GET"]}}],"collection":[{"href":"https:\/\/www.europesays.com\/fr\/wp-json\/wp\/v2\/posts"}],"about":[{"href":"https:\/\/www.europesays.com\/fr\/wp-json\/wp\/v2\/types\/post"}],"author":[{"embeddable":true,"href":"https:\/\/www.europesays.com\/fr\/wp-json\/wp\/v2\/users\/2"}],"replies":[{"embeddable":true,"href":"https:\/\/www.europesays.com\/fr\/wp-json\/wp\/v2\/comments?post=302855"}],"version-history":[{"count":0,"href":"https:\/\/www.europesays.com\/fr\/wp-json\/wp\/v2\/posts\/302855\/revisions"}],"wp:featuredmedia":[{"embeddable":true,"href":"https:\/\/www.europesays.com\/fr\/wp-json\/wp\/v2\/media\/302856"}],"wp:attachment":[{"href":"https:\/\/www.europesays.com\/fr\/wp-json\/wp\/v2\/media?parent=302855"}],"wp:term":[{"taxonomy":"category","embeddable":true,"href":"https:\/\/www.europesays.com\/fr\/wp-json\/wp\/v2\/categories?post=302855"},{"taxonomy":"post_tag","embeddable":true,"href":"https:\/\/www.europesays.com\/fr\/wp-json\/wp\/v2\/tags?post=302855"}],"curies":[{"name":"wp","href":"https:\/\/api.w.org\/{rel}","templated":true}]}}