{"id":302859,"date":"2025-08-07T13:39:11","date_gmt":"2025-08-07T13:39:11","guid":{"rendered":"https:\/\/www.europesays.com\/fr\/302859\/"},"modified":"2025-08-07T13:39:11","modified_gmt":"2025-08-07T13:39:11","slug":"le-rhone-place-en-vigilance-orange-canicule","status":"publish","type":"post","link":"https:\/\/www.europesays.com\/fr\/302859\/","title":{"rendered":"le Rh\u00f4ne plac\u00e9 en vigilance orange canicule"},"content":{"rendered":"<p>M\u00e9t\u00e9o-France a d\u00e9cid\u00e9 de placer cinq d\u00e9partements en vigilance orange canicule \u00e0 compter de ce vendredi : les Hautes-Pyr\u00e9n\u00e9es, la Haute-Garonne, le Tarn, le Tarn-et-Garonne et le Rh\u00f4ne.<\/p>\n<p>Le d\u00e9but d&rsquo;\u00e9v\u00e8nement, \u00e0 savoir un mercure qui risque de grimper jusqu&rsquo;\u00e0 35\u00b0C, voire le d\u00e9passer jusqu&rsquo;\u00e0 40\u00b0C, est pr\u00e9vu pour vendredi midi.<\/p>\n<p>\u00ab\u00a0Les fortes chaleurs auront tendance \u00e0 s&rsquo;accentuer et \u00e0 s&rsquo;\u00e9tendre les jours suivants. Elles se poursuivront en d\u00e9but de semaine prochaine\u00a0\u00bb, pr\u00e9cise M\u00e9t\u00e9o-France, qui promet donc un week-end tr\u00e8s estival pour ceux qui sont rest\u00e9s \u00e0 Lyon.<\/p>\n<blockquote class=\"twitter-tweet\"><p>&#13;<\/p>\n<p dir=\"ltr\" lang=\"fr\">\ud83d\udfe0 <a href=\"https:\/\/twitter.com\/hashtag\/VigilanceOrange?src=hash&amp;ref_src=twsrc%5Etfw\" rel=\"nofollow noopener\" target=\"_blank\">#VigilanceOrange<\/a> <a href=\"https:\/\/twitter.com\/hashtag\/canicule?src=hash&amp;ref_src=twsrc%5Etfw\" rel=\"nofollow noopener\" target=\"_blank\">#canicule<\/a> d\u00e8s vendredi 12h : Hautes-Pyr\u00e9n\u00e9es, Haute-Garonne, Tarn, Tarn-et-Garonne et Rh\u00f4ne.<\/p>\n<p>Les fortes chaleurs auront tendance \u00e0 s&rsquo;accentuer et \u00e0 s&rsquo;\u00e9tendre les jours suivants. Elles se poursuivront en d\u00e9but de semaine prochaine.<\/p>\n<p>\u27a1\ufe0f <a href=\"https:\/\/t.co\/SBcDaJ3wuk\" rel=\"nofollow\">https:\/\/t.co\/SBcDaJ3wuk<\/a> <a href=\"https:\/\/t.co\/vIUKGmsqjT\" rel=\"nofollow\">pic.twitter.com\/vIUKGmsqjT<\/a><\/p>\n<p>&#13;<br \/>\n\u2014 M\u00e9t\u00e9o-France (@meteofrance) <a href=\"https:\/\/twitter.com\/meteofrance\/status\/1953332557807858148?ref_src=twsrc%5Etfw\" rel=\"nofollow noopener\" target=\"_blank\">August 7, 2025<\/a><\/p><\/blockquote>\n<p>Face \u00e0 cet \u00e9pisode caniculaire qui s&rsquo;annonce, les traditionnels conseils et consignes s&rsquo;appliquent : recherche d&rsquo;un endroit frais, hydratation fr\u00e9quente et \u00e9viter les efforts physiques en ext\u00e9rieur.<\/p>\n<p>Et pourquoi pas passer la journ\u00e9e dans l&rsquo;eau, avec notre recensement des <a href=\"https:\/\/www.lyonpoche.com\/article\/5598\/les-10-spots-incontournables-ou-se-baigner-a-moins-d-une-heure-de-lyon\" target=\"_blank\" rel=\"noopener nofollow\">10 meilleurs spots de baignade \u00e0 moins d&rsquo;une heure de route de Lyon<\/a> ?<\/p>\n<p>\t\t  <script async src=\"https:\/\/platform.twitter.com\/widgets.js\" charset=\"utf-8\"><\/script><\/p>\n","protected":false},"excerpt":{"rendered":"M\u00e9t\u00e9o-France a d\u00e9cid\u00e9 de placer cinq d\u00e9partements en vigilance orange canicule \u00e0 compter de ce vendredi : les&hellip;\n","protected":false},"author":2,"featured_media":302860,"comment_status":"","ping_status":"","sticky":false,"template":"","format":"standard","meta":{"footnotes":""},"categories":[1889],"tags":[1111,11,2813,2190,2430,1109,251,1112,2811,1777,674,118,1011,27,1922,1110,1114,2428,2810,12,241,316,25,2812,517,800],"class_list":{"0":"post-302859","1":"post","2":"type-post","3":"status-publish","4":"format-standard","5":"has-post-thumbnail","7":"category-lyon","8":"tag-actu","9":"tag-actualites","10":"tag-article","11":"tag-asvel","12":"tag-auvergne-rhone-alpes","13":"tag-breves","14":"tag-culture","15":"tag-depeches","16":"tag-economique","17":"tag-eu","18":"tag-europe","19":"tag-faits-divers","20":"tag-fr","21":"tag-france","22":"tag-info","23":"tag-informations","24":"tag-infos","25":"tag-lyon","26":"tag-lyonmag","27":"tag-news","28":"tag-ol","29":"tag-politique","30":"tag-republique-francaise","31":"tag-sociale","32":"tag-sport","33":"tag-transports"},"share_on_mastodon":{"url":"https:\/\/pubeurope.com\/@fr\/114987765812891095","error":""},"_links":{"self":[{"href":"https:\/\/www.europesays.com\/fr\/wp-json\/wp\/v2\/posts\/302859","targetHints":{"allow":["GET"]}}],"collection":[{"href":"https:\/\/www.europesays.com\/fr\/wp-json\/wp\/v2\/posts"}],"about":[{"href":"https:\/\/www.europesays.com\/fr\/wp-json\/wp\/v2\/types\/post"}],"author":[{"embeddable":true,"href":"https:\/\/www.europesays.com\/fr\/wp-json\/wp\/v2\/users\/2"}],"replies":[{"embeddable":true,"href":"https:\/\/www.europesays.com\/fr\/wp-json\/wp\/v2\/comments?post=302859"}],"version-history":[{"count":0,"href":"https:\/\/www.europesays.com\/fr\/wp-json\/wp\/v2\/posts\/302859\/revisions"}],"wp:featuredmedia":[{"embeddable":true,"href":"https:\/\/www.europesays.com\/fr\/wp-json\/wp\/v2\/media\/302860"}],"wp:attachment":[{"href":"https:\/\/www.europesays.com\/fr\/wp-json\/wp\/v2\/media?parent=302859"}],"wp:term":[{"taxonomy":"category","embeddable":true,"href":"https:\/\/www.europesays.com\/fr\/wp-json\/wp\/v2\/categories?post=302859"},{"taxonomy":"post_tag","embeddable":true,"href":"https:\/\/www.europesays.com\/fr\/wp-json\/wp\/v2\/tags?post=302859"}],"curies":[{"name":"wp","href":"https:\/\/api.w.org\/{rel}","templated":true}]}}