{"id":302862,"date":"2025-08-07T13:42:11","date_gmt":"2025-08-07T13:42:11","guid":{"rendered":"https:\/\/www.europesays.com\/fr\/302862\/"},"modified":"2025-08-07T13:42:11","modified_gmt":"2025-08-07T13:42:11","slug":"en-ile-de-france-les-frotteurs-des-transports-ne-prennent-pas-de-pause-estivale","status":"publish","type":"post","link":"https:\/\/www.europesays.com\/fr\/302862\/","title":{"rendered":"en \u00cele-de-France, les frotteurs des transports ne prennent pas de pause estivale"},"content":{"rendered":"<p>Si l&rsquo;\u00e9t\u00e9, les <a data-i13n=\"cpos:1;pos:1\" href=\"https:\/\/fr.style.yahoo.com\/canicule-ya-moyen-que-je-fasse-un-malaise-dans-le-metro-cest-irrespirable-bienvenue-en-enfer-la-moitie-du-wagon-est-au-bord-du-malaise-les-usagers-des-transports-en-commun-redoutent-deja-lete-a-bord-des-metros-rer-bus-et-tramway-101910811.html\" data-ylk=\"slk:transports en commun;cpos:1;pos:1;elm:context_link;itc:0;sec:content-canvas;outcm:mb_qualified_link;_E:mb_qualified_link;ct:story;\" class=\"link  yahoo-link\" target=\"_blank\" rel=\"noopener\">transports en commun<\/a> se vident, les frotteurs, eux, continuent d&rsquo;agresser les usag\u00e8res d&rsquo;\u00cele-de-France. Et le ph\u00e9nom\u00e8ne est malheureusement loin de s&rsquo;\u00e9teindre : selon <a data-i13n=\"cpos:2;pos:1\" href=\"https:\/\/archive.is\/20250807045743\/https:\/\/www.leparisien.fr\/faits-divers\/je-ne-pouvais-plus-bouger-durant-lete-gare-aux-frotteurs-dans-les-transports-en-ile-de-france-07-08-2025-UVRBKKAKTVGNRLOP3LCIANM4UM.php\" rel=\"nofollow noopener\" target=\"_blank\" data-ylk=\"slk:Le Parisien;cpos:2;pos:1;elm:context_link;itc:0;sec:content-canvas\" class=\"link \">Le Parisien<\/a>, il y aurait pr\u00e8s d&rsquo;une <a data-i13n=\"cpos:3;pos:1\" href=\"https:\/\/fr.style.yahoo.com\/anne-elisabeth-lemoine-je-me-suis-fait-agresser-un-nombre-incalculable-de-fois-des-types-qui-me-suivaient-dans-le-rer-122437313.html\" data-ylk=\"slk:agression sexuelle;cpos:3;pos:1;elm:context_link;itc:0;sec:content-canvas;outcm:mb_qualified_link;_E:mb_qualified_link;ct:story;\" class=\"link  yahoo-link\" target=\"_blank\" rel=\"noopener\">agression sexuelle<\/a> par jour sur le r\u00e9seau en r\u00e9gion parisienne et pr\u00e8s de 300 arrestations par an. D&rsquo;apr\u00e8s le dernier bilan de la pr\u00e9fecture de police datant de juillet 2025, depuis le d\u00e9but de l\u2019ann\u00e9e, sur l\u2019ensemble de l\u2019agglom\u00e9ration et en tous lieux, <a data-i13n=\"cpos:4;pos:1\" href=\"https:\/\/fr.style.yahoo.com\/marie-de-brauer-pousse-un-coup-de-gueule-contre-les-violences-sexuelles-je-prefere-avoir-des-regards-de-degout-parce-que-je-suis-la-grosse-dame-et-avoir-un-tout-petit-peu-moins-de-regards-de-desir-142801331.html\" data-ylk=\"slk:les violences sexuelles;cpos:4;pos:1;elm:context_link;itc:0;sec:content-canvas;outcm:mb_qualified_link;_E:mb_qualified_link;ct:story;\" class=\"link  yahoo-link\" target=\"_blank\" rel=\"noopener\">les violences sexuelles<\/a> augmentent de 6,55 %. De nombreux frotteurs d\u00e9filent d&rsquo;ailleurs en comparution imm\u00e9diate au tribunal judiciaire de Paris en cette p\u00e9riode estivale.<\/p>\n<p>\u00ab\u00a0Je sentais qu\u2019il revenait sans cesse\u00a0\u00bb<\/p>\n<p>Une jeune femme de 26 ans rapporte ainsi avoir \u00e9t\u00e9 agress\u00e9e par un homme d&rsquo;une soixantaine d&rsquo;ann\u00e9es qu&rsquo;elle qualifie de \u00ab\u00a0gros d\u00e9go\u00fbtant, un pervers et un d\u00e9traqu\u00e9\u00a0\u00bb. Alors qu&rsquo;elle emprunte le RER B aux alentours de 17h30 pour se rendre \u00e0 un concert, l&rsquo;homme se rapproche d&rsquo;elle et ex\u00e9cute des mouvements de va-et-vient avec son bassin juste dans son dos. Lorsque la foule descend \u00e0 gare du Nord, il en profite pour lui toucher les fesses. Alors qu&rsquo;elle se d\u00e9place, \u00ab\u00a0l\u2019homme en rut la suit et se place encore derri\u00e8re elle\u00a0\u00bb, a pr\u00e9cise une source proche de l\u2019affaire au <a data-i13n=\"cpos:5;pos:1\" href=\"https:\/\/archive.is\/20250807045743\/https:\/\/www.leparisien.fr\/faits-divers\/je-ne-pouvais-plus-bouger-durant-lete-gare-aux-frotteurs-dans-les-transports-en-ile-de-france-07-08-2025-UVRBKKAKTVGNRLOP3LCIANM4UM.php\" rel=\"nofollow noopener\" target=\"_blank\" data-ylk=\"slk:Parisien;cpos:5;pos:1;elm:context_link;itc:0;sec:content-canvas\" class=\"link \">Parisien<\/a>.<\/p>\n<p>\u00ab\u00a0Je ne pouvais plus du tout bouger. J\u2019ai profit\u00e9 de chaque espace possible pour me d\u00e9caler, je sentais qu\u2019il revenait sans cesse\u00a0\u00bb a d\u00e9clar\u00e9 la victime. La Blast (brigade de lutte contre les atteintes \u00e0 la s\u00e9curit\u00e9 des transports parisiens), qui avait rep\u00e9r\u00e9 le comportement de l&rsquo;homme, arr\u00eate le suspect en gare de Plaine Saint-Denis (Seine-Saint-Denis). La jeune femme craint d\u00e9sormais de prendre les transports en commun.<\/p>\n<p>Pour tenter d&rsquo;intercepter les frotteurs dans les transports, la Blast, fond\u00e9e en 2003, est en civil. \u00ab\u00a0On n&rsquo;intervient que quand la victime s&rsquo;en est rendu compte. L&rsquo;infraction, on l&rsquo;a constat\u00e9e, mais la victime d\u00e9termine si elle souhaite d\u00e9poser une plainte. Si elle refuse de d\u00e9poser une plainte, on n&rsquo;a pas de victime\u00a0\u00bb, explique Franck, capitaine de la Blast interrog\u00e9 en 2023 par <a data-i13n=\"cpos:6;pos:1\" href=\"https:\/\/x.com\/search?q=frotteurs%20transports%20%C3%A9t%C3%A9&amp;src=typed_query&amp;f=top\" rel=\"nofollow noopener\" target=\"_blank\" data-ylk=\"slk:Franceinfo;cpos:6;pos:1;elm:context_link;itc:0;sec:content-canvas\" class=\"link \">Franceinfo<\/a>, qui incite les victimes \u00e0 rapporter les agressions, pour \u00e9viter la r\u00e9cidive.\u00a0\u00bbLes frotteurs sont plut\u00f4t des hommes dont l&rsquo;\u00e2ge varie assez sensiblement, g\u00e9n\u00e9ralement, 25, 35 ans. (&#8230;) On est sur des profils de pr\u00e9dateurs en s\u00e9rie\u00a0\u00bb, d\u00e9crit-il.<\/p>\n<p>100% des femmes victimes au moins une fois de harc\u00e8lement dans les transports<\/p>\n<p>L&rsquo;homme a \u00e9t\u00e9 condamn\u00e9 ce mardi 29 juillet par le tribunal correctionnel de Paris, \u00e0 une peine de huit mois d\u2019emprisonnement assortie d\u2019un sursis simple. Il a \u00e9galement \u00e9t\u00e9 inscrit au fichier des d\u00e9linquants sexuels et s\u2019est vu signifier une interdiction du territoire fran\u00e7ais pendant cinq ans (il s&rsquo;agit d&rsquo;un ressortissant indien). Il devra aussi verser 800 euros de dommages et int\u00e9r\u00eats \u00e0 la victime.<\/p>\n","protected":false},"excerpt":{"rendered":"Si l&rsquo;\u00e9t\u00e9, les transports en commun se vident, les frotteurs, eux, continuent d&rsquo;agresser les usag\u00e8res d&rsquo;\u00cele-de-France. Et le&hellip;\n","protected":false},"author":2,"featured_media":302863,"comment_status":"","ping_status":"","sticky":false,"template":"","format":"standard","meta":{"footnotes":""},"categories":[1592],"tags":[1111,11,44300,1777,674,1011,27,662,12,626,4524,25,2216,5817],"class_list":{"0":"post-302862","1":"post","2":"type-post","3":"status-publish","4":"format-standard","5":"has-post-thumbnail","7":"category-ile-de-france","8":"tag-actu","9":"tag-actualites","10":"tag-atteintes-a-la-securite","11":"tag-eu","12":"tag-europe","13":"tag-fr","14":"tag-france","15":"tag-ile-de-france","16":"tag-news","17":"tag-paris","18":"tag-prefecture-de-police","19":"tag-republique-francaise","20":"tag-transports-en-commun","21":"tag-tribunal-judiciaire-de-paris"},"share_on_mastodon":{"url":"https:\/\/pubeurope.com\/@fr\/114987777538990246","error":""},"_links":{"self":[{"href":"https:\/\/www.europesays.com\/fr\/wp-json\/wp\/v2\/posts\/302862","targetHints":{"allow":["GET"]}}],"collection":[{"href":"https:\/\/www.europesays.com\/fr\/wp-json\/wp\/v2\/posts"}],"about":[{"href":"https:\/\/www.europesays.com\/fr\/wp-json\/wp\/v2\/types\/post"}],"author":[{"embeddable":true,"href":"https:\/\/www.europesays.com\/fr\/wp-json\/wp\/v2\/users\/2"}],"replies":[{"embeddable":true,"href":"https:\/\/www.europesays.com\/fr\/wp-json\/wp\/v2\/comments?post=302862"}],"version-history":[{"count":0,"href":"https:\/\/www.europesays.com\/fr\/wp-json\/wp\/v2\/posts\/302862\/revisions"}],"wp:featuredmedia":[{"embeddable":true,"href":"https:\/\/www.europesays.com\/fr\/wp-json\/wp\/v2\/media\/302863"}],"wp:attachment":[{"href":"https:\/\/www.europesays.com\/fr\/wp-json\/wp\/v2\/media?parent=302862"}],"wp:term":[{"taxonomy":"category","embeddable":true,"href":"https:\/\/www.europesays.com\/fr\/wp-json\/wp\/v2\/categories?post=302862"},{"taxonomy":"post_tag","embeddable":true,"href":"https:\/\/www.europesays.com\/fr\/wp-json\/wp\/v2\/tags?post=302862"}],"curies":[{"name":"wp","href":"https:\/\/api.w.org\/{rel}","templated":true}]}}