{"id":302874,"date":"2025-08-07T13:48:15","date_gmt":"2025-08-07T13:48:15","guid":{"rendered":"https:\/\/www.europesays.com\/fr\/302874\/"},"modified":"2025-08-07T13:48:15","modified_gmt":"2025-08-07T13:48:15","slug":"cest-inoubliable-des-enfants-ukrainiens-decouvrent-la-vie-loin-de-la-guerre-a-toulouse-et-dans-les-pyrenees","status":"publish","type":"post","link":"https:\/\/www.europesays.com\/fr\/302874\/","title":{"rendered":"\u00ab\u00a0C\u2019est inoubliable\u00a0\u00bb\u00a0: des enfants ukrainiens d\u00e9couvrent la vie loin de la guerre \u00e0 Toulouse et dans les Pyr\u00e9n\u00e9es"},"content":{"rendered":"<p class=\"paragraph text_align_left lp-f-body-02\">Ils ont entre 9 et 16 ans et viennent de passer trois semaines \u00e0 Toulouse <a href=\"https:\/\/www.leparisien.fr\/haute-garonne-31\/\" target=\"_self\" rel=\"noopener\">(Haute-Garonne)<\/a> et ses environs. Originaires de Kiev (ou Kyiv), capitale ukrainienne jumel\u00e9e \u00e0 la Ville rose, \u00ab ils ont tous \u00e9t\u00e9<a href=\"https:\/\/www.leparisien.fr\/international\/ukraine\/\" target=\"_self\" rel=\"noopener\"> touch\u00e9s par la guerre<\/a> \u00bb, nous confie Vera, leur professeur de fran\u00e7ais qui encadre leur s\u00e9jour.<\/p>\n<p class=\"paragraph text_align_left lp-f-body-02\">\u00ab L\u2019un d\u2019eux a ses deux parents au front, par exemple. Souvent, le p\u00e8re est au combat et certains ont perdu un proche \u00bb, explique-t-elle. Pourtant, en les voyant sortir du plan\u00e9tarium de <a href=\"https:\/\/www.leparisien.fr\/haute-garonne-31\/une-jolie-nostalgie-a-toulouse-la-cite-de-lespace-offre-une-nouvelle-vie-a-la-station-mir-12-04-2025-7IG5T3PLMFHQLIP7WMBSB5KHSY.php\" target=\"_self\" rel=\"noopener\">la Cit\u00e9 de l\u2019espace<\/a> ce mercredi 6 ao\u00fbt apr\u00e8s-midi, ils ont tout l\u2019air d\u2019\u00e9l\u00e8ves en voyage scolaire.<\/p>\n","protected":false},"excerpt":{"rendered":"Ils ont entre 9 et 16 ans et viennent de passer trois semaines \u00e0 Toulouse (Haute-Garonne) et ses&hellip;\n","protected":false},"author":2,"featured_media":302875,"comment_status":"","ping_status":"","sticky":false,"template":"","format":"standard","meta":{"footnotes":""},"categories":[1590],"tags":[917,11,459,1777,674,4623,12,104,220],"class_list":{"0":"post-302874","1":"post","2":"type-post","3":"status-publish","4":"format-standard","5":"has-post-thumbnail","7":"category-ukraine","8":"tag-actu-locale","9":"tag-actualites","10":"tag-departements-horsidfo","11":"tag-eu","12":"tag-europe","13":"tag-haute-garonne-31","14":"tag-news","15":"tag-societe","16":"tag-ukraine"},"share_on_mastodon":{"url":"https:\/\/pubeurope.com\/@fr\/114987801323672840","error":""},"_links":{"self":[{"href":"https:\/\/www.europesays.com\/fr\/wp-json\/wp\/v2\/posts\/302874","targetHints":{"allow":["GET"]}}],"collection":[{"href":"https:\/\/www.europesays.com\/fr\/wp-json\/wp\/v2\/posts"}],"about":[{"href":"https:\/\/www.europesays.com\/fr\/wp-json\/wp\/v2\/types\/post"}],"author":[{"embeddable":true,"href":"https:\/\/www.europesays.com\/fr\/wp-json\/wp\/v2\/users\/2"}],"replies":[{"embeddable":true,"href":"https:\/\/www.europesays.com\/fr\/wp-json\/wp\/v2\/comments?post=302874"}],"version-history":[{"count":0,"href":"https:\/\/www.europesays.com\/fr\/wp-json\/wp\/v2\/posts\/302874\/revisions"}],"wp:featuredmedia":[{"embeddable":true,"href":"https:\/\/www.europesays.com\/fr\/wp-json\/wp\/v2\/media\/302875"}],"wp:attachment":[{"href":"https:\/\/www.europesays.com\/fr\/wp-json\/wp\/v2\/media?parent=302874"}],"wp:term":[{"taxonomy":"category","embeddable":true,"href":"https:\/\/www.europesays.com\/fr\/wp-json\/wp\/v2\/categories?post=302874"},{"taxonomy":"post_tag","embeddable":true,"href":"https:\/\/www.europesays.com\/fr\/wp-json\/wp\/v2\/tags?post=302874"}],"curies":[{"name":"wp","href":"https:\/\/api.w.org\/{rel}","templated":true}]}}