{"id":302876,"date":"2025-08-07T13:49:11","date_gmt":"2025-08-07T13:49:11","guid":{"rendered":"https:\/\/www.europesays.com\/fr\/302876\/"},"modified":"2025-08-07T13:49:11","modified_gmt":"2025-08-07T13:49:11","slug":"linde-ne-plie-pas-malgre-les-sanctions-lafrique-du-sud-negocie","status":"publish","type":"post","link":"https:\/\/www.europesays.com\/fr\/302876\/","title":{"rendered":"l&rsquo;Inde ne plie pas malgr\u00e9 les sanctions, l&rsquo;Afrique du Sud n\u00e9gocie\u2026"},"content":{"rendered":"<p>Aujourd&rsquo;hui \u00e0 15h39<\/p>\n<p>La Bourse am\u00e9ricaine ouvre en hausse<\/p>\n<p>Peu influenc\u00e9e par les droits de douane, Wall Street ouvre en hausse.<\/p>\n<p>Le Dow Jones gagne 0,60%, l&rsquo;indice Nasdaq 0,73%, l&rsquo;indice \u00e9largi S&amp;P 500 prend 0,53%.<\/p>\n<p>Aujourd&rsquo;hui \u00e0 15h38<\/p>\n<p>La Suisse va poursuivre les discussions avec les \u00c9tats-Unis<\/p>\n<p>Les n\u00e9gociations n&rsquo;ont pas abouti, mais la Suisse ne s&rsquo;avoue pas vaincue pour autant. Le gouvernement f\u00e9d\u00e9ral a indiqu\u00e9 par voie de communiqu\u00e9 vouloir \u00ab\u00a0poursuivre les discussions\u00a0\u00bb et n&rsquo;envisage pas, pour l&rsquo;instant, de repr\u00e9sailles.<\/p>\n<p>La Suisse se dit \u00ab\u00a0d\u00e9termin\u00e9e \u00e0 poursuivre les discussions\u00a0\u00bb, alors que le pays a \u00e9t\u00e9 frapp\u00e9 de droits de douane <a href=\"https:\/\/www.bfmtv.com\/economie\/international\/frappee-de-droits-de-douane-exorbitants-de-39-la-suisse-rentre-bredouille-de-washington-apres-avoir-tente-de-convaincre-trump_AD-202508070178.html\" title=\"Frapp\u00e9e de droits de douane exorbitants de 39%, la Suisse rentre bredouille de Washington apr\u00e8s avoir tent\u00e9 de convaincre Trump\" class=\"internal_link\" rel=\"nofollow noopener\" target=\"_blank\">particuli\u00e8rement \u00e9lev\u00e9s, \u00e0 hauteur de 39%<\/a>.<\/p>\n<p>Aujourd&rsquo;hui \u00e0 14h56<\/p>\n<p>Le Cac 40 n&rsquo;est pas d\u00e9prim\u00e9 par les droits de douane<\/p>\n<p>En ce jour tr\u00e8s attendu d&rsquo;entr\u00e9e en vigueur des droits de douane am\u00e9ricains, le Cac 40 regarde ailleurs\u2026 et progresse. L&rsquo;indice parisien avance de 1,2% \u00e0 la mi-s\u00e9ance, \u00e0 7.729,24 points. Si le march\u00e9 surveille toujours avec attention le dossier, ce jeudi il est port\u00e9 par l&rsquo;espoir d&rsquo;une tr\u00eave en Ukraine.<\/p>\n<p><a href=\"https:\/\/www.tradingsat.com\/cac-40-FR0003500008\/actualites\/cac-40-portee-par-des-espoirs-de-treve-en-ukraine-la-bourse-de-paris-grimpe-1144211.html\" target=\"_blank\" class=\"external_link\" rel=\"nofollow noopener\">Lire l&rsquo;article<\/a><\/p>\n<p>Aujourd&rsquo;hui \u00e0 12h18<\/p>\n<p>Le pr\u00e9sident sud-africain a discut\u00e9 avec Donald Trump des surtaxes de 30%<\/p>\n<p>Le pr\u00e9sident Cyril Ramaphosa s&rsquo;est entretenu par t\u00e9l\u00e9phone mercredi avec Donald Trump \u00e0 la veille de l&rsquo;entr\u00e9e en vigueur jeudi de droits de douanes de 30% pour les exportations sud-africaines vers les Etats-Unis, a annonc\u00e9 Pretoria. \u00ab\u00a0Les deux dirigeants se sont engag\u00e9s \u00e0 poursuivre leurs discussions en reconnaissant les diverses n\u00e9gociations commerciales dans lesquelles les Etats-Unis sont actuellement impliqu\u00e9s\u00a0\u00bb, pr\u00e9cise le communiqu\u00e9 de la pr\u00e9sidence sud-africaine.<\/p>\n<p>Le gouvernement sud-africain tente depuis plusieurs semaines d&rsquo;obtenir une r\u00e9duction de ces surtaxes am\u00e9ricaines, les plus \u00e9lev\u00e9es pour un pays d&rsquo;Afrique subsaharienne, et qui menacent 30.000 emplois selon Pretoria. Le gouverneur de la banque centrale du pays a lui \u00e9voqu\u00e9 le nombre de 100.000 emplois en danger.<\/p>\n<p>Aujourd&rsquo;hui \u00e0 11h43<\/p>\n<p>Toyota estime \u00e0 8,4 milliards d&rsquo;euros le co\u00fbt des surtaxes douani\u00e8res am\u00e9ricaines<\/p>\n<p>Le g\u00e9ant automobile japonais Toyota, num\u00e9ro un mondial du secteur, a abaiss\u00e9 jeudi ses pr\u00e9visions de b\u00e9n\u00e9fice net en 2025-2026, dans un \u00ab\u00a0environnement difficile\u00a0\u00bb notamment plomb\u00e9 par les surtaxes douani\u00e8res am\u00e9ricaines qui devraient lui co\u00fbter plus de 8 milliards d&rsquo;euros sur l&rsquo;exercice.<\/p>\n<p>Les exportations automobiles japonaises vers les Etats-Unis -march\u00e9-cl\u00e9 o\u00f9 Toyota r\u00e9alise presque un quart de ses ventes- se voient imposer depuis avril par Washington des surtaxes de 25%, en plus des 2,5% d\u00e9j\u00e0 appliqu\u00e9s pr\u00e9c\u00e9demment.<\/p>\n<p><a href=\"https:\/\/www.bfmtv.com\/economie\/entreprises\/8-4-milliards-d-euros-avec-un-quart-de-ses-ventes-aux-etats-unis-la-facture-des-droits-de-douane-de-trump-est-tres-salee-pour-toyota_AD-202508070245.html\" title=\"8,4 milliards d&#039;euros: avec un quart de ses ventes aux \u00c9tats-Unis, la facture des droits de douane de Trump est tr\u00e8s sal\u00e9e pour Toyota\" class=\"internal_link\" rel=\"nofollow noopener\" target=\"_blank\">Lire notre article<\/a><\/p>\n<p>Aujourd&rsquo;hui \u00e0 11h25<\/p>\n<p>L&rsquo;Inde refuse tout compromis sur l&rsquo;agriculture face \u00e0 la surench\u00e8re douani\u00e8re am\u00e9ricaine<\/p>\n<p>Le Premier ministre indien Narendra Modi s&rsquo;est dit pr\u00eat jeudi \u00e0 payer \u00ab\u00a0personnellement le prix\u00a0\u00bb de la d\u00e9fense des agriculteurs de son pays face \u00e0 la volont\u00e9 de Donald Trump <a href=\"https:\/\/www.bfmtv.com\/economie\/international\/pourquoi-l-inde-s-entete-a-acheter-du-petrole-russe-malgre-la-double-sanction-infligee-par-donald-trump_AD-202508060375.html\" title=\"Pourquoi l&#039;Inde s&#039;ent\u00eate \u00e0 acheter du p\u00e9trole russe malgr\u00e9 la double sanction inflig\u00e9e par Donald Trump\" class=\"internal_link\" rel=\"nofollow noopener\" target=\"_blank\">d&rsquo;augmenter les surtaxes douani\u00e8res sur les produits<\/a> provenant d&rsquo;Inde.<\/p>\n<p>\u00ab\u00a0Nous ne compromettrons pas les int\u00e9r\u00eats de nos agriculteurs, de notre secteur laitier, de nos p\u00eacheurs\u00a0\u00bb, a d\u00e9clar\u00e9 M. Modi dans un discours tenu lors d&rsquo;une conf\u00e9rence \u00e0 New Delhi, des propos consid\u00e9r\u00e9s comme sa premi\u00e8re r\u00e9ponse publique \u00e0 la surench\u00e8re tarifaire du Pr\u00e9sident am\u00e9ricain.<\/p>\n<blockquote class=\"embed embed_quote\"><p>\u00ab\u00a0Je sais que je devrai en payer personnellement le prix, mais je suis pr\u00eat\u00a0\u00bb, a-t-il ajout\u00e9, sans donner plus de d\u00e9tails.<\/p><\/blockquote>\n<p>Aujourd&rsquo;hui \u00e0 10h41<\/p>\n<p>Apple promet 100 milliards de dollars d&rsquo;investissements suppl\u00e9mentaires aux Etats-Unis<\/p>\n<p>Le g\u00e9ant de la tech Apple a promis mercredi 100 milliards de dollars d&rsquo;investissements suppl\u00e9mentaires aux Etats-Unis lors d&rsquo;un \u00e9v\u00e9nement \u00e0 la Maison Blanche aux c\u00f4t\u00e9s de Donald Trymp, qui esp\u00e8re que des iPhone finiront par \u00eatre fabriqu\u00e9s dans le pays.<\/p>\n<p>Le patron du groupe californien, Tim Cook, a aussi annonc\u00e9 le lancement d&rsquo;un programme visant \u00e0 fabriquer, aux Etats-Unis, des \u00ab\u00a0composants strat\u00e9giques pr\u00e9sents dans les produits Apple partout dans le monde\u00a0\u00bb. \u00ab\u00a0Nous allons continuer \u00e0 investir ici en Am\u00e9rique. Nous allons continuer \u00e0 embaucher en Am\u00e9rique\u00a0\u00bb, a-t-il lanc\u00e9 devant Donald Trump.<\/p>\n<p>Aujourd&rsquo;hui \u00e0 09h49<\/p>\n<p>Les producteurs ta\u00efwanais d&rsquo;orchid\u00e9es craignent les droits de douane am\u00e9ricains<\/p>\n<p>Ta\u00efwan figure parmi les plus grands producteurs mondiaux d&rsquo;orchid\u00e9es. Les exportations d&rsquo;orchid\u00e9es ont atteint 6,1 milliards de dollars ta\u00efwanais (plus de 175 millions d&rsquo;euros) en 2024, dont un tiers vers les \u00c9tats-Unis, son plus gros march\u00e9.<\/p>\n<p>Jusqu&rsquo;\u00e0 pr\u00e9sent, la plupart des producteurs ont absorb\u00e9 le co\u00fbt des droits de douane de 10% impos\u00e9s par Donald Trump \u00e0 la quasi-totalit\u00e9 de ses partenaires commerciaux, y compris Ta\u00efwan. Mais \u00ab\u00a0personne ne peut supporter\u00a0\u00bb la totalit\u00e9 des droits de douane de 20% impos\u00e9s \u00e0 Ta\u00efwan la semaine derni\u00e8re pour une entr\u00e9e en vigueur jeudi, d\u00e9plore le secr\u00e9taire g\u00e9n\u00e9ral de l&rsquo;Association des producteurs d&rsquo;orchid\u00e9es de Ta\u00efwan.<\/p>\n<p><a href=\"https:\/\/www.bfmtv.com\/economie\/international\/trump-ne-sera-pas-president-a-jamais-les-producteurs-d-orchidees-a-taiwan-s-inquietent-de-ne-pas-pouvoir-supporter-les-droits-de-douane-americains_AD-202508070194.html\" title=\"&quot;Trump ne sera pas pr\u00e9sident \u00e0 jamais&quot;: les producteurs d&#039;orchid\u00e9es \u00e0 Ta\u00efwan s&#039;inqui\u00e8tent de ne pas pouvoir &quot;supporter&quot; les droits de douane am\u00e9ricains\" class=\"internal_link\" rel=\"nofollow noopener\" target=\"_blank\">Lire notre article<\/a><\/p>\n<p>Aujourd&rsquo;hui \u00e0 09h41<\/p>\n<p>Quels sont les pays les plus touch\u00e9s par les nouveaux droits de douane am\u00e9ricains?<\/p>\n<p>Plusieurs dizaines de pays se voient appliqu\u00e9s depuis ce jeudi une surtaxe sur leurs exportations vers les Etats-Unis, mais tous ne sont pas tax\u00e9 au m\u00eame niveau. Les deux qui s&rsquo;en sortent le mieux sont <a href=\"https:\/\/www.bfmtv.com\/economie\/international\/de-10-pour-le-royaume-uni-a-20-pour-le-vietnam-les-accords-avec-trump-tombent-et-tous-les-pays-ne-sont-pas-loges-a-la-meme-enseigne_AD-202507230402.html\" title=\"De 10% pour le Royaume-Uni \u00e0 20% pour le Vietnam: les accords avec Trump tombent et tous les pays ne sont pas log\u00e9s \u00e0 la m\u00eame enseigne\" class=\"internal_link\" rel=\"nofollow noopener\" target=\"_blank\">le Royaume-Uni<\/a> et les Iles Malouines, qui n&rsquo;\u00e9copent que de 10% de surtaxe. A contrario le Br\u00e9sil est le moins bien loti avec une surtaxe de 50%, la plus \u00e9lev\u00e9e.<\/p>\n<p>Entre ces deux extr\u00e9mit\u00e9s, on retrouve l&rsquo;Union europ\u00e9enne, qui a <a href=\"https:\/\/www.bfmtv.com\/economie\/economie-social\/union-europeenne\/tout-comprendre-en-quoi-quoi-consiste-l-accord-enorme-a-15-que-viennent-de-conclure-trump-et-l-ue_AN-202507270293.html\" title=\"TOUT COMPRENDRE. En quoi consiste &quot;l&#039;accord \u00e9norme&quot; \u00e0 15% que viennent de conclure Trump et l&#039;UE ?\" class=\"internal_link\" rel=\"nofollow noopener\" target=\"_blank\">n\u00e9goci\u00e9 une surtaxe \u00e0 15%<\/a>. Le Japon, de la Cor\u00e9e du Sud et d&rsquo;une quarantaine d&rsquo;autres pays sont \u00e9galement tax\u00e9 \u00e0 15%.<\/p>\n<p><a href=\"https:\/\/www.bfmtv.com\/economie\/entreprises\/apres-un-derapage-en-avril-le-deficit-commercial-de-la-france-s-est-a-nouveau-creuse-en-mai-a-7-6-milliards-d-euros_AD-202507080211.html\" title=\"Apr\u00e8s un d\u00e9rapage en avril, le d\u00e9ficit commercial de la France s&#039;est \u00e0 nouveau creus\u00e9 en mai \u00e0 7,6 milliards d&#039;euros\" class=\"internal_link\" rel=\"nofollow noopener\" target=\"_blank\">Lire notre article<\/a><\/p>\n<p>Aujourd&rsquo;hui \u00e0 08h34<\/p>\n<p>Les exportations chinoises bondissent malgr\u00e9 leur baisse aux \u00c9tats-Unis<\/p>\n<p>Les exportations chinoises ont bondi de 7,2% sur un an en juillet, selon les statistiques officielles, d\u00e9passant la pr\u00e9vision d&rsquo;\u00e9conomistes sond\u00e9s par l&rsquo;agence Bloomberg (5,6%). Les importations ont dans le m\u00eame temps grimp\u00e9 de 4,1% par rapport \u00e0 l&rsquo;an pass\u00e9, alors que les pr\u00e9visions de l&rsquo;agence Bloomberg tablaient sur une contraction.<\/p>\n<p>Cons\u00e9quence des droits de douane, les exportations chinoises vers les \u00c9tats-Unis ont en revanche chut\u00e9 de 6,1% entre juin et juillet, selon les donn\u00e9es des douanes chinoises. La deuxi\u00e8me \u00e9conomie mondiale a exp\u00e9di\u00e9 en juillet 35,8 milliards de dollars de marchandises aux \u00c9tats-Unis, contre 38,2 milliards de dollars en juin.<\/p>\n<p><a href=\"https:\/\/www.bfmtv.com\/economie\/international\/les-exportations-chinoises-bondissent-fortement-malgre-leur-baisse-vers-les-etats-unis-a-cause-des-droits-de-douane-de-trump_AD-202508070154.html\" title=\"Les exportations chinoises bondissent fortement malgr\u00e9 leur baisse vers les \u00c9tats-Unis \u00e0 cause des droits de douane de Trump\" class=\"internal_link\" rel=\"nofollow noopener\" target=\"_blank\">Lire l&rsquo;article<\/a><\/p>\n<p>Aujourd&rsquo;hui \u00e0 07h54<\/p>\n<p>Quels seront les effets des droits de douane am\u00e9ricains sur l&rsquo;Europe?<\/p>\n<p>Allemagne, France, Irlande&#8230; Si les droits de douane am\u00e9ricains s&rsquo;appliquent \u00e0 l&rsquo;ensemble de l&rsquo;Union europ\u00e9enne, tous les pays europ\u00e9ens ne seront pas touch\u00e9s de la m\u00eame mani\u00e8re.<\/p>\n<p>Aujourd&rsquo;hui \u00e0 07h48<\/p>\n<p>Donald Trump annonce des taxes douani\u00e8res de 100% sur les puces et semi-conducteurs<\/p>\n<p>Une surtaxe de 100% sur les puces et semi-conducteurs a \u00e9t\u00e9 annonc\u00e9e par Donald Trump, mercredi 6 ao\u00fbt, afin d&rsquo;inciter les entreprises \u00e9trang\u00e8res \u00e0 d\u00e9localiser leur production aux \u00c9tats-Unis.<\/p>\n<p>Le principal exportateur, le g\u00e9ant ta\u00efwanais TSMC, s&rsquo;est empress\u00e9 de pr\u00e9cis\u00e9 qu&rsquo;il \u00e9tait \u00ab\u00a0exempt\u00e9\u00a0\u00bb des droits de douane annonc\u00e9s par Donald Trump. Pour se prot\u00e9ger, TSMC avait annonc\u00e9 en mars <strong><a href=\"https:\/\/www.bfmtv.com\/economie\/international\/semi-conducteurs-tsmc-investira-100-milliards-de-dollars-aux-etats-unis_AV-202503030818.html\" title=\"Semi-conducteurs: TSMC investira 100 milliards de dollars aux Etats-Unis\" class=\"internal_link\" rel=\"nofollow noopener\" target=\"_blank\">investir 100 milliards de dollars aux \u00c9tats-Unis<\/a><\/strong> pour y construire des usines.<\/p>\n<p>Aujourd&rsquo;hui \u00e0 06h32<\/p>\n<p>Le gouvernement f\u00e9d\u00e9ral suisse se r\u00e9unit pour une s\u00e9ance extraordinaire sur les droits de douane<\/p>\n<p>\u00ab\u00a0Le Conseil f\u00e9d\u00e9ral tiendra une s\u00e9ance extraordinaire en d\u00e9but d&rsquo;apr\u00e8s-midi. Il communiquera dans la foul\u00e9e\u00a0\u00bb, a fait savoir le gouvernement f\u00e9d\u00e9ral suisse, dans un message publi\u00e9 ce jeudi sur le r\u00e9seau social X.<\/p>\n<p>Au lendemain de <a href=\"https:\/\/www.bfmtv.com\/economie\/international\/la-suisse-visee-par-des-droits-de-douane-de-39-des-jeudi-sa-presidente-s-envole-pour-washington-pour-proposer-une-offre-plus-attrayante-a-trump_AD-202508050299.html\" title=\"La Suisse vis\u00e9e par des droits de douane de 39% d\u00e8s jeudi: sa pr\u00e9sidente s&#039;envole pour Washington pour faire &quot;une offre plus attrayante&quot; \u00e0 Trump\" class=\"internal_link\" rel=\"nofollow noopener\" target=\"_blank\">la d\u00e9l\u00e9gation men\u00e9e par la pr\u00e9sidente suisse<\/a>, Karin Keller-Sutter, \u00e0 Washington, pour tenter de convaincre l&rsquo;administration Trump de renoncer \u00e0 imposer des droits de douane punitifs de 39% sur les produits helv\u00e9tiques, le gouvernement f\u00e9d\u00e9ral suisse tiendra une s\u00e9ance extraordinaire ce jeudi.<\/p>\n<p>Aujourd&rsquo;hui \u00e0 06h24<\/p>\n<p>\u00ab\u00a0Des milliards de dollars de droits de douane\u00a0\u00bb affluent aux Etats-Unis, se f\u00e9licite Donald Trump<\/p>\n<p>Le pr\u00e9sident am\u00e9ricain s&rsquo;est f\u00e9licit\u00e9, ce jeudi 7 ao\u00fbt au matin, de l&rsquo;entr\u00e9e en vigueur des nouveaux droits de douane impos\u00e9s par les Etats-Unis sur les produits import\u00e9s depuis l&rsquo;\u00e9tranger.<\/p>\n<p>\u00ab\u00a0Il est minuit!!! Des milliards de dollars de droits de douane affluent maintenant vers les Etats-Unis d&rsquo;Am\u00e9rique\u00a0\u00bb, s&rsquo;est r\u00e9jouit Donald Trump dans un message en lettres capitales publi\u00e9 sur son r\u00e9seau social Truth Social.<\/p>\n<p>Hier \u00e0 17h51<\/p>\n<p>Les droits de douane de Trump entrent en vigueur<\/p>\n<p>Bonjour et bienvenue dans ce live consacr\u00e9 \u00e0 l&rsquo;entr\u00e9e en vigueur des droits de douane de Donald Trump visant des dizaines de pays. \u00c0 compter de ce jeudi, la plupart des produits export\u00e9s par l&rsquo;Union europ\u00e9enne vers les \u00c9tats-Unis sont tax\u00e9s \u00e0 hauteur de 15%.<\/p>\n","protected":false},"excerpt":{"rendered":"Aujourd&rsquo;hui \u00e0 15h39 La Bourse am\u00e9ricaine ouvre en hausse Peu influenc\u00e9e par les droits de douane, Wall Street&hellip;\n","protected":false},"author":2,"featured_media":279772,"comment_status":"","ping_status":"","sticky":false,"template":"","format":"standard","meta":{"footnotes":""},"categories":[1589],"tags":[11,73,1866,12,1864,1865,1863,308],"class_list":{"0":"post-302876","1":"post","2":"type-post","3":"status-publish","4":"format-standard","5":"has-post-thumbnail","7":"category-etats-unis","8":"tag-actualites","9":"tag-etats-unis","10":"tag-etats-unis-damerique","11":"tag-news","12":"tag-united-states","13":"tag-united-states-of-america","14":"tag-us","15":"tag-usa"},"share_on_mastodon":{"url":"https:\/\/pubeurope.com\/@fr\/114987805668932788","error":""},"_links":{"self":[{"href":"https:\/\/www.europesays.com\/fr\/wp-json\/wp\/v2\/posts\/302876","targetHints":{"allow":["GET"]}}],"collection":[{"href":"https:\/\/www.europesays.com\/fr\/wp-json\/wp\/v2\/posts"}],"about":[{"href":"https:\/\/www.europesays.com\/fr\/wp-json\/wp\/v2\/types\/post"}],"author":[{"embeddable":true,"href":"https:\/\/www.europesays.com\/fr\/wp-json\/wp\/v2\/users\/2"}],"replies":[{"embeddable":true,"href":"https:\/\/www.europesays.com\/fr\/wp-json\/wp\/v2\/comments?post=302876"}],"version-history":[{"count":0,"href":"https:\/\/www.europesays.com\/fr\/wp-json\/wp\/v2\/posts\/302876\/revisions"}],"wp:featuredmedia":[{"embeddable":true,"href":"https:\/\/www.europesays.com\/fr\/wp-json\/wp\/v2\/media\/279772"}],"wp:attachment":[{"href":"https:\/\/www.europesays.com\/fr\/wp-json\/wp\/v2\/media?parent=302876"}],"wp:term":[{"taxonomy":"category","embeddable":true,"href":"https:\/\/www.europesays.com\/fr\/wp-json\/wp\/v2\/categories?post=302876"},{"taxonomy":"post_tag","embeddable":true,"href":"https:\/\/www.europesays.com\/fr\/wp-json\/wp\/v2\/tags?post=302876"}],"curies":[{"name":"wp","href":"https:\/\/api.w.org\/{rel}","templated":true}]}}