{"id":302890,"date":"2025-08-07T13:58:13","date_gmt":"2025-08-07T13:58:13","guid":{"rendered":"https:\/\/www.europesays.com\/fr\/302890\/"},"modified":"2025-08-07T13:58:13","modified_gmt":"2025-08-07T13:58:13","slug":"une-trifluvienne-representera-le-quebec-aux-jeux-du-canada","status":"publish","type":"post","link":"https:\/\/www.europesays.com\/fr\/302890\/","title":{"rendered":"Une Trifluvienne repr\u00e9sentera le Qu\u00e9bec aux Jeux du Canada"},"content":{"rendered":"<p class=\"article-bodystyled__StyledText-sc-19uhgql-0 bGeyRM body-paragraph\">Celle qui fait du volleyball depuis l\u2019\u00e9cole primaire s\u2019envolera vers Terre-Neuve afin de participer aux matchs de volleyball de plage des Jeux du Canada. La comp\u00e9tition devrait se d\u00e9rouler sur environ six jours. En fonction du classement de l\u2019\u00e9quipe lors des \u00e9preuves, les participants avanceront en difficult\u00e9 \u00e0 mesure que s\u2019\u00e9chelonneront les parties qui opposeront les \u00e9quipes provinciales du pays. <\/p>\n<p><img decoding=\"async\" data-chromatic=\"ignore\" alt=\"La Trifluvienne Audrey-Ann Labb&#xE9; sera des Jeux du Canada dans sa discipline.\" class=\"c-image\" loading=\"lazy\" src=\"https:\/\/www.europesays.com\/fr\/wp-content\/uploads\/2025\/08\/6VB45PRXFBGILAJXOHFKEYH4HI.png\"  width=\"600\" height=\"762\"\/><\/p>\n<p class=\"image-metadata__MetadataParagraph-sc-1gfk7p2-0 cAaLKg image-metadata\">La Trifluvienne Audrey-Ann Labb\u00e9 sera des Jeux du Canada dans sa discipline. (Audrey-Ann Labb\u00e9)<\/p>\n<p class=\"article-bodystyled__StyledText-sc-19uhgql-0 bGeyRM body-paragraph\">Audrey-Ann a d\u00e9velopp\u00e9 un int\u00e9r\u00eat pour le volleyball pendant son cours d\u2019\u00e9ducation physique au primaire, ce qui l\u2019a rapidement pouss\u00e9e \u00e0 s\u2019inscrire dans une \u00e9quipe parascolaire. Durant ses \u00e9tudes secondaires, elle a pu se perfectionner au programme sport-\u00e9tudes de l\u2019Acad\u00e9mie les Estacades. En 2022, elle a d\u2019ailleurs pu participer aux Jeux du Qu\u00e9bec \u00e0 Laval en volleyball de plage. <\/p>\n<blockquote class=\"pullquote\" cite=\"Audrey-Ann Labb&#xE9;\">\n<p class=\"secondary-font__SecondaryFontStyles-sc-jft5zj-0 kJOXaj\">\u00abJ\u2019en mange du volleyball!\u00bb<\/p>\n<p>\u2014 \u00a0Audrey-Ann Labb\u00e9<\/p><\/blockquote>\n<p class=\"article-bodystyled__StyledText-sc-19uhgql-0 bGeyRM body-paragraph\">Ce sport d\u2019\u00e9quipe n\u2019a plus de secret pour Audrey-Ann qui vient de terminer \u00e9galement son parcours coll\u00e9gial en division 2 avec les Diablos du C\u00e9gep de Trois-Rivi\u00e8res. La jeune athl\u00e8te amorcera cet automne ses \u00e9tudes en biologie \u00e0 Universit\u00e9 du Qu\u00e9bec \u00e0 Chicoutimi. Audrey-Ann admet que ce sport l\u2019a grandement aid\u00e9e dans la poursuite de ses \u00e9tudes, alors que c\u2019est un facteur important de motivation. Elle aura v\u00e9cu un v\u00e9ritable bain dans son sport cet \u00e9t\u00e9 alors que ses entrainements \u00e9taient de l\u2019ordre de trois fois par semaine. <\/p>\n<blockquote class=\"pullquote\" cite=\"Audrey-Ann Labb&#xE9;\">\n<p class=\"secondary-font__SecondaryFontStyles-sc-jft5zj-0 kJOXaj\">\u00abJe pense qu\u2019on est enfin pr\u00eates \u00e0 affronter les autres \u00e9quipes (\u2026) je suis fi\u00e8re de repr\u00e9senter le Qu\u00e9bec.\u00bb<\/p>\n<p>\u2014 \u00a0Audrey-Ann Labb\u00e9<\/p><\/blockquote>\n<p class=\"article-bodystyled__StyledText-sc-19uhgql-0 bGeyRM body-paragraph\">Pour la suite, elle \u00e9voque la possibilit\u00e9 de poursuivre ses \u00e9tudes universitaires aux \u00c9tats-Unis afin de jouer \u00e0 l\u2019ann\u00e9e au volleyball de plage. Sinon, si les prochains matchs se passent bien, elle pourra tenter sa chance en vue des s\u00e9lections de l\u2019\u00e9quipe nationale canadienne. C\u2019est donc une semaine intense qui attend la jeune Trifluvienne et ses co\u00e9quipiers. <\/p>\n","protected":false},"excerpt":{"rendered":"Celle qui fait du volleyball depuis l\u2019\u00e9cole primaire s\u2019envolera vers Terre-Neuve afin de participer aux matchs de volleyball&hellip;\n","protected":false},"author":2,"featured_media":302891,"comment_status":"","ping_status":"","sticky":false,"template":"","format":"standard","meta":{"footnotes":""},"categories":[1417],"tags":[1011,27,60,1470,1469],"class_list":{"0":"post-302890","1":"post","2":"type-post","3":"status-publish","4":"format-standard","5":"has-post-thumbnail","7":"category-volley","8":"tag-fr","9":"tag-france","10":"tag-sports","11":"tag-volley","12":"tag-volleyball"},"share_on_mastodon":{"url":"https:\/\/pubeurope.com\/@fr\/114987840611858695","error":""},"_links":{"self":[{"href":"https:\/\/www.europesays.com\/fr\/wp-json\/wp\/v2\/posts\/302890","targetHints":{"allow":["GET"]}}],"collection":[{"href":"https:\/\/www.europesays.com\/fr\/wp-json\/wp\/v2\/posts"}],"about":[{"href":"https:\/\/www.europesays.com\/fr\/wp-json\/wp\/v2\/types\/post"}],"author":[{"embeddable":true,"href":"https:\/\/www.europesays.com\/fr\/wp-json\/wp\/v2\/users\/2"}],"replies":[{"embeddable":true,"href":"https:\/\/www.europesays.com\/fr\/wp-json\/wp\/v2\/comments?post=302890"}],"version-history":[{"count":0,"href":"https:\/\/www.europesays.com\/fr\/wp-json\/wp\/v2\/posts\/302890\/revisions"}],"wp:featuredmedia":[{"embeddable":true,"href":"https:\/\/www.europesays.com\/fr\/wp-json\/wp\/v2\/media\/302891"}],"wp:attachment":[{"href":"https:\/\/www.europesays.com\/fr\/wp-json\/wp\/v2\/media?parent=302890"}],"wp:term":[{"taxonomy":"category","embeddable":true,"href":"https:\/\/www.europesays.com\/fr\/wp-json\/wp\/v2\/categories?post=302890"},{"taxonomy":"post_tag","embeddable":true,"href":"https:\/\/www.europesays.com\/fr\/wp-json\/wp\/v2\/tags?post=302890"}],"curies":[{"name":"wp","href":"https:\/\/api.w.org\/{rel}","templated":true}]}}