{"id":302892,"date":"2025-08-07T13:59:16","date_gmt":"2025-08-07T13:59:16","guid":{"rendered":"https:\/\/www.europesays.com\/fr\/302892\/"},"modified":"2025-08-07T13:59:16","modified_gmt":"2025-08-07T13:59:16","slug":"ramos-dupont-lucu-bielle-biarreyquand-les-joueurs-devoilent-leurs-idoles-de-jeunesse","status":"publish","type":"post","link":"https:\/\/www.europesays.com\/fr\/302892\/","title":{"rendered":"Ramos, Dupont, Lucu, Bielle-Biarrey\u2026quand les joueurs d\u00e9voilent leurs idoles de jeunesse !"},"content":{"rendered":"<p>Une belle initiative de la part du Top 14. Lors de la tr\u00eave estivale et \u00e0 quelques semaines de la reprise de notre championnat pr\u00e9f\u00e9r\u00e9, le compte officiel a demand\u00e9 \u00e0 plusieurs figures du rugby fran\u00e7ais de d\u00e9voiler leurs idoles de jeunesse. Antoine Dupont, Romain Ntamack, Gr\u00e9gory Alldritt, Maxime Lucu, Louis Bielle-Biarrey\u2026de nombreux joueurs se sont pr\u00eat\u00e9s \u00e0 l\u2019exercice avec des r\u00e9ponses parfois surprenantes.<\/p>\n<p>Dupont fan de Ciss\u00e9, Alldritt cite Barthez ou Harinordoquy<\/p>\n<p>Ainsi, le capitaine du XV de France d\u00e9voile sans surprise son admiration pour Fr\u00e9d\u00e9ric Michalak et\u2026Djibril Ciss\u00e9. Le football est bien repr\u00e9sent\u00e9 puisque Thomas Ramos choisi le m\u00eame rugbyman que son co\u00e9quipier avant de citer Cristiano Ronaldo. De son c\u00f4t\u00e9, Maxime Lucu d\u00e9voile avoir grandi en regardant Roger Federer, Ronaldinho, Zidane ou Didier Drogba. Romain Ntamack est lui conquis par L\u00e9o Messi, Dan Carter et Rafael Nadal.<\/p>\n<p>De son c\u00f4t\u00e9, Gr\u00e9gory Alldritt nous envoie une jolie triplette avec Imanol Harinordoquy, Fabien Barthez et Alain Bernard. Sans surprise, Th\u00e9o Attissogb\u00e9 a pu s\u2019inspirer de la pointe de vitesse d\u2019Usain Bolt, tandis que Camille Lopez avoue avoir grandi en s\u2019inspirant de Richard Dourthe. De quoi saisir un peu plus son passage \u00e0 l\u2019Aviron Bayonnais pour terminer sa carri\u00e8re. Louis Bielle-Biarrey a lui \u00e9voqu\u00e9 son amour pour Maxime M\u00e9dard et Rafael Nadal. Certainement que la prochaine g\u00e9n\u00e9ration devrait citer plusieurs des acteurs du Top 14 au moment d\u2019\u00e9voquer leur inspiration.<\/p>\n<blockquote class=\"twitter-tweet\">\n<p dir=\"ltr\" lang=\"fr\">Maxime Lucu et Louis Bielle-Biarrey \ud83c\udf47 <a href=\"https:\/\/t.co\/AAII1mIgUA\" rel=\"nofollow\">pic.twitter.com\/AAII1mIgUA<\/a><\/p>\n<p>\u2014 CANAL+ Rugby (@CanalplusRugby) <a href=\"https:\/\/twitter.com\/CanalplusRugby\/status\/1953137742608581005?ref_src=twsrc%5Etfw\" rel=\"nofollow noopener\" target=\"_blank\">August 6, 2025<\/a><\/p>\n<\/blockquote>\n<p>Partagez cette info avec vos amis et vos proches en cliquant ici<br \/>Pour r\u00e9sumer<\/p>\n<p>Le compte officiel du Top 14 a demand\u00e9 \u00e0 plusieurs figures du championnat de r\u00e9v\u00e9ler leurs idoles de jeunesses. Si l\u2019on retrouve bien \u00e9videmment des l\u00e9gendes du rugby fran\u00e7ais et international, les autres sports se taillent une belle part.<\/p>\n<p> <img decoding=\"async\" width=\"76\" height=\"76\" loading=\"lazy\" src=\"https:\/\/www.europesays.com\/fr\/wp-content\/uploads\/2025\/04\/avatar-quinze.png\" alt=\"Arnaud D\u00e9chelotte\"\/><script async src=\"https:\/\/platform.twitter.com\/widgets.js\" charset=\"utf-8\"><\/script><\/p>\n","protected":false},"excerpt":{"rendered":"Une belle initiative de la part du Top 14. Lors de la tr\u00eave estivale et \u00e0 quelques semaines&hellip;\n","protected":false},"author":2,"featured_media":302893,"comment_status":"","ping_status":"","sticky":false,"template":"","format":"standard","meta":{"footnotes":""},"categories":[1416],"tags":[1011,27,479,1468,60],"class_list":{"0":"post-302892","1":"post","2":"type-post","3":"status-publish","4":"format-standard","5":"has-post-thumbnail","7":"category-rugby","8":"tag-fr","9":"tag-france","10":"tag-rugby","11":"tag-rugby-football","12":"tag-sports"},"share_on_mastodon":{"url":"https:\/\/pubeurope.com\/@fr\/114987844487934705","error":""},"_links":{"self":[{"href":"https:\/\/www.europesays.com\/fr\/wp-json\/wp\/v2\/posts\/302892","targetHints":{"allow":["GET"]}}],"collection":[{"href":"https:\/\/www.europesays.com\/fr\/wp-json\/wp\/v2\/posts"}],"about":[{"href":"https:\/\/www.europesays.com\/fr\/wp-json\/wp\/v2\/types\/post"}],"author":[{"embeddable":true,"href":"https:\/\/www.europesays.com\/fr\/wp-json\/wp\/v2\/users\/2"}],"replies":[{"embeddable":true,"href":"https:\/\/www.europesays.com\/fr\/wp-json\/wp\/v2\/comments?post=302892"}],"version-history":[{"count":0,"href":"https:\/\/www.europesays.com\/fr\/wp-json\/wp\/v2\/posts\/302892\/revisions"}],"wp:featuredmedia":[{"embeddable":true,"href":"https:\/\/www.europesays.com\/fr\/wp-json\/wp\/v2\/media\/302893"}],"wp:attachment":[{"href":"https:\/\/www.europesays.com\/fr\/wp-json\/wp\/v2\/media?parent=302892"}],"wp:term":[{"taxonomy":"category","embeddable":true,"href":"https:\/\/www.europesays.com\/fr\/wp-json\/wp\/v2\/categories?post=302892"},{"taxonomy":"post_tag","embeddable":true,"href":"https:\/\/www.europesays.com\/fr\/wp-json\/wp\/v2\/tags?post=302892"}],"curies":[{"name":"wp","href":"https:\/\/api.w.org\/{rel}","templated":true}]}}