{"id":302894,"date":"2025-08-07T14:00:15","date_gmt":"2025-08-07T14:00:15","guid":{"rendered":"https:\/\/www.europesays.com\/fr\/302894\/"},"modified":"2025-08-07T14:00:15","modified_gmt":"2025-08-07T14:00:15","slug":"atp-cincinnati-carlos-alcaraz-met-les-choses-au-clair-et-envoie-un-message-a-jannik-sinner-mon-objectif-dici-la-fin-de-la-saison-est-de-retrouver-la-premiere-place-mondiale","status":"publish","type":"post","link":"https:\/\/www.europesays.com\/fr\/302894\/","title":{"rendered":"ATP &#8211; Cincinnati > Carlos Alcaraz met les choses au clair et envoie un message \u00e0 Jannik Sinner : \u00ab\u00a0Mon objectif d&rsquo;ici la fin de la saison est de retrouver la premi\u00e8re place mondiale\u00a0\u00bb"},"content":{"rendered":"<p>Avec le niveau de jeu affich\u00e9 depuis le d\u00e9but de la saison sur terre battue, diffi\u00adcile d\u2019ima\u00adgine que Carlos Alcaraz n\u2019ait pas pour objectif de recon\u00adqu\u00e9rir la place de N\u00b01 mondial \u00e0 son rival Jannik Sinner.<\/p>\n<p>Tout comme l\u2019Italien, le Murcien s\u2019ap\u00adpr\u00eate \u00e0 faire son retour aux affaires \u00e0 Cincinnati, et <a href=\"https:\/\/www.welovetennis.fr\/atp\/atp-cincinnati\/alcaraz-pas-gate-par-le-tirage-au-sort-boulevard-pour-sinner\" data-wpel-link=\"internal\" rel=\"nofollow noopener\" target=\"_blank\">malgr\u00e9 un tirage au sort plus p\u00e9rilleux<\/a>, le fina\u00adliste de Wimbledon ne compte pas se laisser d\u00e9monter. Bien au contraire, il a affich\u00e9 clai\u00adre\u00adment ses ambi\u00adtions en conf\u00e9\u00adrence de presse.<\/p>\n<p><strong>\u00ab\u202fJe suis tr\u00e8s satis\u00adfait de mes perfor\u00admances et je souhaite pour\u00adsuivre sur cette lanc\u00e9e. J\u2019aimerais am\u00e9liorer mon tennis sur plusieurs points, mais pour l\u2019ins\u00adtant, le plus impor\u00adtant est de conserver le plaisir sur le court et d\u2019\u00eatre heureux en dehors, en parti\u00adci\u00adpant aux tour\u00adnois les plus impor\u00adtants du monde. Mon objectif d\u2019ici la fin de la saison est de retrouver la premi\u00e8re place mondiale\u202f\u00bb<\/strong>, a d\u00e9clar\u00e9 Alcaraz.<\/p>\n<p class=\"post-published-date\" style=\"color: silver; font-size: 75%; text-align: left;\">Publi\u00e9 le jeudi 7 ao\u00fbt 2025 \u00e0 13:45<\/p>\n","protected":false},"excerpt":{"rendered":"Avec le niveau de jeu affich\u00e9 depuis le d\u00e9but de la saison sur terre battue, diffi\u00adcile d\u2019ima\u00adgine que&hellip;\n","protected":false},"author":2,"featured_media":168594,"comment_status":"","ping_status":"","sticky":false,"template":"","format":"standard","meta":{"footnotes":""},"categories":[1415],"tags":[1744,1011,27,2127,60,1467],"class_list":{"0":"post-302894","1":"post","2":"type-post","3":"status-publish","4":"format-standard","5":"has-post-thumbnail","7":"category-tennis","8":"tag-alcaraz","9":"tag-fr","10":"tag-france","11":"tag-sinner","12":"tag-sports","13":"tag-tennis"},"share_on_mastodon":{"url":"https:\/\/pubeurope.com\/@fr\/114987848336603307","error":""},"_links":{"self":[{"href":"https:\/\/www.europesays.com\/fr\/wp-json\/wp\/v2\/posts\/302894","targetHints":{"allow":["GET"]}}],"collection":[{"href":"https:\/\/www.europesays.com\/fr\/wp-json\/wp\/v2\/posts"}],"about":[{"href":"https:\/\/www.europesays.com\/fr\/wp-json\/wp\/v2\/types\/post"}],"author":[{"embeddable":true,"href":"https:\/\/www.europesays.com\/fr\/wp-json\/wp\/v2\/users\/2"}],"replies":[{"embeddable":true,"href":"https:\/\/www.europesays.com\/fr\/wp-json\/wp\/v2\/comments?post=302894"}],"version-history":[{"count":0,"href":"https:\/\/www.europesays.com\/fr\/wp-json\/wp\/v2\/posts\/302894\/revisions"}],"wp:featuredmedia":[{"embeddable":true,"href":"https:\/\/www.europesays.com\/fr\/wp-json\/wp\/v2\/media\/168594"}],"wp:attachment":[{"href":"https:\/\/www.europesays.com\/fr\/wp-json\/wp\/v2\/media?parent=302894"}],"wp:term":[{"taxonomy":"category","embeddable":true,"href":"https:\/\/www.europesays.com\/fr\/wp-json\/wp\/v2\/categories?post=302894"},{"taxonomy":"post_tag","embeddable":true,"href":"https:\/\/www.europesays.com\/fr\/wp-json\/wp\/v2\/tags?post=302894"}],"curies":[{"name":"wp","href":"https:\/\/api.w.org\/{rel}","templated":true}]}}