{"id":302901,"date":"2025-08-07T14:05:11","date_gmt":"2025-08-07T14:05:11","guid":{"rendered":"https:\/\/www.europesays.com\/fr\/302901\/"},"modified":"2025-08-07T14:05:11","modified_gmt":"2025-08-07T14:05:11","slug":"le-feuilleton-illia-zabarnyi-proche-de-son","status":"publish","type":"post","link":"https:\/\/www.europesays.com\/fr\/302901\/","title":{"rendered":"Le feuilleton Illia Zabarnyi proche de son &#8230;"},"content":{"rendered":"<p><img width=\"780\" height=\"470\" src=\"https:\/\/www.europesays.com\/fr\/wp-content\/uploads\/2025\/08\/l1-20250604091441-1713-780x470.jpg\" class=\"attachment-jannah-image-post size-jannah-image-post wp-post-image\" alt=\"Illia Zabarnyi\" is_main_img=\"1\" decoding=\"async\" fetchpriority=\"high\"\/><\/p>\n<p>Apr\u00e8s de longs mois de n\u00e9gociations et d\u2019espoirs, le dossier<br \/>\n<strong>Illia Zabarnyi<\/strong> serait sur le point de prendre fin.<br \/>\nEn effet, un accord semble avoir \u00e9t\u00e9 trouv\u00e9 entre le<br \/>\n<strong>PSG<\/strong> et <strong>Bournemouth<\/strong>.<\/p>\n<p>Tr\u00e8s t\u00f4t cet \u00e9t\u00e9, le <strong><a href=\"https:\/\/canal-supporters.com\/\" target=\"_blank\" rel=\"noopener\">PSG<\/a><\/strong> a cibl\u00e9 sa d\u00e9fense<br \/>\ncentrale comme secteur de jeu \u00e0 renforcer. Ainsi, diff\u00e9rents noms<br \/>\nont \u00e9t\u00e9 cit\u00e9s, et celui d\u2019<strong>Illia Zabarnyi<\/strong> a \u00e9t\u00e9<br \/>\nretenu. Le joueur de 22 ans est l\u2019objet du feuilleton estival 2025<br \/>\ndu club de la capitale, et celui-ci serait sur le point de prendre<br \/>\nfin. En effet, selon les derni\u00e8res information de <strong><a href=\"https:\/\/x.com\/JacobsBen\/status\/1953408827828605114\">Ben<br \/>\nJacobs<\/a><\/strong> \u00e0 ce sujet, \u00ab\u00a0le PSG est sur le point<br \/>\nde recruter Illia Zabarnyi\u00ab\u00a0. Si les pourparlers entre<br \/>\n<strong>Bournemouth<\/strong> et le <strong>Paris<br \/>\nSaint-Germain<\/strong> ont \u00e9t\u00e9 \u00e2pres, le journaliste britannique<br \/>\n\u00e9voque aujourd\u2019hui un accord \u00e0 hauteur de 63 millions d\u2019euros pour<br \/>\nle transfert de l\u2019international ukrainien, pr\u00e9cisant tout de m\u00eame<br \/>\nque \u00ab\u00a0les bonus sont en cours de<br \/>\nfinalisation\u00ab\u00a0.<\/p>\n<\/p>\n<p>YouTube : <a href=\"https:\/\/www.youtube.com\/watch?v=RSBIJKu33sg&amp;t=2092s\" target=\"_blank\" rel=\"noopener\">Canal<br \/>\nSupporters Paris<\/a><\/p>\n","protected":false},"excerpt":{"rendered":"Apr\u00e8s de longs mois de n\u00e9gociations et d\u2019espoirs, le dossier Illia Zabarnyi serait sur le point de prendre&hellip;\n","protected":false},"author":2,"featured_media":302902,"comment_status":"","ping_status":"","sticky":false,"template":"","format":"standard","meta":{"footnotes":""},"categories":[1410],"tags":[81,63,1011,27,39683,39684,1434,10553,26622,26623,1435,91,92,93,60,96,29675,39685],"class_list":{"0":"post-302901","1":"post","2":"type-post","3":"status-publish","4":"format-standard","5":"has-post-thumbnail","7":"category-football","8":"tag-canal-supporters","9":"tag-football","10":"tag-fr","11":"tag-france","12":"tag-illia-zabarnyi","13":"tag-illia-zabarnyi-psg","14":"tag-mercato","15":"tag-mercato-2025","16":"tag-mercato-dete","17":"tag-mercato-estival","18":"tag-mercato-psg","19":"tag-paris-saint-germain","20":"tag-paris-sg","21":"tag-psg","22":"tag-sports","23":"tag-une","24":"tag-zabarnyi","25":"tag-zabarnyi-psg"},"share_on_mastodon":{"url":"https:\/\/pubeurope.com\/@fr\/114987868164847200","error":""},"_links":{"self":[{"href":"https:\/\/www.europesays.com\/fr\/wp-json\/wp\/v2\/posts\/302901","targetHints":{"allow":["GET"]}}],"collection":[{"href":"https:\/\/www.europesays.com\/fr\/wp-json\/wp\/v2\/posts"}],"about":[{"href":"https:\/\/www.europesays.com\/fr\/wp-json\/wp\/v2\/types\/post"}],"author":[{"embeddable":true,"href":"https:\/\/www.europesays.com\/fr\/wp-json\/wp\/v2\/users\/2"}],"replies":[{"embeddable":true,"href":"https:\/\/www.europesays.com\/fr\/wp-json\/wp\/v2\/comments?post=302901"}],"version-history":[{"count":0,"href":"https:\/\/www.europesays.com\/fr\/wp-json\/wp\/v2\/posts\/302901\/revisions"}],"wp:featuredmedia":[{"embeddable":true,"href":"https:\/\/www.europesays.com\/fr\/wp-json\/wp\/v2\/media\/302902"}],"wp:attachment":[{"href":"https:\/\/www.europesays.com\/fr\/wp-json\/wp\/v2\/media?parent=302901"}],"wp:term":[{"taxonomy":"category","embeddable":true,"href":"https:\/\/www.europesays.com\/fr\/wp-json\/wp\/v2\/categories?post=302901"},{"taxonomy":"post_tag","embeddable":true,"href":"https:\/\/www.europesays.com\/fr\/wp-json\/wp\/v2\/tags?post=302901"}],"curies":[{"name":"wp","href":"https:\/\/api.w.org\/{rel}","templated":true}]}}