{"id":302903,"date":"2025-08-07T14:06:11","date_gmt":"2025-08-07T14:06:11","guid":{"rendered":"https:\/\/www.europesays.com\/fr\/302903\/"},"modified":"2025-08-07T14:06:11","modified_gmt":"2025-08-07T14:06:11","slug":"kate-middleton-amaigrie-ce-poids-inquietant-que-peserait-la-princesse-depuis-son-cancer","status":"publish","type":"post","link":"https:\/\/www.europesays.com\/fr\/302903\/","title":{"rendered":"Kate Middleton amaigrie : ce poids inqui\u00e9tant que p\u00e8serait la princesse depuis son cancer"},"content":{"rendered":"<p>Depuis ses r\u00e9centes apparitions en public, notamment \u00e0<br \/>\nWimbledon, la <a href=\"https:\/\/www.closermag.fr\/royautes\/kate-middleton-plus-maigre-que-jamais-alors-que-langoisse-regne-cette-photo-ne-va-pas-du-tout-rassurer-3569618\" rel=\"nofollow noopener\" target=\"_blank\"><br \/>\nsilhouette amaigrie de Kate Middleton<\/a> ne cesse d\u2019inqui\u00e9ter.<br \/>\nAlors qu\u2019elle avait annonc\u00e9 \u00eatre en r\u00e9mission d\u2019un cancer, la<br \/>\nprincesse de Galles affiche d\u00e9sormais un physique qui en dit long<br \/>\nsur les \u00e9preuves travers\u00e9es. Certains observateurs \u00e9voquent m\u00eame<br \/>\nune perte de poids drastique, sugg\u00e9rant qu\u2019elle ne <strong>p\u00e8serait<br \/>\nplus que 40 kilos.<\/strong><\/p>\n<p>Une information gla\u00e7ante pour la future reine d\u2019Angleterre, qui<br \/>\nse montre pourtant toujours aussi d\u00e9termin\u00e9e \u00e0 remplir son r\u00f4le<br \/>\nroyal. Apr\u00e8s plusieurs mois d&rsquo;absence pour se soigner dans la plus<br \/>\ngrande discr\u00e9tion, l&rsquo;\u00e9pouse du <a href=\"https:\/\/www.closermag.fr\/royautes\/le-prince-william-declare-la-guerre-a-son-oncle-a-cause-dun-commentaire-grossier-sur-kate-middleton-3569723\" rel=\"nofollow noopener\" target=\"_blank\"><br \/>\nprince William,<\/a> a fait une apparition tr\u00e8s remarqu\u00e9e lors du<br \/>\ntournoi de Wimbledon, en juillet dernier. Absente du Royal Ascot<br \/>\nquelques semaines plus t\u00f4t, elle semblait cette fois d\u00e9termin\u00e9e \u00e0<br \/>\nhonorer son engagement aux c\u00f4t\u00e9s de <a href=\"https:\/\/www.closermag.fr\/royautes\/kate-middleton-en-grece-vacances-studieuses-pour-la-princesse-elle-delaisse-ses-enfants-pour-une-bonne-raison-3568946\" rel=\"nofollow noopener\" target=\"_blank\"><br \/>\nses enfants George et Charlotte.\u00a0<\/a><\/p>\n<p><img loading=\"lazy\" decoding=\"async\" itemprop=\"thumbnailUrl\" class=\"aligncenter size-large wp-image-3569748 img-responsive\" src=\"https:\/\/www.europesays.com\/fr\/wp-content\/uploads\/2025\/08\/bestimage_00705288_000003-rotated-e1754565567634-681x1024.jpg\" alt=\"\" width=\"681\" height=\"1024\"\/> \u00a9<br \/>\nBestimage<\/p>\n<p>Kate Middleton fait-elle une rechute ?<\/p>\n<p>Mais si sa pr\u00e9sence a \u00e9t\u00e9 salu\u00e9e, son apparence, elle, a laiss\u00e9<br \/>\nles t\u00e9moins sans voix. \u201c<strong>Kate est terriblement<br \/>\nmaigre,<\/strong> et les gens craignent que ce soit un signe qu&rsquo;elle<br \/>\na du mal \u00e0 se remettre de son traitement contre le cancer ou pire,<br \/>\nqu&rsquo;elle ait fait une rechute\u201d, confie une source proche du<br \/>\npalais cit\u00e9e par <a href=\"https:\/\/radaronline.com\/p\/kate-middleton-health-concerns-shrinking-90-pounds-cancer-battle\/\" target=\"_blank\" rel=\"nofollow noopener\">RadarOnline.<\/a><\/p>\n<p>Nos confr\u00e8res affirment \u00e9galement que la princesse serait tomb\u00e9e<br \/>\n\u00e0 40 kilos. \u201cElle a travers\u00e9 tellement d\u2019\u00e9preuves et elle veut<br \/>\n\u00eatre l\u00e0 pour la famille royale et faire sa part, mais il est clair<br \/>\nqu\u2019elle ne va pas bien\u201d, poursuit la m\u00eame source. Selon ses<br \/>\nproches, <a href=\"https:\/\/www.closermag.fr\/royautes\/prince-william-et-kate-middleton-vehicules-de-luxe-securite-xxl-leurs-vacances-en-grece-font-polemiqu-3567236\" rel=\"nofollow noopener\" target=\"_blank\"><br \/>\nKate Middleton<\/a> \u201cn\u2019a plus d\u2019app\u00e9tit\u201d, \u201ctraverse une p\u00e9riode<br \/>\ndifficile\u201d et aurait m\u00eame \u201cperdu tout tonus<br \/>\nmusculaire\u201d.\u00a0<\/p>\n<p>Les experts sont tr\u00e8s inquiets<\/p>\n<p>Pour rappel, <a href=\"https:\/\/www.closermag.fr\/royautes\/kate-et-william-et-leurs-enfants-en-grece-ce-megayacht-emprunte-va-faire-taire-les-mauvaises-langues-3568179\" rel=\"nofollow noopener\" target=\"_blank\"><br \/>\nla princesse de Galles<\/a> avait r\u00e9v\u00e9l\u00e9 suivre une chimioth\u00e9rapie<br \/>\npr\u00e9ventive apr\u00e8s une op\u00e9ration abdominale, sans jamais d\u00e9voiler la<br \/>\nnature exacte du cancer. Une annonce qui avait boulevers\u00e9 le pays<br \/>\ntout entier. En janvier 2025, elle d\u00e9clarait \u00eatre en r\u00e9mission,<br \/>\nmais aujourd\u2019hui, le doute s\u2019installe \u00e0 nouveau. M\u00eame des experts<br \/>\nm\u00e9dicaux tirent la sonnette d\u2019alarme.<\/p>\n<p>Le Dr Gabe Mirkin, qui n\u2019a pas trait\u00e9 personnellement la<br \/>\nprincesse, a exprim\u00e9 ses inqui\u00e9tudes : \u201cKate est en grave<br \/>\nsous-poids, pesant environ 40 kilos, 19 mois apr\u00e8s une chirurgie<br \/>\nabdominale, un cancer et une chimioth\u00e9rapie. Cette perte de poids<br \/>\nimportante peut \u00eatre due \u00e0 la chimioth\u00e9rapie elle-m\u00eame, \u00e0 une<br \/>\nalimentation insuffisante due \u00e0 un mal-\u00eatre, ou \u00e0 l\u2019\u00e9chec du<br \/>\ntraitement contre son cancer. <strong>La perte importante de<br \/>\ngraisse,<\/strong> de muscle et d\u2019os peut interf\u00e9rer avec la<br \/>\ncapacit\u00e9 de son propre syst\u00e8me immunitaire \u00e0 gu\u00e9rir le<br \/>\ncancer.\u201d<\/p>\n","protected":false},"excerpt":{"rendered":"Depuis ses r\u00e9centes apparitions en public, notamment \u00e0 Wimbledon, la silhouette amaigrie de Kate Middleton ne cesse d\u2019inqui\u00e9ter.&hellip;\n","protected":false},"author":2,"featured_media":302904,"comment_status":"","ping_status":"","sticky":false,"template":"","format":"standard","meta":{"footnotes":""},"categories":[1359],"tags":[548,58,59,1011,27,5858,973],"class_list":{"0":"post-302903","1":"post","2":"type-post","3":"status-publish","4":"format-standard","5":"has-post-thumbnail","7":"category-people","8":"tag-article-simple","9":"tag-divertissement","10":"tag-entertainment","11":"tag-fr","12":"tag-france","13":"tag-kate-middleton","14":"tag-people"},"share_on_mastodon":{"url":"https:\/\/pubeurope.com\/@fr\/114987872064477048","error":""},"_links":{"self":[{"href":"https:\/\/www.europesays.com\/fr\/wp-json\/wp\/v2\/posts\/302903","targetHints":{"allow":["GET"]}}],"collection":[{"href":"https:\/\/www.europesays.com\/fr\/wp-json\/wp\/v2\/posts"}],"about":[{"href":"https:\/\/www.europesays.com\/fr\/wp-json\/wp\/v2\/types\/post"}],"author":[{"embeddable":true,"href":"https:\/\/www.europesays.com\/fr\/wp-json\/wp\/v2\/users\/2"}],"replies":[{"embeddable":true,"href":"https:\/\/www.europesays.com\/fr\/wp-json\/wp\/v2\/comments?post=302903"}],"version-history":[{"count":0,"href":"https:\/\/www.europesays.com\/fr\/wp-json\/wp\/v2\/posts\/302903\/revisions"}],"wp:featuredmedia":[{"embeddable":true,"href":"https:\/\/www.europesays.com\/fr\/wp-json\/wp\/v2\/media\/302904"}],"wp:attachment":[{"href":"https:\/\/www.europesays.com\/fr\/wp-json\/wp\/v2\/media?parent=302903"}],"wp:term":[{"taxonomy":"category","embeddable":true,"href":"https:\/\/www.europesays.com\/fr\/wp-json\/wp\/v2\/categories?post=302903"},{"taxonomy":"post_tag","embeddable":true,"href":"https:\/\/www.europesays.com\/fr\/wp-json\/wp\/v2\/tags?post=302903"}],"curies":[{"name":"wp","href":"https:\/\/api.w.org\/{rel}","templated":true}]}}