{"id":302905,"date":"2025-08-07T14:07:17","date_gmt":"2025-08-07T14:07:17","guid":{"rendered":"https:\/\/www.europesays.com\/fr\/302905\/"},"modified":"2025-08-07T14:07:17","modified_gmt":"2025-08-07T14:07:17","slug":"ce-75-m2-retro-futuriste-est-un-hommage-au-space-age","status":"publish","type":"post","link":"https:\/\/www.europesays.com\/fr\/302905\/","title":{"rendered":"Ce 75 m2 r\u00e9tro-futuriste est un hommage au Space Age"},"content":{"rendered":"<p><strong>\u00c0 Varsovie, un petit appartement de 75m2 inspir\u00e9 du Space Age<\/strong><\/p>\n<p>Quand on <a href=\"https:\/\/www.admagazine.fr\/article\/11-grandes-tendances-voyage-2025\" target=\"_blank\" rel=\"noopener\">voyage<\/a> beaucoup, on a besoin d\u2019une valise solide et d\u2019un chez-soi confortable, bien desservi. C\u2019est justement pour cette raison qu\u2019un juriste sexag\u00e9naire a achet\u00e9 un appartement de 75 m\u00e8tres carr\u00e9s dans le quartier pris\u00e9 de Praga, \u00e0 Varsovie. Pour transformer ce gros \u0153uvre en un lieu o\u00f9 il fait bon revenir, il a fait appel \u00e0 Marcin Czopek et \u00e0 son agence Mistovia. On peut affirmer sans h\u00e9siter que l\u2019architecte polonais poss\u00e8de un vrai talent pour les petits appartements de la capitale. L\u2019int\u00e9rieur m\u00eale des \u00e9l\u00e9ments \u00e9voquant le <a href=\"https:\/\/www.admagazine.fr\/architecture\/portfolio\/diaporama\/15-exemples-ludiques-et-audacieux-darchitecture-postmoderne\/59488\" target=\"_blank\" rel=\"noopener\">postmodernisme<\/a> \u00e0 des am\u00e9nagements dynamiques et des combinaisons joyeuses de mat\u00e9riaux.<\/p>\n<p>Mettre en valeur ce que l\u2019on ne peut pas cacher<\/p>\n<p>Dans ce projet, Marcin Czopek n\u2019a pas h\u00e9sit\u00e9 \u00e0 faire dispara\u00eetre certains murs qui cloisonnaient l\u2019espace en pi\u00e8ces imbriqu\u00e9es. Entre la cuisine et le salon, un mur porteur en b\u00e9ton arm\u00e9 lui barrait la voie. Il a adopt\u00e9 un principe d\u2019am\u00e9nagement tr\u00e8s appr\u00e9ci\u00e9 : ce que l\u2019on ne peut pas cacher doit \u00eatre mis en valeur. Il a donc retir\u00e9 le cr\u00e9pi et transform\u00e9 cette cloison encombrante en un mur perfor\u00e9 de briques de <a href=\"https:\/\/www.admagazine.fr\/article\/comment-nettoyer-plaque-vitroceramique\" target=\"_blank\" rel=\"noopener\">vitroc\u00e9ramique<\/a>. L\u2019architecte a aussi enlev\u00e9 le cr\u00e9pi du plafond. Une d\u00e9cision simple, mais qui a constitu\u00e9 l\u2019un des plus grands d\u00e9fis de la r\u00e9novation, confie Marcin Czopek : \u00ab Il faut trouver les bons prestataires et g\u00e9rer toutes sortes de difficult\u00e9s techniques. Mais le r\u00e9sultat en valait la peine. \u00bb<\/p>\n<p>L\u2019acier inoxydable rencontre le bois vein\u00e9<\/p>\n<p>Le Space Age s\u2019invite \u00e9galement dans la cuisine : un \u00eelot ovale en acier inoxydable repose sur des pieds qui \u00e9voquent la s\u00e9rie \u00ab Tulip \u00bb d\u2019Eero Saarinen. Marcin Czopek a habill\u00e9 la cuisine int\u00e9gr\u00e9e situ\u00e9e derri\u00e8re d\u2019un placage en bois fonc\u00e9, tandis qu\u2019un <a href=\"https:\/\/www.admagazine.fr\/article\/carrelage-tendances-incontournables-2025\" target=\"_blank\" rel=\"noopener\">carrelage<\/a> vert profond apporte une touche de contraste. D\u00e8s qu\u2019on jette un \u0153il \u00e0 la salle de bains, il devient difficile de croire que le propri\u00e9taire envisageait initialement un am\u00e9nagement domin\u00e9 par des tons gris et b\u00e9ton. Derri\u00e8re la baignoire \u00eelot, l\u2019architecte a fait poser un grand panneau en terre cuite rouge, tandis que le lavabo repose sur un meuble rev\u00eatu de carreaux de mosa\u00efque color\u00e9s. Une arche donne acc\u00e8s \u00e0 la petite chambre, la seule pi\u00e8ce de l\u2019appartement sans murs en b\u00e9ton apparents. Le faisceau lumineux d\u2019une lampe Artemide rouge vif de Vico Magistretti \u00e9claire une \u00e9troite <a href=\"https:\/\/www.admagazine.fr\/article\/astuces-niches-petit-espace\" target=\"_blank\" rel=\"noopener\">niche<\/a> au-dessus du lit.<\/p>\n<p>Marcin Czopek a d\u00e9lib\u00e9r\u00e9ment jou\u00e9 avec l\u2019ouverture de l\u2019espace, tout en veillant \u00e0 ce que l\u2019appartement r\u00e9ponde aux besoins de son propri\u00e9taire. Ainsi, une pi\u00e8ce suppl\u00e9mentaire peut \u00eatre isol\u00e9e si n\u00e9cessaire. Pour l\u2019instant, la r\u00e9partition est id\u00e9ale. Tout comme les r\u00e9f\u00e9rences discr\u00e8tes \u00e0 Verner Panton et consorts, qui s\u2019accordent parfaitement avec les \u0153uvres d\u2019art contemporaines.<\/p>\n<p>Osez les veinures : le plan de travail de la cuisine est en quartzite bleu, tandis que les carreaux Mutina vert fonc\u00e9 rappellent des pi\u00e8ces Lego surdimensionn\u00e9es.<\/p>\n<p>\u00a9 ONI Studio<\/p>\n","protected":false},"excerpt":{"rendered":"\u00c0 Varsovie, un petit appartement de 75m2 inspir\u00e9 du Space Age Quand on voyage beaucoup, on a besoin&hellip;\n","protected":false},"author":2,"featured_media":302906,"comment_status":"","ping_status":"","sticky":false,"template":"","format":"standard","meta":{"footnotes":""},"categories":[1358],"tags":[44301,1348,1384,1385,1386,58,59,1011,27,9986,2437],"class_list":{"0":"post-302905","1":"post","2":"type-post","3":"status-publish","4":"format-standard","5":"has-post-thumbnail","7":"category-arts-et-design","8":"tag-annees-1960","9":"tag-arts","10":"tag-arts-and-design","11":"tag-arts-et-design","12":"tag-design","13":"tag-divertissement","14":"tag-entertainment","15":"tag-fr","16":"tag-france","17":"tag-petits-espaces","18":"tag-pologne"},"share_on_mastodon":{"url":"https:\/\/pubeurope.com\/@fr\/114987876016210435","error":""},"_links":{"self":[{"href":"https:\/\/www.europesays.com\/fr\/wp-json\/wp\/v2\/posts\/302905","targetHints":{"allow":["GET"]}}],"collection":[{"href":"https:\/\/www.europesays.com\/fr\/wp-json\/wp\/v2\/posts"}],"about":[{"href":"https:\/\/www.europesays.com\/fr\/wp-json\/wp\/v2\/types\/post"}],"author":[{"embeddable":true,"href":"https:\/\/www.europesays.com\/fr\/wp-json\/wp\/v2\/users\/2"}],"replies":[{"embeddable":true,"href":"https:\/\/www.europesays.com\/fr\/wp-json\/wp\/v2\/comments?post=302905"}],"version-history":[{"count":0,"href":"https:\/\/www.europesays.com\/fr\/wp-json\/wp\/v2\/posts\/302905\/revisions"}],"wp:featuredmedia":[{"embeddable":true,"href":"https:\/\/www.europesays.com\/fr\/wp-json\/wp\/v2\/media\/302906"}],"wp:attachment":[{"href":"https:\/\/www.europesays.com\/fr\/wp-json\/wp\/v2\/media?parent=302905"}],"wp:term":[{"taxonomy":"category","embeddable":true,"href":"https:\/\/www.europesays.com\/fr\/wp-json\/wp\/v2\/categories?post=302905"},{"taxonomy":"post_tag","embeddable":true,"href":"https:\/\/www.europesays.com\/fr\/wp-json\/wp\/v2\/tags?post=302905"}],"curies":[{"name":"wp","href":"https:\/\/api.w.org\/{rel}","templated":true}]}}