{"id":302911,"date":"2025-08-07T14:10:14","date_gmt":"2025-08-07T14:10:14","guid":{"rendered":"https:\/\/www.europesays.com\/fr\/302911\/"},"modified":"2025-08-07T14:10:14","modified_gmt":"2025-08-07T14:10:14","slug":"masseo-star-academy-annonce-la-sortie-de-son-titre-s-e-x-la-couverture-choque-la-toile","status":"publish","type":"post","link":"https:\/\/www.europesays.com\/fr\/302911\/","title":{"rendered":"Mass\u00e9o (Star Academy) annonce la sortie de son titre \u00ab\u00a0S.E.X.\u00a0\u00bb, la couverture choque la Toile"},"content":{"rendered":"<p>      R\u00e9sum\u00e9<\/p>\n<p>Mass\u00e9o, ancien candidat de la Star Academy, pr\u00e9pare la sortie de son premier EP S.E.X., accompagn\u00e9 d\u2019une couverture qui divise les internautes entre critiques virulentes et soutiens.<\/p>\n<p>        Sommaire<\/p>\n<p><strong>Apr\u00e8s Marine, Marguerite ou encore Charles<\/strong> qui rencontrent tous trois un joli succ\u00e8s depuis la Star Academy, c&rsquo;est au tour de Mass\u00e9o de se lancer ! Le jeune homme, qui n&rsquo;a malheureusement pas pu participer \u00e0 <a href=\"https:\/\/vsd.fr\/81421-tournee-de-la-star-academy-pourquoi-les-candidats-redoutent-tant-la-fin\/\" target=\"_blank\" rel=\"noopener\">la tourn\u00e9e<\/a> et<strong> a \u00e9t\u00e9 \u00e9limin\u00e9 quelques semaines avant, va sortir \u00e0 son tour son premier EP<\/strong>. Il en a fait l&rsquo;annonce sur ses r\u00e9seaux ce mercredi 6 ao\u00fbt, avec une proposition des plus d\u00e9concertantes !<\/p>\n<p>En effet, en d\u00e9voilant le titre et la couverture choisie pour l&rsquo;accompagner, Mass\u00e9o a surpris tout le monde. Timide et introverti dans la Star Academy, le jeune homme semble avoir bien \u00e9volu\u00e9 depuis huit mois. <strong>Le 15 ao\u00fbt prochain, il publiera<\/strong> <strong>S.E.X<\/strong>., son tout premier EP dans lequel il \u00e9voquera sans d\u00e9tour son rapport \u00e0 la sexualit\u00e9. Et pour en assurer la promotion, la photographie qu&rsquo;il a choisie surprend la Toile ! <strong>Torse nu avec un large coup de soleil, Mass\u00e9o apparait avec les traces blanches d&rsquo;un crop top<\/strong>.<\/p>\n<p>Mass\u00e9o foudroy\u00e9 par des critiques assassines<\/p>\n<p>Si les candidats de la Star Academy sont tous dithyrambiques, et l&rsquo;ont f\u00e9licit\u00e9, a l&rsquo;instar d&rsquo;<a href=\"https:\/\/www.public.fr\/les-amities-dhier-sont-devenues-des-souvenirs-axel-marbeuf-en-froid-avec-helena-bailly-pierre-garnier-et-ses-anciens-camarades-de-la-star-academy\" target=\"_blank\" rel=\"noopener\">Axel Marbeuf<\/a>, Maylis Rouard, Franck Lenar ou encore Maureen, les fans du t\u00e9l\u00e9-crochet, eux, sont plus dubitatifs. En effet, sur les r\u00e9seaux sociaux, <strong>les critiques n&rsquo;ont pas tard\u00e9 \u00e0 \u00e9merger<\/strong>. Mais si elles sont assassines pour la plupart d&rsquo;entre elles, Mass\u00e9o a au moins le m\u00e9rite de d\u00e9j\u00e0 faire parler de lui.<\/p>\n<p>\u00ab\u00a0C&rsquo;est dommage, mauvaise influence sur les gamins cette mode\u00a0\u00bb se d\u00e9sole une internaute. Une autre <strong>regrette le changement de Mass\u00e9o depuis la fin de la Star Ac<\/strong> : \u00ab\u00a0Il a bien chang\u00e9. Il \u00e9tait tout timide. Moi, je pr\u00e9f\u00e9rais son look de la Star Ac. L\u00e0, je le trouve vulgaire, \u00e7a ne lui ressemble pas\u00a0\u00bb. Les critiques sont nombreuses et unanimes : \u00ab\u00a0D\u00e9sol\u00e9e, mais j&rsquo;\u00e9tais oblig\u00e9e de rire par rapport au titre\u00a0\u00bb, \u00ab\u00a0<strong>Je sens que je vais faire des \u00e9conomies<\/strong>\u00ab\u00a0, \u00ab\u00a0Si c&rsquo;est \u00e7a la pochette du single, c&rsquo;est pas jojo\u00a0\u00bb.<\/p>\n<p>Les fans de la \u00ab\u00a0Star Ac\u00a0\u00bb appellent au calme<\/p>\n<p>Heureusement, dans ce flot de critiques, <strong>Mass\u00e9o peut compter sur des soutiens<\/strong>. De nombreux internautes ont appel\u00e9 \u00e0 l&rsquo;apaisement, et au respect de sa proposition artistique. Si elle ne pla\u00eet pas \u00e0 beaucoup de monde, elle a le chic de d\u00e9j\u00e0 faire parler d&rsquo;elle. <strong>\u00ab\u00a0Il suscite des commentaires, c&rsquo;est donc qu&rsquo;il int\u00e9resse\u00a0\u00bb <\/strong>rappelle une fan du programme : \u00ab\u00a0Chacun est libre de faire comme il le d\u00e9sire du moment que c&rsquo;est respectueux, ce qui est le cas de sa pochette pour son nouveau titre\u00a0\u00bb. Mass\u00e9o fait parler de lui, et c&rsquo;est s\u00fbrement l\u00e0 l&rsquo;essentiel !<\/p>\n<p>      Mentionn\u00e9s dans cet article<\/p>\n<p>      Sur le m\u00eame sujet<\/p>\n","protected":false},"excerpt":{"rendered":"R\u00e9sum\u00e9 Mass\u00e9o, ancien candidat de la Star Academy, pr\u00e9pare la sortie de son premier EP S.E.X., accompagn\u00e9 d\u2019une&hellip;\n","protected":false},"author":2,"featured_media":302912,"comment_status":"","ping_status":"","sticky":false,"template":"","format":"standard","meta":{"footnotes":""},"categories":[1355],"tags":[1696,58,59,1011,27,1361,873,1062,9536,5095],"class_list":{"0":"post-302911","1":"post","2":"type-post","3":"status-publish","4":"format-standard","5":"has-post-thumbnail","7":"category-musique","8":"tag-chanteur","9":"tag-divertissement","10":"tag-entertainment","11":"tag-fr","12":"tag-france","13":"tag-music","14":"tag-musique","15":"tag-polemique","16":"tag-single","17":"tag-star-academy"},"share_on_mastodon":{"url":"https:\/\/pubeurope.com\/@fr\/114987887871493149","error":""},"_links":{"self":[{"href":"https:\/\/www.europesays.com\/fr\/wp-json\/wp\/v2\/posts\/302911","targetHints":{"allow":["GET"]}}],"collection":[{"href":"https:\/\/www.europesays.com\/fr\/wp-json\/wp\/v2\/posts"}],"about":[{"href":"https:\/\/www.europesays.com\/fr\/wp-json\/wp\/v2\/types\/post"}],"author":[{"embeddable":true,"href":"https:\/\/www.europesays.com\/fr\/wp-json\/wp\/v2\/users\/2"}],"replies":[{"embeddable":true,"href":"https:\/\/www.europesays.com\/fr\/wp-json\/wp\/v2\/comments?post=302911"}],"version-history":[{"count":0,"href":"https:\/\/www.europesays.com\/fr\/wp-json\/wp\/v2\/posts\/302911\/revisions"}],"wp:featuredmedia":[{"embeddable":true,"href":"https:\/\/www.europesays.com\/fr\/wp-json\/wp\/v2\/media\/302912"}],"wp:attachment":[{"href":"https:\/\/www.europesays.com\/fr\/wp-json\/wp\/v2\/media?parent=302911"}],"wp:term":[{"taxonomy":"category","embeddable":true,"href":"https:\/\/www.europesays.com\/fr\/wp-json\/wp\/v2\/categories?post=302911"},{"taxonomy":"post_tag","embeddable":true,"href":"https:\/\/www.europesays.com\/fr\/wp-json\/wp\/v2\/tags?post=302911"}],"curies":[{"name":"wp","href":"https:\/\/api.w.org\/{rel}","templated":true}]}}