{"id":302915,"date":"2025-08-07T14:12:12","date_gmt":"2025-08-07T14:12:12","guid":{"rendered":"https:\/\/www.europesays.com\/fr\/302915\/"},"modified":"2025-08-07T14:12:12","modified_gmt":"2025-08-07T14:12:12","slug":"prouesse-medicale-a-alger-une-tumeur-geante-de-14-kg-retiree-dun-enfant","status":"publish","type":"post","link":"https:\/\/www.europesays.com\/fr\/302915\/","title":{"rendered":"Prouesse m\u00e9dicale \u00e0 Alger : une tumeur g\u00e9ante de 14 kg retir\u00e9e d&rsquo;un enfant"},"content":{"rendered":"<p data-start=\"210\" data-end=\"788\"><strong>Dans les blocs op\u00e9ratoires du Centre hospitalo-universitaire de Bab El Oued, une intervention peu ordinaire s\u2019est r\u00e9cemment d\u00e9roul\u00e9e dans la plus grande concentration. Les \u00e9quipes m\u00e9dicales ont pris en charge une situation d\u00e9licate en op\u00e9rant un jeune patient porteur d\u2019une tumeur abdominale de 14 kilogrammes. <\/strong><\/p>\n<p data-start=\"210\" data-end=\"788\">La masse, par sa taille inhabituelle et sa position, pr\u00e9sentait plusieurs risques qu\u2019il fallait anticiper avec une extr\u00eame prudence. Gr\u00e2ce \u00e0 une prise en charge rigoureuse et une coordination \u00e9troite entre les diff\u00e9rents intervenants, l\u2019op\u00e9ration s\u2019est conclue dans des conditions jug\u00e9es satisfaisantes.<\/p>\n<p data-start=\"210\" data-end=\"788\">Ce cas illustre les progr\u00e8s constants de la chirurgie infantile en Alg\u00e9rie, aujourd\u2019hui capable d\u2019affronter localement des situations m\u00e9dicales d\u2019une grande complexit\u00e9.<\/p>\n<p>Une tumeur de 38 centim\u00e8tres, un d\u00e9fi chirurgical r\u00e9ussi<\/p>\n<p data-start=\"845\" data-end=\"1291\">C\u2019est une masse abdominale de <strong data-start=\"875\" data-end=\"929\">38 centim\u00e8tres de long sur 15 centim\u00e8tres de large<\/strong> qui a \u00e9t\u00e9 extraite de l\u2019abdomen du jeune patient. Une taille hors norme pour une intervention de ce type, qui a n\u00e9cessit\u00e9 une prise en charge rapide, pr\u00e9cise et parfaitement coordonn\u00e9e.<\/p>\n<p><a href=\"https:\/\/bit.ly\/3w4oo8S\" target=\"_blank\" title=\"Votre destination sant\u00e9, le Centre m\u00e9dical Anadolu\" rel=\"nofollow noopener\"> <img loading=\"lazy\" decoding=\"async\" src=\"data:image\/svg+xml,%3Csvg%20xmlns=\" http:=\"\" data-src=\"https:\/\/www.europesays.com\/fr\/wp-content\/uploads\/2025\/08\/AMC_728_90_Corporate_v1.jpg.webp\" class=\"img-fluid lazy\" width=\"728\" height=\"90\" alt=\"Votre destination sant\u00e9, le Centre m\u00e9dical Anadolu\" data-smush-webp-fallback=\"{&quot;src&quot;:&quot;https:\\\/\\\/www.algerie360.com\\\/wp-content\\\/uploads\\\/2022\\\/05\\\/AMC_728_90_Corporate_v1.jpg&quot;}\"\/><\/a><br \/>\n<a href=\"https:\/\/bit.ly\/3w4oo8S\" target=\"_blank\" title=\"Votre destination sant\u00e9, le Centre m\u00e9dical Anadolu\" rel=\"nofollow noopener\"> <img loading=\"lazy\" decoding=\"async\" src=\"data:image\/svg+xml,%3Csvg%20xmlns=\" http:=\"\" data-src=\"https:\/\/www.europesays.com\/fr\/wp-content\/uploads\/2025\/08\/AMC_300_250_Corporate_v1-1.jpg.webp\" class=\"img-fluid lazy\" width=\"300\" height=\"250\" alt=\"Votre destination sant\u00e9, le Centre m\u00e9dical Anadolu\" data-smush-webp-fallback=\"{&quot;src&quot;:&quot;https:\\\/\\\/www.algerie360.com\\\/wp-content\\\/uploads\\\/2022\\\/05\\\/AMC_300_250_Corporate_v1-1.jpg&quot;}\"\/><\/a><\/p>\n<p data-start=\"845\" data-end=\"1291\"><strong>\ud83d\udfe2 \u00c0 LIRE AUSSI :\u00a0<a href=\"https:\/\/www.algerie360.com\/nour-entre-la-vie-et-la-mort-attend-un-transfert-medical-urgent\/\" rel=\"nofollow noopener\" target=\"_blank\">Nour, entre la vie et la mort, attend un transfert m\u00e9dical urgent<\/a><\/strong><\/p>\n<p data-start=\"845\" data-end=\"1291\">Par ailleurs, selon le service de chirurgie infantile du CHU, la tumeur occupait une grande partie de la cavit\u00e9 abdominale. Exer\u00e7ant une pression significative sur les organes environnants.<\/p>\n<p data-start=\"1293\" data-end=\"1557\">L\u2019op\u00e9ration, men\u00e9e avec une extr\u00eame minutie, s\u2019est d\u00e9roul\u00e9e sans complications majeures. Ce qui t\u00e9moigne du <strong data-start=\"1401\" data-end=\"1438\">haut niveau de ma\u00eetrise technique<\/strong> de l\u2019\u00e9quipe soignante. En effet, l\u2019intervention a \u00e9t\u00e9 qualifi\u00e9e \u00ab d\u2019exceptionnelle tant par sa complexit\u00e9 que par son ampleur \u00bb.<\/p>\n<p data-start=\"1293\" data-end=\"1557\">\n<p><strong data-start=\"2370\" data-end=\"2426\">CHU de Bab El Oued : u<\/strong>ne mobilisation d\u2019envergure pour un cas rare<\/p>\n<p data-start=\"1610\" data-end=\"1703\">Le succ\u00e8s de cette intervention repose sur <strong data-start=\"1653\" data-end=\"1701\">l\u2019engagement d\u2019une \u00e9quipe multidisciplinaire<\/strong> :<\/p>\n<ul>\n<li data-start=\"1707\" data-end=\"1743\">Chirurgiens sp\u00e9cialis\u00e9s en p\u00e9diatrie ;<\/li>\n<li data-start=\"1746\" data-end=\"1772\">Anesth\u00e9sistes exp\u00e9riment\u00e9s ;<\/li>\n<li data-start=\"1775\" data-end=\"1818\">P\u00e9diatres assurant le suivi post-op\u00e9ratoire ;<\/li>\n<li data-start=\"1821\" data-end=\"1865\">Infirmiers et personnels param\u00e9dicaux d\u00e9di\u00e9s.<\/li>\n<\/ul>\n<p data-start=\"1867\" data-end=\"2172\">En outre, chaque acteur a jou\u00e9 un r\u00f4le cl\u00e9, depuis la pr\u00e9paration pr\u00e9op\u00e9ratoire jusqu\u2019\u00e0 la surveillance post-chirurgicale. La coordination des efforts, la communication fluide entre les services. Ainsi que l\u2019anticipation des risques ont permis de garantir les meilleures conditions possibles pendant l\u2019intervention.<\/p>\n<p>Une prise en charge locale qui marque un tournant<\/p>\n<p data-start=\"2229\" data-end=\"2506\">Cinq jours apr\u00e8s l\u2019op\u00e9ration, la jeune patiente a pu quitter le service, en bon \u00e9tat de sant\u00e9. Une \u00e9volution rapide et positive qui illustre <strong data-start=\"2370\" data-end=\"2426\">la qualit\u00e9 des soins prodigu\u00e9s au CHU de Bab El Oued. <\/strong>Et plus largement, les progr\u00e8s constants de la chirurgie infantile en Alg\u00e9rie.<\/p>\n<p data-start=\"2229\" data-end=\"2506\"><strong>\ud83d\udfe2 \u00c0 LIRE AUSSI :\u00a0<a href=\"https:\/\/www.algerie360.com\/lalgerie-annonce-sa-volonte-dexporter-ses-medicaments-vers-un-pays-africain\/\" rel=\"nofollow noopener\" target=\"_blank\">L\u2019Alg\u00e9rie annonce sa volont\u00e9 d\u2019exporter ses m\u00e9dicaments vers un pays africain<\/a><\/strong><\/p>\n<p data-start=\"2508\" data-end=\"2845\">Ce type de cas, autrefois redirig\u00e9 vers des \u00e9tablissements \u00e0 l\u2019\u00e9tranger, peut d\u00e9sormais \u00eatre trait\u00e9 localement. Grace \u00e0 des comp\u00e9tences consolid\u00e9es et des plateaux techniques mieux \u00e9quip\u00e9s. Ainsi, cette capacit\u00e9 \u00e0 g\u00e9rer des situations complexes sur le territoire national repr\u00e9sente <strong data-start=\"2783\" data-end=\"2844\">un tournant strat\u00e9gique pour la sant\u00e9 publique alg\u00e9rienne<\/strong>.<\/p>\n<p data-start=\"2508\" data-end=\"2845\">Enfin, \u00ab cette intervention illustre une nouvelle fois <a href=\"https:\/\/www.algerie360.com\/prouesse-medicale-a-oran-une-tumeur-geante-setendant-du-cerveau-a-la-machoire-retiree-avec-succes\/\" rel=\"nofollow noopener\" target=\"_blank\">le haut niveau de comp\u00e9tence<\/a> des \u00e9quipes m\u00e9dicales du CHU de Bab El Oued \u00bb, pr\u00e9cise le communiqu\u00e9 du centre hospitalier. Soulignant le r\u00f4le croissant de l\u2019\u00e9tablissement dans la gestion des pathologies p\u00e9diatriques lourdes.<\/p>\n<p><img decoding=\"async\" class=\"lazy\" src=\"data:image\/svg+xml,%3Csvg%20xmlns=\" http:=\"\" data-src=\"https:\/\/www.europesays.com\/fr\/wp-content\/uploads\/2025\/08\/icons8-share-64.png.webp\" alt=\"Partager\" data-smush-webp-fallback=\"{&quot;src&quot;:&quot;https:\\\/\\\/www.algerie360.com\\\/wp-content\\\/uploads\\\/2025\\\/06\\\/icons8-share-64.png&quot;}\"\/><\/p>\n","protected":false},"excerpt":{"rendered":"Dans les blocs op\u00e9ratoires du Centre hospitalo-universitaire de Bab El Oued, une intervention peu ordinaire s\u2019est r\u00e9cemment d\u00e9roul\u00e9e&hellip;\n","protected":false},"author":2,"featured_media":302916,"comment_status":"","ping_status":"","sticky":false,"template":"","format":"standard","meta":{"footnotes":""},"categories":[10],"tags":[328,1011,27,72,71],"class_list":{"0":"post-302915","1":"post","2":"type-post","3":"status-publish","4":"format-standard","5":"has-post-thumbnail","7":"category-sante","8":"tag-a-la-une","9":"tag-fr","10":"tag-france","11":"tag-health","12":"tag-sante"},"share_on_mastodon":{"url":"https:\/\/pubeurope.com\/@fr\/114987895574328103","error":""},"_links":{"self":[{"href":"https:\/\/www.europesays.com\/fr\/wp-json\/wp\/v2\/posts\/302915","targetHints":{"allow":["GET"]}}],"collection":[{"href":"https:\/\/www.europesays.com\/fr\/wp-json\/wp\/v2\/posts"}],"about":[{"href":"https:\/\/www.europesays.com\/fr\/wp-json\/wp\/v2\/types\/post"}],"author":[{"embeddable":true,"href":"https:\/\/www.europesays.com\/fr\/wp-json\/wp\/v2\/users\/2"}],"replies":[{"embeddable":true,"href":"https:\/\/www.europesays.com\/fr\/wp-json\/wp\/v2\/comments?post=302915"}],"version-history":[{"count":0,"href":"https:\/\/www.europesays.com\/fr\/wp-json\/wp\/v2\/posts\/302915\/revisions"}],"wp:featuredmedia":[{"embeddable":true,"href":"https:\/\/www.europesays.com\/fr\/wp-json\/wp\/v2\/media\/302916"}],"wp:attachment":[{"href":"https:\/\/www.europesays.com\/fr\/wp-json\/wp\/v2\/media?parent=302915"}],"wp:term":[{"taxonomy":"category","embeddable":true,"href":"https:\/\/www.europesays.com\/fr\/wp-json\/wp\/v2\/categories?post=302915"},{"taxonomy":"post_tag","embeddable":true,"href":"https:\/\/www.europesays.com\/fr\/wp-json\/wp\/v2\/tags?post=302915"}],"curies":[{"name":"wp","href":"https:\/\/api.w.org\/{rel}","templated":true}]}}