{"id":302919,"date":"2025-08-07T14:14:10","date_gmt":"2025-08-07T14:14:10","guid":{"rendered":"https:\/\/www.europesays.com\/fr\/302919\/"},"modified":"2025-08-07T14:14:10","modified_gmt":"2025-08-07T14:14:10","slug":"marion-cotillard-blonde-platine-separee-de-guillaume-canet-elle-fait-une-metamorphose-completement-givree","status":"publish","type":"post","link":"https:\/\/www.europesays.com\/fr\/302919\/","title":{"rendered":"Marion Cotillard blonde platine : s\u00e9par\u00e9e de Guillaume Canet, elle fait une m\u00e9tamorphose compl\u00e8tement givr\u00e9e"},"content":{"rendered":"<p>Vingt ans apr\u00e8s le film Innocence, la r\u00e9alisatrice<br \/>\nLucile Had\u017eihalilovi\u0107 a de nouveau fait appel \u00e0 Marion Cotillard.<br \/>\nL\u2019actrice oscaris\u00e9e interpr\u00e8te la star du film La Reine des<br \/>\nNeiges qui fera la rencontre d\u2019une jeune fugueuse.<\/p>\n<p>Pour ce r\u00f4le, l\u2019ex \u00e9pouse de Guillaume Canet s\u2019est<br \/>\nm\u00e9tamorphos\u00e9e, comme on peut le voir dans la bande-annonce.<\/p>\n<p>Marion Cotillard en blond platine pour enfiler le costume de la<br \/>\nReine des Neiges<\/p>\n<p>R\u00e9cemment aper\u00e7ue dans le film <a href=\"https:\/\/www.closermag.fr\/vecu\/lee-miller-a-quoi-ressemblait-la-vraie-photographe-de-guerre-incarnee-par-kate-winslet-dans-le-biopic-3484033\" target=\"_blank\" rel=\"noopener\"><br \/>\nLee Miller<\/a>, <a href=\"https:\/\/www.closermag.fr\/mode\/food-le-pique-nique-ecolo-de-marion-cotillard-100-green-et-zero-plastique-3563157\" target=\"_blank\" rel=\"noopener\"><br \/>\nMarion Cotillard<\/a> sera bient\u00f4t \u00e0 l\u2019affiche du dernier<br \/>\nlong-m\u00e9trage de Lucile Had\u017eihalilovi\u0107. La r\u00e9alisatrice fran\u00e7aise a<br \/>\nfait appel \u00e0 <a href=\"https:\/\/www.closermag.fr\/people\/marion-cotillard-apres-sa-separation-davec-guillaume-canet-elle-debarque-la-ou-on-ne-lattendait-pas-3564604\" target=\"_blank\" rel=\"noopener\"><br \/>\nl\u2019actrice oscaris\u00e9e<\/a> pour interpr\u00e9ter une c\u00e9l\u00e8bre actrice dans<br \/>\nle film <strong>La Tour de Glace<\/strong>. Les deux femmes<br \/>\navaient d\u00e9j\u00e0 travaill\u00e9 ensemble en 2005, pour le film<br \/>\nInnocence. Dans ce nouveau long-m\u00e9trage, qui sortira en<br \/>\nseptembre prochain dans les salles fran\u00e7aises, Marion Cotillard<br \/>\ninterpr\u00e8te Cristina, l&rsquo;\u00e9nigmatique star du film La Reine des<br \/>\nNeiges.<\/p>\n<p>Jeanne, une jeune femme qui a fui son foyer de haute montagne<br \/>\npour rejoindre la ville, fera la rencontre de la star de son conte<br \/>\npr\u00e9f\u00e9r\u00e9. Mais une <strong>relation troublante<\/strong> s\u2019installera<br \/>\nentre les deux femmes. L\u2019hiver dernier, le Festival international<br \/>\ndu film de Berlin pr\u00e9sentait ce film avec ces mots : \u201cPlus<br \/>\nfroid que la glace, son baiser transperce le c\u0153ur&#8230;\u201d. Pour ce<br \/>\nr\u00f4le, la m\u00e8re de <a href=\"https:\/\/www.closermag.fr\/people\/guillaume-canet-et-marion-cotillard-voici-a-quoi-ressemble-leur-fils-marcel-13-ans-qui-fait-ses-premiers-pas-de-comedien-3516777\" target=\"_blank\" rel=\"noopener\"><br \/>\nMarcel<\/a> et Louise s\u2019est <strong>m\u00e9tamorphos\u00e9e<\/strong>, comme on<br \/>\npeut le d\u00e9couvrir dans la bande-annonce. L\u2019actrice est pass\u00e9e au<br \/>\n<strong>blond platine<\/strong> pour ce personnage givr\u00e9.<\/p>\n<blockquote class=\"twitter-tweet\"><p><a class=\"twitter-link\" rel=\"noindex, nofollow noopener\" href=\"https:\/\/twitter.com\/FocvsFR\/status\/1952802924175761609\" target=\"_blank\"><\/p><\/blockquote>\n<p>Marion Cotillard et Guillaume Canet, le<br \/>\ncouple embl\u00e9matique du cin\u00e9ma fran\u00e7ais s\u00e9par\u00e9<\/p>\n<p>Apr\u00e8s presque vingt ans d\u2019amour, Marion Cotillard et <a href=\"https:\/\/www.closermag.fr\/people\/officiel-guillaume-canet-et-marion-cotillard-cest-fini-3558917\" target=\"_blank\" rel=\"noopener\"><br \/>\nGuillaume Canet<\/a> ont r\u00e9cemment annonc\u00e9 leur<br \/>\n<strong>s\u00e9paration<\/strong>. Ils formaient l\u2019un des couples les<br \/>\nplus glamours du cin\u00e9ma fran\u00e7ais. \u00ab\u00a0Apr\u00e8s<br \/>\ndix-huit\u202fans de vie commune, Marion Cotillard et Guillaume<br \/>\nCanet ont d\u00e9cid\u00e9 de se s\u00e9parer<br \/>\nd\u2019un <strong>commun accord<\/strong>. Cette<br \/>\nd\u00e9cision a \u00e9t\u00e9 prise dans une<br \/>\n<strong>bienveillance mutuelle<\/strong>. Parents de deux enfants,<br \/>\nils partagent ici cette d\u00e9cision afin d\u2019\u00e9viter<br \/>\ntoutes sp\u00e9culations, rumeurs et interpr\u00e9tations<br \/>\nhasardeuses\u00a0\u00bb\u00a0pouvait-on lire en juin dernier dans un<br \/>\ncommuniqu\u00e9 de l\u2019AFP.<\/p>\n<p>Chez Guillaume Pley, le <a href=\"https:\/\/www.closermag.fr\/people\/guillaume-canet-installe-a-lhotel-separe-de-marion-cotillard-il-semble-deja-avoir-pris-le-large-3559066\" target=\"_blank\" rel=\"noopener\"><br \/>\ncin\u00e9aste<\/a> avait avou\u00e9\u2009: \u00ab\u00a0Comme tous les couples, on passe<br \/>\npar des p\u00e9riodes magnifiques et des<br \/>\n<strong>p<\/strong><strong>\u00e9riodes de merde<\/strong> parce<br \/>\nque \u00e7a fait tr\u00e8s longtemps, et c\u2019est<br \/>\nvrai que ce n\u2019est pas toujours facile de vivre avec<br \/>\nquelqu\u2019un\u00a0\u00bb.<\/p>\n<p><script async src=\"https:\/\/platform.twitter.com\/widgets.js\" charset=\"utf-8\"><\/script><\/p>\n","protected":false},"excerpt":{"rendered":"Vingt ans apr\u00e8s le film Innocence, la r\u00e9alisatrice Lucile Had\u017eihalilovi\u0107 a de nouveau fait appel \u00e0 Marion Cotillard.&hellip;\n","protected":false},"author":2,"featured_media":302920,"comment_status":"","ping_status":"","sticky":false,"template":"","format":"standard","meta":{"footnotes":""},"categories":[8],"tags":[548,58,59,1011,27,34774],"class_list":{"0":"post-302919","1":"post","2":"type-post","3":"status-publish","4":"format-standard","5":"has-post-thumbnail","7":"category-divertissement","8":"tag-article-simple","9":"tag-divertissement","10":"tag-entertainment","11":"tag-fr","12":"tag-france","13":"tag-marion-cotillard"},"share_on_mastodon":{"url":"https:\/\/pubeurope.com\/@fr\/114987903524852804","error":""},"_links":{"self":[{"href":"https:\/\/www.europesays.com\/fr\/wp-json\/wp\/v2\/posts\/302919","targetHints":{"allow":["GET"]}}],"collection":[{"href":"https:\/\/www.europesays.com\/fr\/wp-json\/wp\/v2\/posts"}],"about":[{"href":"https:\/\/www.europesays.com\/fr\/wp-json\/wp\/v2\/types\/post"}],"author":[{"embeddable":true,"href":"https:\/\/www.europesays.com\/fr\/wp-json\/wp\/v2\/users\/2"}],"replies":[{"embeddable":true,"href":"https:\/\/www.europesays.com\/fr\/wp-json\/wp\/v2\/comments?post=302919"}],"version-history":[{"count":0,"href":"https:\/\/www.europesays.com\/fr\/wp-json\/wp\/v2\/posts\/302919\/revisions"}],"wp:featuredmedia":[{"embeddable":true,"href":"https:\/\/www.europesays.com\/fr\/wp-json\/wp\/v2\/media\/302920"}],"wp:attachment":[{"href":"https:\/\/www.europesays.com\/fr\/wp-json\/wp\/v2\/media?parent=302919"}],"wp:term":[{"taxonomy":"category","embeddable":true,"href":"https:\/\/www.europesays.com\/fr\/wp-json\/wp\/v2\/categories?post=302919"},{"taxonomy":"post_tag","embeddable":true,"href":"https:\/\/www.europesays.com\/fr\/wp-json\/wp\/v2\/tags?post=302919"}],"curies":[{"name":"wp","href":"https:\/\/api.w.org\/{rel}","templated":true}]}}