{"id":302925,"date":"2025-08-07T14:17:10","date_gmt":"2025-08-07T14:17:10","guid":{"rendered":"https:\/\/www.europesays.com\/fr\/302925\/"},"modified":"2025-08-07T14:17:10","modified_gmt":"2025-08-07T14:17:10","slug":"a-lorigine-de-la-menace-de-trump-dune-prise-de-controle-de-washington-lagression-dun-ex-membre-du-doge","status":"publish","type":"post","link":"https:\/\/www.europesays.com\/fr\/302925\/","title":{"rendered":"\u00c0 l\u2019origine de la menace de Trump d\u2019une \u00abprise de contr\u00f4le\u00bb de Washington, l\u2019agression d\u2019un ex-membre du DOGE"},"content":{"rendered":"<p>L\u2019attaque d\u2019un jeune ing\u00e9nieur dimanche matin a pouss\u00e9 le pr\u00e9sident am\u00e9ricain \u00e0 renouveler sa menace de prise de contr\u00f4le f\u00e9d\u00e9ral de Washington, en proie, selon lui \u00e0 une d\u00e9linquance explosive.<\/p>\n<p class=\"fig-paragraph\">Apr\u00e8s avoir envoy\u00e9 la garde nationale \u00e0 Los Angeles lors des \u00e9meutes, Donald Trump serait tent\u00e9 de r\u00e9cidiver&#8230; mais cette fois \u00e0\u00a0<a href=\"http:\/\/www.lefigaro.fr\/voyages\/inspiration\/washington-dc-une-capitale-bien-moins-sage-qu-elle-n-y-parait-20241101\" data-fig-type=\"Article\" data-gtm-custom-categorie=\"navigation\" data-gtm-custom-action=\"crossclick\" data-gtm-custom-label=\"Contextuel\" data-gtm-event=\"customEventSPE\" data-fig-domain=\"LEFIGARO\" rel=\"nofollow noopener\" target=\"_blank\">Washington<\/a>, la capitale. Selon lui, la d\u00e9linquance est telle que\u00a0<a href=\"http:\/\/www.lefigaro.fr\/international\/etats-unis-trump-menace-de-prendre-le-controle-de-l-horrible-capitale-washington-20250807\" data-fig-type=\"NewsFlash\" data-gtm-custom-categorie=\"navigation\" data-gtm-custom-action=\"crossclick\" data-gtm-custom-label=\"Contextuel\" data-gtm-event=\"customEventSPE\" data-fig-domain=\"LEFIGARO\" rel=\"nofollow noopener\" target=\"_blank\">\u00abla prise de contr\u00f4le\u00bb par l\u2019\u00c9tat f\u00e9d\u00e9ral<\/a>\u00a0de cette ville, qu\u2019il qualifie d\u2019\u00abhorrible\u00bb, deviendra bient\u00f4t incontournable. Ce qui a d\u00e9clench\u00e9 cette nouvelle d\u00e9claration n\u2019est autre qu\u2019une agression survenue ce dimanche matin, dont a \u00e9t\u00e9 victime un membre \u00e9minent du D\u00e9partement de l\u2019efficacit\u00e9 gouvernementale (DOGE), \u00e0 moins de 3 kilom\u00e8tres de la Maison-Blanche.<\/p>\n<p class=\"fig-paragraph\">Ce lundi 5 ao\u00fbt, Donald Trump a publi\u00e9 sur Truth Social une photo d\u2019un jeune homme blond, torse nu, allong\u00e9 dans la rue en sang. Il d\u00e9nonce en l\u00e9gende les attaques al\u00e9atoires commises par des bandes de jeunes sur d\u2019\u00abinnocentes victimes\u00bb. S\u2019il ne pr\u00e9cise pas les circonstances de l\u2019incident, un rapport de police qui a \u00e9t\u00e9 rendu public, raconte que cet homme nomm\u00e9 Edward Coristine \u00e9tait en compagnie de sa compagne pr\u00e8s de sa voiture, lorsque dix jeunes se sont approch\u00e9s d\u2019eux. Le jeune homme aurait incit\u00e9 sa petite amie \u00e0 entrer dans le v\u00e9hicule, alors que le groupe commen\u00e7ait \u00e0 l\u2019encercler. Il aurait ensuite \u00e9t\u00e9 violemment attaqu\u00e9.<\/p>\n<p>                                    <a class=\"fig-a11y-skip a11y-hidden\" href=\"#fig-a11y-skip-main-inarticle\"><br \/>\n        Passer la publicit\u00e9<br \/>\n    <\/a><\/p>\n<p class=\"fig-paragraph\">Les autorit\u00e9s ont affirm\u00e9 que des policiers, en patrouille dans ce quartier de Logan Circle, ont interrompu l\u2019agression. Ils en ont profit\u00e9 pour arr\u00eater deux suspects mineurs de 15 ans, un gar\u00e7on et une fille, originaires du Maryland. Ces derniers ont \u00e9t\u00e9 inculp\u00e9s pour vol de voiture, non arm\u00e9. Les autres personnes impliqu\u00e9es sont toujours recherch\u00e9es par la police.<\/p>\n<p>Des liens \u00e9troits avec Elon Musk<\/p>\n<p class=\"fig-paragraph\">Selon plusieurs m\u00e9dias am\u00e9ricains, la victime, Edward Coristine est un ing\u00e9nieur logiciel de 19 ans, connu sous son surnom en ligne, \u00abBig Balls\u00bb, et, pendant un temps, membre du D\u00e9partement de l\u2019efficacit\u00e9 gouvernementale (DOGE). Il aurait notamment \u0153uvr\u00e9 au d\u00e9mant\u00e8lement de l\u2019<a href=\"http:\/\/www.lefigaro.fr\/flash-actu\/le-demantelement-d-usaid-est-l-une-des-pires-bourdes-de-politique-etrangere-americaine-selon-son-ancienne-cheffe-20250207\" target=\"_blank\" data-fig-type=\"NewsFlash\" rel=\"noopener nofollow\" data-gtm-custom-categorie=\"navigation\" data-gtm-custom-action=\"crossclick\" data-gtm-custom-label=\"Contextuel\" data-gtm-event=\"customEventSPE\" data-fig-domain=\"LEFIGARO\">agence am\u00e9ricaine de d\u00e9veloppement USAID<\/a>\u00a0en ce d\u00e9but d\u2019ann\u00e9e. Apr\u00e8s avoir exerc\u00e9 diverses fonctions au sein du gouvernement f\u00e9d\u00e9ral, le journal affirme que le jeune homme travaille d\u00e9sormais \u00e0 la S\u00e9curit\u00e9 sociale. Elon Musk a relat\u00e9 cette agression sur son compte X, affirmant que le jeune homme a \u00e9t\u00e9 \u00abs\u00e9v\u00e8rement battu au point de subir une commotion c\u00e9r\u00e9brale\u00bb. En mai dernier, Coristine \u00e9tait apparu \u00e0 ses c\u00f4t\u00e9s dans une \u00e9mission de Fox News, faisant intervenir plusieurs employ\u00e9s de DOGE.<\/p>\n<p class=\"fig-paragraph\">Malgr\u00e9 ses liens \u00e9troits avec le propri\u00e9taire de Tesla, ayant occup\u00e9 une place importante au sein du gouvernement Trump avant de\u00a0<a href=\"http:\/\/www.lefigaro.fr\/international\/les-grands-moments-d-elon-musk-pendant-ses-130-jours-au-doge-20250530\" data-fig-type=\"NewsFlash\" data-gtm-custom-categorie=\"navigation\" data-gtm-custom-action=\"crossclick\" data-gtm-custom-label=\"Contextuel\" data-gtm-event=\"customEventSPE\" data-fig-domain=\"LEFIGARO\" rel=\"nofollow noopener\" target=\"_blank\">claquer la porte<\/a>\u00a0avec un maigre bilan, Edward Coristine n\u2019aurait pas \u00e9t\u00e9 attaqu\u00e9 pour cette raison. Il n\u2019existe \u00e0 ce stade aucune preuve que le groupe connaissait ses fonctions. Toutefois, c\u2019est certainement en raison de sa relative notori\u00e9t\u00e9, que Donald Trump a r\u00e9agi, utilisant cet \u00e9v\u00e9nement pour d\u00e9noncer la d\u00e9linquance galopante dans la capitale am\u00e9ricaine. Selon lui, le taux de criminalit\u00e9 y est d\u00e9sormais \u00abhors de contr\u00f4le\u00bb, en grande partie caus\u00e9 par \u00abde jeunes locaux et des membres de gangs, de 14, 15 ou 16 ans pour certains\u00bb.<\/p>\n<p>\u00abIl est temps de f\u00e9d\u00e9raliser Washington DC\u00bb<\/p>\n<p class=\"fig-paragraph\">Le pr\u00e9sident am\u00e9ricain n\u2019a pas tard\u00e9 \u00e0 tirer des conclusions de cette affaire. \u00abSi DC ne se ressaisit pas rapidement, nous n\u2019aurons pas d\u2019autre choix que de prendre le contr\u00f4le f\u00e9d\u00e9ral de la ville\u00bb, a-t-il d\u00e9clar\u00e9 sur Truth Social. Elon Musk s\u2019est exprim\u00e9 dans le m\u00eame sens sur X. \u00abIl est temps de f\u00e9d\u00e9raliser Washington DC\u00bb, a-t-il \u00e9crit. Cette menace d\u2019une \u00abprise de contr\u00f4le\u00bb de la m\u00e9tropole est une antienne trumpiste. Il l\u2019avait \u00e9voqu\u00e9 d\u00e8s les premi\u00e8res semaines de son mandat et a m\u00eame d\u00e9j\u00e0 pris quelques mesures pour restreindre l\u2019autonomie de Washington. En mars dernier, le pr\u00e9sident a en effet sign\u00e9 un d\u00e9cret baptis\u00e9 \u00abDC Safe and Beautiful\u00bb (Pour rendre DC s\u00fbre et magnifique), visant \u00e0 renforcer l\u2019application de la loi f\u00e9d\u00e9rale \u00e0 Washington. De son c\u00f4t\u00e9, la maire d\u00e9mocrate de la capitale, Muriel E. Bowser subit des pressions de la part du gouvernement. Pour conserver son financement f\u00e9d\u00e9ral, la mairie a ordonn\u00e9 la d\u00e9molition d\u2019une place Black Lives Matter, peinte en hommage au meurtre de George Floyd en 2020.<\/p>\n<p class=\"fig-paragraph\">La capitale am\u00e9ricaine b\u00e9n\u00e9ficie d\u2019une autonomie fragile, que lui conf\u00e8re une loi de 1973. En vertu de cette loi sur l\u2019autonomie locale, la ville conserve son propre gouvernement local avec un maire et un conseil municipal. Toutefois, le Congr\u00e8s conserve l\u2019autorit\u00e9 supr\u00eame et peut annuler les lois locales. Il pourrait m\u00eame th\u00e9oriquement d\u00e9cider de l\u2019abrogation de cette autonomie de la ville, datant de 52 ans.<\/p>\n","protected":false},"excerpt":{"rendered":"L\u2019attaque d\u2019un jeune ing\u00e9nieur dimanche matin a pouss\u00e9 le pr\u00e9sident am\u00e9ricain \u00e0 renouveler sa menace de prise de&hellip;\n","protected":false},"author":2,"featured_media":302926,"comment_status":"","ping_status":"","sticky":false,"template":"","format":"standard","meta":{"footnotes":""},"categories":[5],"tags":[11,75,1011,27,14,12,2744,28],"class_list":{"0":"post-302925","1":"post","2":"type-post","3":"status-publish","4":"format-standard","5":"has-post-thumbnail","7":"category-international","8":"tag-actualites","9":"tag-donald-trump","10":"tag-fr","11":"tag-france","12":"tag-international","13":"tag-news","14":"tag-washington","15":"tag-world"},"share_on_mastodon":{"url":"https:\/\/pubeurope.com\/@fr\/114987915291325184","error":""},"_links":{"self":[{"href":"https:\/\/www.europesays.com\/fr\/wp-json\/wp\/v2\/posts\/302925","targetHints":{"allow":["GET"]}}],"collection":[{"href":"https:\/\/www.europesays.com\/fr\/wp-json\/wp\/v2\/posts"}],"about":[{"href":"https:\/\/www.europesays.com\/fr\/wp-json\/wp\/v2\/types\/post"}],"author":[{"embeddable":true,"href":"https:\/\/www.europesays.com\/fr\/wp-json\/wp\/v2\/users\/2"}],"replies":[{"embeddable":true,"href":"https:\/\/www.europesays.com\/fr\/wp-json\/wp\/v2\/comments?post=302925"}],"version-history":[{"count":0,"href":"https:\/\/www.europesays.com\/fr\/wp-json\/wp\/v2\/posts\/302925\/revisions"}],"wp:featuredmedia":[{"embeddable":true,"href":"https:\/\/www.europesays.com\/fr\/wp-json\/wp\/v2\/media\/302926"}],"wp:attachment":[{"href":"https:\/\/www.europesays.com\/fr\/wp-json\/wp\/v2\/media?parent=302925"}],"wp:term":[{"taxonomy":"category","embeddable":true,"href":"https:\/\/www.europesays.com\/fr\/wp-json\/wp\/v2\/categories?post=302925"},{"taxonomy":"post_tag","embeddable":true,"href":"https:\/\/www.europesays.com\/fr\/wp-json\/wp\/v2\/tags?post=302925"}],"curies":[{"name":"wp","href":"https:\/\/api.w.org\/{rel}","templated":true}]}}