{"id":302928,"date":"2025-08-07T14:19:11","date_gmt":"2025-08-07T14:19:11","guid":{"rendered":"https:\/\/www.europesays.com\/fr\/302928\/"},"modified":"2025-08-07T14:19:11","modified_gmt":"2025-08-07T14:19:11","slug":"trump-demande-la-demission-du-patron-du-geant-americain-intel","status":"publish","type":"post","link":"https:\/\/www.europesays.com\/fr\/302928\/","title":{"rendered":"Trump demande la d\u00e9mission du patron du g\u00e9ant am\u00e9ricain Intel"},"content":{"rendered":"<p>Le patron de l\u2019entreprise am\u00e9ricaine de semi-conducteurs et processeurs, nomm\u00e9 en mars dernier, a \u00e9t\u00e9 mis en cause hier par un s\u00e9nateur pour ses liens avec des entreprises chinoises.<\/p>\n<p class=\"fig-paragraph\">\u00abIl n\u2019y a pas d\u2019autre solution au probl\u00e8me\u00bb a tranch\u00e9 Donald Trump sur son compte Truth Social. Le pr\u00e9sident am\u00e9ricain a appel\u00e9 jeudi \u00e0 la d\u00e9mission \u00abimm\u00e9diate\u00bb du nouveau patron de<a href=\"http:\/\/www.lefigaro.fr\/flash-eco\/intel-resultats-moins-mauvais-qu-attendu-au-premier-trimestre-nouvelles-suppressions-de-postes-20250425\" data-fig-type=\"NewsFlash\" data-gtm-custom-categorie=\"navigation\" data-gtm-custom-action=\"crossclick\" data-gtm-custom-label=\"Contextuel\" data-gtm-event=\"customEventSPE\" data-fig-domain=\"LEFIGARO\" target=\"_blank\" rel=\"noopener\">\u00a0l&rsquo;entreprise am\u00e9ricaine de semi-conducteurs et processeurs Intel<\/a>, un jour apr\u00e8s qu&rsquo;un s\u00e9nateur r\u00e9publicain a soulev\u00e9 des inqui\u00e9tudes sur des liens avec des entreprises chinoises, un danger, selon lui, pour la s\u00e9curit\u00e9 nationale.<\/p>\n<p class=\"fig-paragraph\">\u00abLe directeur g\u00e9n\u00e9ral d&rsquo;Intel fait face \u00e0 un grave conflit d&rsquo;int\u00e9r\u00eats et doit d\u00e9missionner imm\u00e9diatement. Il n&rsquo;y a pas d&rsquo;autre solution \u00e0 ce probl\u00e8me\u00bb, a fustig\u00e9 le pr\u00e9sident am\u00e9ricain sur sa plateforme Truth Social, alors que Lip-Bu Tan a pris la t\u00eate d&rsquo;Intel mi-mars.<\/p>\n<p>                                    <a class=\"fig-a11y-skip a11y-hidden\" href=\"#fig-a11y-skip-main-inarticle\"><br \/>\n        Passer la publicit\u00e9<br \/>\n    <\/a><\/p>\n<p class=\"fig-paragraph\">Le s\u00e9nateur de l\u2019Arkansas (centre) Tom Cotton a adress\u00e9 mercredi un courrier au pr\u00e9sident du groupe, Frank Yeary, afin d\u2019exprimer son \u00abinqui\u00e9tude\u00bb concernant d\u2019\u00e9ventuels liens entre Lip-Bu Tan, qui a pris ses fonctions en mars dernier, et des entreprises qui \u00abont des liens avec le Parti communiste chinois et l\u2019Arm\u00e9e de lib\u00e9ration du peuple\u00bb. \u00abLip-Bu Tan contr\u00f4lerait des dizaines d\u2019entreprises chinoises et d\u00e9tient des parts dans des entreprises chinoises de semi-conducteurs et d\u2019industrie avanc\u00e9e\u00bb, a accus\u00e9 Tom Cotton dans sa lettre, \u00abau moins huit de ces entreprises auraient des liens avec l\u2019arm\u00e9e chinoise\u00bb. Le s\u00e9nateur am\u00e9ricain a \u00e9galement soulign\u00e9 que l\u2019ancienne entreprise du patron d\u2019Intel, Cadence Design Systems, avait \u00abplaid\u00e9 coupable pour avoir vendu ill\u00e9galement\u00bb des produits \u00ab\u00e0 l\u2019Universit\u00e9 de l\u2019arm\u00e9e chinoise et avoir transf\u00e9r\u00e9 sa technologie \u00e0 une entreprise chinoise sans avoir obtenu de licence\u00bb.<\/p>\n<p class=\"fig-paragraph\">Am\u00e9ricain n\u00e9 en Malaisie, Lip-Bu Tan, 65 ans, a commenc\u00e9 sa carri\u00e8re dans le nucl\u00e9aire avant de lancer son propre fonds d\u2019investissement, sp\u00e9cialis\u00e9 dans le num\u00e9rique, particuli\u00e8rement en Asie. Il a pris la t\u00eate du sp\u00e9cialiste des microprocesseurs et semi-conducteurs en mars dernier, alors que l\u2019entreprise, autrefois leader dans le domaine, n\u2019a pas su prendre \u00e0 temps le virage de l\u2019intelligence artificielle (IA), accusant d\u00e9sormais un retard certains sur ses concurrents tels que Nvidia. Intel a fini l\u2019ann\u00e9e 2024 avec des r\u00e9sultats meilleurs qu\u2019escompt\u00e9s, mais des perspectives jug\u00e9es trop faibles par le march\u00e9.<\/p>\n","protected":false},"excerpt":{"rendered":"Le patron de l\u2019entreprise am\u00e9ricaine de semi-conducteurs et processeurs, nomm\u00e9 en mars dernier, a \u00e9t\u00e9 mis en cause&hellip;\n","protected":false},"author":2,"featured_media":302929,"comment_status":"","ping_status":"","sticky":false,"template":"","format":"standard","meta":{"footnotes":""},"categories":[2],"tags":[11,75,1011,27,1874,12],"class_list":{"0":"post-302928","1":"post","2":"type-post","3":"status-publish","4":"format-standard","5":"has-post-thumbnail","7":"category-actualites","8":"tag-actualites","9":"tag-donald-trump","10":"tag-fr","11":"tag-france","12":"tag-intel","13":"tag-news"},"share_on_mastodon":{"url":"https:\/\/pubeurope.com\/@fr\/114987923061313149","error":""},"_links":{"self":[{"href":"https:\/\/www.europesays.com\/fr\/wp-json\/wp\/v2\/posts\/302928","targetHints":{"allow":["GET"]}}],"collection":[{"href":"https:\/\/www.europesays.com\/fr\/wp-json\/wp\/v2\/posts"}],"about":[{"href":"https:\/\/www.europesays.com\/fr\/wp-json\/wp\/v2\/types\/post"}],"author":[{"embeddable":true,"href":"https:\/\/www.europesays.com\/fr\/wp-json\/wp\/v2\/users\/2"}],"replies":[{"embeddable":true,"href":"https:\/\/www.europesays.com\/fr\/wp-json\/wp\/v2\/comments?post=302928"}],"version-history":[{"count":0,"href":"https:\/\/www.europesays.com\/fr\/wp-json\/wp\/v2\/posts\/302928\/revisions"}],"wp:featuredmedia":[{"embeddable":true,"href":"https:\/\/www.europesays.com\/fr\/wp-json\/wp\/v2\/media\/302929"}],"wp:attachment":[{"href":"https:\/\/www.europesays.com\/fr\/wp-json\/wp\/v2\/media?parent=302928"}],"wp:term":[{"taxonomy":"category","embeddable":true,"href":"https:\/\/www.europesays.com\/fr\/wp-json\/wp\/v2\/categories?post=302928"},{"taxonomy":"post_tag","embeddable":true,"href":"https:\/\/www.europesays.com\/fr\/wp-json\/wp\/v2\/tags?post=302928"}],"curies":[{"name":"wp","href":"https:\/\/api.w.org\/{rel}","templated":true}]}}