{"id":302932,"date":"2025-08-07T14:22:11","date_gmt":"2025-08-07T14:22:11","guid":{"rendered":"https:\/\/www.europesays.com\/fr\/302932\/"},"modified":"2025-08-07T14:22:11","modified_gmt":"2025-08-07T14:22:11","slug":"le-plein-dactivites-nautiques-sur-la-plage-des-deux-rives","status":"publish","type":"post","link":"https:\/\/www.europesays.com\/fr\/302932\/","title":{"rendered":"Le plein d\u2019activit\u00e9s nautiques sur la plage des Deux Rives"},"content":{"rendered":"<p>La plage des Deux Rives, partag\u00e9e entre Nancy et Tomblaine, de chaque c\u00f4t\u00e9 de la Meurthe, propose un important programme chaque semaine, avec de nombreuses activit\u00e9s nautiques. Les visiteurs peuvent, sur r\u00e9servation pour certains sports, pratiquer du surf urbain, s\u2019initier \u00e0 l\u2019aviron (photo), faire du cano\u00eb-kayak en eau calme ou s\u2019initier au paddle. Les mineurs doivent produire une attestation de natation.<\/p>\n<p class=\"note\">R\u00e9servations en ligne sur le site du Grand Nancy, www.grandnancy.eu<\/p>\n","protected":false},"excerpt":{"rendered":"La plage des Deux Rives, partag\u00e9e entre Nancy et Tomblaine, de chaque c\u00f4t\u00e9 de la Meurthe, propose un&hellip;\n","protected":false},"author":2,"featured_media":302933,"comment_status":"","ping_status":"","sticky":false,"template":"","format":"standard","meta":{"footnotes":""},"categories":[9635],"tags":[1111,11,1687,1704,1777,674,1011,27,775,11260,1702,12,25,11703],"class_list":{"0":"post-302932","1":"post","2":"type-post","3":"status-publish","4":"format-standard","5":"has-post-thumbnail","7":"category-nancy","8":"tag-actu","9":"tag-actualites","10":"tag-culture-loisirs","11":"tag-edition-nancy-et-agglomeration","12":"tag-eu","13":"tag-europe","14":"tag-fr","15":"tag-france","16":"tag-grand-est","17":"tag-metropole-du-grand-nancy-54b4","18":"tag-nancy","19":"tag-news","20":"tag-republique-francaise","21":"tag-tomblaine"},"share_on_mastodon":{"url":"https:\/\/pubeurope.com\/@fr\/114987935048342207","error":""},"_links":{"self":[{"href":"https:\/\/www.europesays.com\/fr\/wp-json\/wp\/v2\/posts\/302932","targetHints":{"allow":["GET"]}}],"collection":[{"href":"https:\/\/www.europesays.com\/fr\/wp-json\/wp\/v2\/posts"}],"about":[{"href":"https:\/\/www.europesays.com\/fr\/wp-json\/wp\/v2\/types\/post"}],"author":[{"embeddable":true,"href":"https:\/\/www.europesays.com\/fr\/wp-json\/wp\/v2\/users\/2"}],"replies":[{"embeddable":true,"href":"https:\/\/www.europesays.com\/fr\/wp-json\/wp\/v2\/comments?post=302932"}],"version-history":[{"count":0,"href":"https:\/\/www.europesays.com\/fr\/wp-json\/wp\/v2\/posts\/302932\/revisions"}],"wp:featuredmedia":[{"embeddable":true,"href":"https:\/\/www.europesays.com\/fr\/wp-json\/wp\/v2\/media\/302933"}],"wp:attachment":[{"href":"https:\/\/www.europesays.com\/fr\/wp-json\/wp\/v2\/media?parent=302932"}],"wp:term":[{"taxonomy":"category","embeddable":true,"href":"https:\/\/www.europesays.com\/fr\/wp-json\/wp\/v2\/categories?post=302932"},{"taxonomy":"post_tag","embeddable":true,"href":"https:\/\/www.europesays.com\/fr\/wp-json\/wp\/v2\/tags?post=302932"}],"curies":[{"name":"wp","href":"https:\/\/api.w.org\/{rel}","templated":true}]}}